{"id":7301,"date":"2017-08-07T10:48:43","date_gmt":"2017-08-07T13:48:43","guid":{"rendered":"https:\/\/crb1.org.br\/?p=1666"},"modified":"2017-08-07T10:48:43","modified_gmt":"2017-08-07T13:48:43","slug":"feira-literaria-de-bonito-vai-homenagear-grandes-escritoras-brasileiras-e-de-ms","status":"publish","type":"post","link":"https:\/\/crb1.org.br\/site\/2017\/08\/feira-literaria-de-bonito-vai-homenagear-grandes-escritoras-brasileiras-e-de-ms\/","title":{"rendered":"Feira Liter\u00e1ria de Bonito vai homenagear grandes escritoras brasileiras e de MS"},"content":{"rendered":"<div class=\"container_16 titleNoticiaArea\">\n<section class=\"grid_12 prefix_2 suffix_2\">\n<p class=\"subtitleNoticia\" style=\"text-align: center;\"><em>Flib ser\u00e1 realizada de 16 a 19 de agosto com atividades na pra\u00e7a da Liberdade e outro pontos da cidade<\/em><\/p>\n<div class=\"clear\">A 3\u00aa edi\u00e7\u00e3o da Feira Liter\u00e1ria de Bonito (Flib) vai homenagear mulheres de personalidade, que marcaram a hist\u00f3ria do Brasil e do Mato Grosso do Sul. Com apoio do Governo do Estado, por meio da Funda\u00e7\u00e3o de Turismo, a feira ser\u00e1 realizada de 16 a 19 de agosto pela Associa\u00e7\u00e3o Art\u00edstica Cultural Palco de Artes Ci\u00eancias, Esporte, Lazer e Promo\u00e7\u00e3o Social.<\/div>\n<div class=\"clear\">A primeira edi\u00e7\u00e3o do evento, em 2015, reuniu 15 mil pessoas e, no ano passado, o sucesso da Flib se expandiu atraindo cerca de 60 participantes, entre escritores, artistas e jornalistas. Foram mais de 40 horas de atra\u00e7\u00f5es culturais, que envolveram moradores e visitantes.<\/div>\n<div class=\"clear\">Em 2017, o evento vai homenagear duas figuras que tiveram papeis fundamentais na arte e cultura. Considerada uma das escritoras brasileiras mais importantes do s\u00e9culo XX, Clarice Lispector, e o \u00edcone da educa\u00e7\u00e3o e da cultura do Estado, Maria da Gl\u00f3ria S\u00e1 Rosa, ter\u00e3o seus romances, contos, ensaios e cr\u00f4nicas revisitados e apresentados de diferentes formas, para cativar um p\u00fablico bastante exigente, bem como as crian\u00e7as e adolescentes das escolas do munic\u00edpio.<\/div>\n<div class=\"clear\">Entre outros autores convidados devem participar do evento Marina Colasanti, Jo\u00e3o Paulo Cuenca, Carlos Herculano, Afonso Borges e Jo\u00e3o Anzanello Corrascoza. Durante os quatro dias da Flib ser\u00e3o realizadas diversas oficinas de cria\u00e7\u00e3o e educa\u00e7\u00e3o, mesas de discuss\u00e3o e palestras, al\u00e9m de uma programa\u00e7\u00e3o voltada para o p\u00fablico infantil, com conta\u00e7\u00e3o de hist\u00f3rias, que j\u00e1 virou marca registrada da Feira e teatro de bonecos. Haver\u00e1 ainda, lan\u00e7amento de livros e sess\u00e3o de aut\u00f3grafos com autores nacionais e locais.<\/div>\n<\/section>\n<\/div>\n","protected":false},"excerpt":{"rendered":"<p>Flib ser\u00e1 realizada de 16 a 19 de agosto com atividades na pra\u00e7a da Liberdade e outro pontos da cidade A 3\u00aa edi\u00e7\u00e3o da Feira Liter\u00e1ria de Bonito (Flib) vai homenagear mulheres de personalidade, que marcaram a hist\u00f3ria do Brasil e do Mato Grosso do Sul. Com apoio do Governo do Estado, por meio da [&hellip;]<\/p>\n","protected":false},"author":1,"featured_media":0,"comment_status":"open","ping_status":"open","sticky":false,"template":"","format":"standard","meta":{"site-sidebar-layout":"default","site-content-layout":"","ast-site-content-layout":"default","site-content-style":"default","site-sidebar-style":"default","ast-global-header-display":"","ast-banner-title-visibility":"","ast-main-header-display":"","ast-hfb-above-header-display":"","ast-hfb-below-header-display":"","ast-hfb-mobile-header-display":"","site-post-title":"","ast-breadcrumbs-content":"","ast-featured-img":"","footer-sml-layout":"","ast-disable-related-posts":"","theme-transparent-header-meta":"","adv-header-id-meta":"","stick-header-meta":"","header-above-stick-meta":"","header-main-stick-meta":"","header-below-stick-meta":"","astra-migrate-meta-layouts":"default","ast-page-background-enabled":"default","ast-page-background-meta":{"desktop":{"background-color":"","background-image":"","background-repeat":"repeat","background-position":"center center","background-size":"auto","background-attachment":"scroll","background-type":"","background-media":"","overlay-type":"","overlay-color":"","overlay-opacity":"","overlay-gradient":""},"tablet":{"background-color":"","background-image":"","background-repeat":"repeat","background-position":"center center","background-size":"auto","background-attachment":"scroll","background-type":"","background-media":"","overlay-type":"","overlay-color":"","overlay-opacity":"","overlay-gradient":""},"mobile":{"background-color":"","background-image":"","background-repeat":"repeat","background-position":"center center","background-size":"auto","background-attachment":"scroll","background-type":"","background-media":"","overlay-type":"","overlay-color":"","overlay-opacity":"","overlay-gradient":""}},"ast-content-background-meta":{"desktop":{"background-color":"var(--ast-global-color-5)","background-image":"","background-repeat":"repeat","background-position":"center center","background-size":"auto","background-attachment":"scroll","background-type":"","background-media":"","overlay-type":"","overlay-color":"","overlay-opacity":"","overlay-gradient":""},"tablet":{"background-color":"var(--ast-global-color-5)","background-image":"","background-repeat":"repeat","background-position":"center center","background-size":"auto","background-attachment":"scroll","background-type":"","background-media":"","overlay-type":"","overlay-color":"","overlay-opacity":"","overlay-gradient":""},"mobile":{"background-color":"var(--ast-global-color-5)","background-image":"","background-repeat":"repeat","background-position":"center center","background-size":"auto","background-attachment":"scroll","background-type":"","background-media":"","overlay-type":"","overlay-color":"","overlay-opacity":"","overlay-gradient":""}},"footnotes":""},"categories":[24],"tags":[27,293,294,145,184],"class_list":["post-7301","post","type-post","status-publish","format-standard","hentry","category-evento","tag-biblioteca","tag-escritoras-brasileiras","tag-feira-literaria","tag-livros","tag-ms"],"_links":{"self":[{"href":"https:\/\/crb1.org.br\/site\/wp-json\/wp\/v2\/posts\/7301","targetHints":{"allow":["GET"]}}],"collection":[{"href":"https:\/\/crb1.org.br\/site\/wp-json\/wp\/v2\/posts"}],"about":[{"href":"https:\/\/crb1.org.br\/site\/wp-json\/wp\/v2\/types\/post"}],"author":[{"embeddable":true,"href":"https:\/\/crb1.org.br\/site\/wp-json\/wp\/v2\/users\/1"}],"replies":[{"embeddable":true,"href":"https:\/\/crb1.org.br\/site\/wp-json\/wp\/v2\/comments?post=7301"}],"version-history":[{"count":0,"href":"https:\/\/crb1.org.br\/site\/wp-json\/wp\/v2\/posts\/7301\/revisions"}],"wp:attachment":[{"href":"https:\/\/crb1.org.br\/site\/wp-json\/wp\/v2\/media?parent=7301"}],"wp:term":[{"taxonomy":"category","embeddable":true,"href":"https:\/\/crb1.org.br\/site\/wp-json\/wp\/v2\/categories?post=7301"},{"taxonomy":"post_tag","embeddable":true,"href":"https:\/\/crb1.org.br\/site\/wp-json\/wp\/v2\/tags?post=7301"}],"curies":[{"name":"wp","href":"https:\/\/api.w.org\/{rel}","templated":true}]}}