{"id":7340,"date":"2018-01-02T13:30:46","date_gmt":"2018-01-02T15:30:46","guid":{"rendered":"https:\/\/crb1.org.br\/?p=1853"},"modified":"2018-01-02T13:30:46","modified_gmt":"2018-01-02T15:30:46","slug":"cfb-encaminhou-oficio-solicitando-a-inclusao-do-bibliotecario-em-projeto-de-lei","status":"publish","type":"post","link":"https:\/\/crb1.org.br\/site\/2018\/01\/cfb-encaminhou-oficio-solicitando-a-inclusao-do-bibliotecario-em-projeto-de-lei\/","title":{"rendered":"CFB encaminhou of\u00edcio solicitando a inclus\u00e3o do bibliotec\u00e1rio em Projeto de Lei"},"content":{"rendered":"<p style=\"text-align: center;\"><em>O PL trata sobre a Pol\u00edtica Nacional do Livro e <\/em>altera a Lei n\u00ba 10.753\/2003<\/p>\n<p>O Conselho Federal de Biblioteconomia (CFB) encerrou suas atividades do ano de 2017 encaminhando ao Deputado Federal &#8211; Rafael Mota (PSB\/RN) &#8211; um of\u00edcio solicitando a inclus\u00e3o do profissional bibliotec\u00e1rio no Projeto de Lei (PL) n\u00ba 9.257\/17.<br \/>\nO CFB a fim de complementar e aperfei\u00e7oar a proposta sugeriu a inclus\u00e3o do profissional bibliotec\u00e1rio no Projeto, j\u00e1 que a atua\u00e7\u00e3o deste, al\u00e9m da media\u00e7\u00e3o da leitura, envolve um conjunto de a\u00e7\u00f5es t\u00e9cnicas de alcance social e pol\u00edtico que viabilizam o uso e\/ou manuseio do livro e, tamb\u00e9m, a apropria\u00e7\u00e3o do seu conte\u00fado pelos leitores.<br \/>\nNo documento foi destacado que o bibliotec\u00e1rio, por excel\u00eancia, \u00e9 o profissional da media\u00e7\u00e3o, seja ela impl\u00edcita e\/ou expl\u00edcita. N\u00e3o por acaso, o Estado brasileiro regulamentou a profiss\u00e3o dispondo sobre as compet\u00eancias exclusivas dos portadores de diploma de bacharel em Biblioteconomia \u2013 em Leis e Decreto.<br \/>\nNa vis\u00e3o do Conselho Federal e dos Regionais de Biblioteconomia \u00e9 inconceb\u00edvel a exist\u00eancia de uma Pol\u00edtica Nacional do Livro sem que em seus dispositivos esteja prevista a atua\u00e7\u00e3o t\u00e9cnica, sociocultural e pol\u00edtica do Bibliotec\u00e1rio. Sendo ele um dos protagonistas das a\u00e7\u00f5es que ser\u00e3o desenvolvidas em defesa do livro e em prol da cultura, da educa\u00e7\u00e3o, da informa\u00e7\u00e3o e da cidadania.<\/p>\n<p style=\"text-align: right;\">Ascom CRB-1<\/p>\n","protected":false},"excerpt":{"rendered":"<p>O PL trata sobre a Pol\u00edtica Nacional do Livro e altera a Lei n\u00ba 10.753\/2003 O Conselho Federal de Biblioteconomia (CFB) encerrou suas atividades do ano de 2017 encaminhando ao Deputado Federal &#8211; Rafael Mota (PSB\/RN) &#8211; um of\u00edcio solicitando a inclus\u00e3o do profissional bibliotec\u00e1rio no Projeto de Lei (PL) n\u00ba 9.257\/17. O CFB a [&hellip;]<\/p>\n","protected":false},"author":1,"featured_media":0,"comment_status":"open","ping_status":"open","sticky":false,"template":"","format":"standard","meta":{"site-sidebar-layout":"default","site-content-layout":"","ast-site-content-layout":"default","site-content-style":"default","site-sidebar-style":"default","ast-global-header-display":"","ast-banner-title-visibility":"","ast-main-header-display":"","ast-hfb-above-header-display":"","ast-hfb-below-header-display":"","ast-hfb-mobile-header-display":"","site-post-title":"","ast-breadcrumbs-content":"","ast-featured-img":"","footer-sml-layout":"","ast-disable-related-posts":"","theme-transparent-header-meta":"","adv-header-id-meta":"","stick-header-meta":"","header-above-stick-meta":"","header-main-stick-meta":"","header-below-stick-meta":"","astra-migrate-meta-layouts":"default","ast-page-background-enabled":"default","ast-page-background-meta":{"desktop":{"background-color":"","background-image":"","background-repeat":"repeat","background-position":"center center","background-size":"auto","background-attachment":"scroll","background-type":"","background-media":"","overlay-type":"","overlay-color":"","overlay-opacity":"","overlay-gradient":""},"tablet":{"background-color":"","background-image":"","background-repeat":"repeat","background-position":"center center","background-size":"auto","background-attachment":"scroll","background-type":"","background-media":"","overlay-type":"","overlay-color":"","overlay-opacity":"","overlay-gradient":""},"mobile":{"background-color":"","background-image":"","background-repeat":"repeat","background-position":"center center","background-size":"auto","background-attachment":"scroll","background-type":"","background-media":"","overlay-type":"","overlay-color":"","overlay-opacity":"","overlay-gradient":""}},"ast-content-background-meta":{"desktop":{"background-color":"var(--ast-global-color-5)","background-image":"","background-repeat":"repeat","background-position":"center center","background-size":"auto","background-attachment":"scroll","background-type":"","background-media":"","overlay-type":"","overlay-color":"","overlay-opacity":"","overlay-gradient":""},"tablet":{"background-color":"var(--ast-global-color-5)","background-image":"","background-repeat":"repeat","background-position":"center center","background-size":"auto","background-attachment":"scroll","background-type":"","background-media":"","overlay-type":"","overlay-color":"","overlay-opacity":"","overlay-gradient":""},"mobile":{"background-color":"var(--ast-global-color-5)","background-image":"","background-repeat":"repeat","background-position":"center center","background-size":"auto","background-attachment":"scroll","background-type":"","background-media":"","overlay-type":"","overlay-color":"","overlay-opacity":"","overlay-gradient":""}},"footnotes":""},"categories":[1],"tags":[58,362,75,138,80,363,364,365],"class_list":["post-7340","post","type-post","status-publish","format-standard","hentry","category-noticias","tag-bibliotecario","tag-bilbioteca","tag-cfb","tag-crb","tag-livro","tag-pl","tag-pnl","tag-projeto-de-lei"],"_links":{"self":[{"href":"https:\/\/crb1.org.br\/site\/wp-json\/wp\/v2\/posts\/7340","targetHints":{"allow":["GET"]}}],"collection":[{"href":"https:\/\/crb1.org.br\/site\/wp-json\/wp\/v2\/posts"}],"about":[{"href":"https:\/\/crb1.org.br\/site\/wp-json\/wp\/v2\/types\/post"}],"author":[{"embeddable":true,"href":"https:\/\/crb1.org.br\/site\/wp-json\/wp\/v2\/users\/1"}],"replies":[{"embeddable":true,"href":"https:\/\/crb1.org.br\/site\/wp-json\/wp\/v2\/comments?post=7340"}],"version-history":[{"count":0,"href":"https:\/\/crb1.org.br\/site\/wp-json\/wp\/v2\/posts\/7340\/revisions"}],"wp:attachment":[{"href":"https:\/\/crb1.org.br\/site\/wp-json\/wp\/v2\/media?parent=7340"}],"wp:term":[{"taxonomy":"category","embeddable":true,"href":"https:\/\/crb1.org.br\/site\/wp-json\/wp\/v2\/categories?post=7340"},{"taxonomy":"post_tag","embeddable":true,"href":"https:\/\/crb1.org.br\/site\/wp-json\/wp\/v2\/tags?post=7340"}],"curies":[{"name":"wp","href":"https:\/\/api.w.org\/{rel}","templated":true}]}}