{"id":7351,"date":"2018-01-25T16:21:05","date_gmt":"2018-01-25T18:21:05","guid":{"rendered":"https:\/\/crb1.org.br\/?p=1917"},"modified":"2018-01-25T16:21:05","modified_gmt":"2018-01-25T18:21:05","slug":"presidente-do-crb-1-prestigiou-a-solenidade-de-posse-na-abdf","status":"publish","type":"post","link":"https:\/\/crb1.org.br\/site\/2018\/01\/presidente-do-crb-1-prestigiou-a-solenidade-de-posse-na-abdf\/","title":{"rendered":"Presidente do CRB-1 prestigiou a solenidade de posse na ABDF"},"content":{"rendered":"<p style=\"text-align: center;\"><em><img fetchpriority=\"high\" decoding=\"async\" class=\" alignleft\" src=\"http:\/\/www.abdf.org.br\/images\/Diretoria_2018-2020\/Posse_diretoria\/foto_2.JPG\" alt=\"\" width=\"191\" height=\"340\" \/>Nova diretoria assume o tri\u00eanio 2018-2020<\/em><\/p>\n<p>No dia 16 de janeiro, o Presidente do Conselho Regional de Biblioteconomia da Primeira Regi\u00e3o (CRB-1) &#8211; F\u00e1bio Cordeiro &#8211; participou da sess\u00e3o solene de posse da nova diretoria da Associa\u00e7\u00e3o de Bibliotec\u00e1rios do Distrito Federal (ABDF), eleita para o tri\u00eanio de 2018-2020.<br \/>\nAl\u00e9m do presidente estiveram presentes 26 pessoas na sede da Entidade participando do evento, incluindo associados, membros da gest\u00e3o atual e, tamb\u00e9m, anteriores.<br \/>\nEx-presidentes e ex-diretores foram homenageados na ocasi\u00e3o por suas participa\u00e7\u00f5es importantes na forma\u00e7\u00e3o e consolida\u00e7\u00e3o da entidade, tais como: An\u00edbal Coelho e Iza Antunes e a ex-secret\u00e1ria Mirian Ribeiro que trabalhou por 25 anos na Associa\u00e7\u00e3o. O momento foi de muita alegria e confraterniza\u00e7\u00e3o.<br \/>\nNa ocasi\u00e3o foi dada a boas-vindas aos novos associados. A nova diretoria, o longo do pr\u00f3ximo tri\u00eanio, espera receber muitos novos s\u00f3cios, atrav\u00e9s de uma gest\u00e3o participativa e de avan\u00e7os para a classe bibliotec\u00e1ria.<\/p>\n<p style=\"text-align: right;\">Lyzy Rayla\/Ascom CRB-1 &#8211; (Foto &#8211; ABDF)<\/p>\n","protected":false},"excerpt":{"rendered":"<p>Nova diretoria assume o tri\u00eanio 2018-2020 No dia 16 de janeiro, o Presidente do Conselho Regional de Biblioteconomia da Primeira Regi\u00e3o (CRB-1) &#8211; F\u00e1bio Cordeiro &#8211; participou da sess\u00e3o solene de posse da nova diretoria da Associa\u00e7\u00e3o de Bibliotec\u00e1rios do Distrito Federal (ABDF), eleita para o tri\u00eanio de 2018-2020. Al\u00e9m do presidente estiveram presentes 26 [&hellip;]<\/p>\n","protected":false},"author":1,"featured_media":0,"comment_status":"open","ping_status":"open","sticky":false,"template":"","format":"standard","meta":{"site-sidebar-layout":"default","site-content-layout":"","ast-site-content-layout":"default","site-content-style":"default","site-sidebar-style":"default","ast-global-header-display":"","ast-banner-title-visibility":"","ast-main-header-display":"","ast-hfb-above-header-display":"","ast-hfb-below-header-display":"","ast-hfb-mobile-header-display":"","site-post-title":"","ast-breadcrumbs-content":"","ast-featured-img":"","footer-sml-layout":"","ast-disable-related-posts":"","theme-transparent-header-meta":"","adv-header-id-meta":"","stick-header-meta":"","header-above-stick-meta":"","header-main-stick-meta":"","header-below-stick-meta":"","astra-migrate-meta-layouts":"default","ast-page-background-enabled":"default","ast-page-background-meta":{"desktop":{"background-color":"","background-image":"","background-repeat":"repeat","background-position":"center center","background-size":"auto","background-attachment":"scroll","background-type":"","background-media":"","overlay-type":"","overlay-color":"","overlay-opacity":"","overlay-gradient":""},"tablet":{"background-color":"","background-image":"","background-repeat":"repeat","background-position":"center center","background-size":"auto","background-attachment":"scroll","background-type":"","background-media":"","overlay-type":"","overlay-color":"","overlay-opacity":"","overlay-gradient":""},"mobile":{"background-color":"","background-image":"","background-repeat":"repeat","background-position":"center center","background-size":"auto","background-attachment":"scroll","background-type":"","background-media":"","overlay-type":"","overlay-color":"","overlay-opacity":"","overlay-gradient":""}},"ast-content-background-meta":{"desktop":{"background-color":"var(--ast-global-color-5)","background-image":"","background-repeat":"repeat","background-position":"center center","background-size":"auto","background-attachment":"scroll","background-type":"","background-media":"","overlay-type":"","overlay-color":"","overlay-opacity":"","overlay-gradient":""},"tablet":{"background-color":"var(--ast-global-color-5)","background-image":"","background-repeat":"repeat","background-position":"center center","background-size":"auto","background-attachment":"scroll","background-type":"","background-media":"","overlay-type":"","overlay-color":"","overlay-opacity":"","overlay-gradient":""},"mobile":{"background-color":"var(--ast-global-color-5)","background-image":"","background-repeat":"repeat","background-position":"center center","background-size":"auto","background-attachment":"scroll","background-type":"","background-media":"","overlay-type":"","overlay-color":"","overlay-opacity":"","overlay-gradient":""}},"footnotes":""},"categories":[1],"tags":[383,105,369,370],"class_list":["post-7351","post","type-post","status-publish","format-standard","hentry","category-noticias","tag-abdf","tag-crb-1","tag-posse","tag-solenidade"],"_links":{"self":[{"href":"https:\/\/crb1.org.br\/site\/wp-json\/wp\/v2\/posts\/7351","targetHints":{"allow":["GET"]}}],"collection":[{"href":"https:\/\/crb1.org.br\/site\/wp-json\/wp\/v2\/posts"}],"about":[{"href":"https:\/\/crb1.org.br\/site\/wp-json\/wp\/v2\/types\/post"}],"author":[{"embeddable":true,"href":"https:\/\/crb1.org.br\/site\/wp-json\/wp\/v2\/users\/1"}],"replies":[{"embeddable":true,"href":"https:\/\/crb1.org.br\/site\/wp-json\/wp\/v2\/comments?post=7351"}],"version-history":[{"count":0,"href":"https:\/\/crb1.org.br\/site\/wp-json\/wp\/v2\/posts\/7351\/revisions"}],"wp:attachment":[{"href":"https:\/\/crb1.org.br\/site\/wp-json\/wp\/v2\/media?parent=7351"}],"wp:term":[{"taxonomy":"category","embeddable":true,"href":"https:\/\/crb1.org.br\/site\/wp-json\/wp\/v2\/categories?post=7351"},{"taxonomy":"post_tag","embeddable":true,"href":"https:\/\/crb1.org.br\/site\/wp-json\/wp\/v2\/tags?post=7351"}],"curies":[{"name":"wp","href":"https:\/\/api.w.org\/{rel}","templated":true}]}}