{"id":7359,"date":"2018-02-15T11:39:53","date_gmt":"2018-02-15T13:39:53","guid":{"rendered":"https:\/\/crb1.org.br\/?p=1978"},"modified":"2018-02-15T11:39:53","modified_gmt":"2018-02-15T13:39:53","slug":"aberto-o-processo-para-a-escolha-do-novo-diretor-do-ibict","status":"publish","type":"post","link":"https:\/\/crb1.org.br\/site\/2018\/02\/aberto-o-processo-para-a-escolha-do-novo-diretor-do-ibict\/","title":{"rendered":"Aberto o processo para a escolha do novo Diretor do IBICT"},"content":{"rendered":"<p style=\"text-align: center;\"><em>Doutores, brasileiros natos ou naturalizados podem se inscrever at\u00e9 o dia 21 de mar\u00e7o<\/em><\/p>\n<p style=\"text-align: center;\"><img decoding=\"async\" class=\"wp-image-1979 alignleft\" src=\"https:\/\/novocrb1.ultramidia.com.br\/wp-content\/uploads\/2018\/02\/ibict.jpg.jpeg\" alt=\"ibict-jpg\" width=\"262\" height=\"138\" \/><\/p>\n<p>O Minist\u00e9rio da Ci\u00eancia, Tecnologia, Inova\u00e7\u00f5es e Comunica\u00e7\u00f5es (MCTIC) comunicou a abertura de processo de escolha de um novo Diretor para o Instituto Brasileiro de Informa\u00e7\u00e3o em Ci\u00eancia e Tecnologia (IBICT), a ser realizado por um comit\u00ea de especialistas, nomeado pelo Senhor Ministro, Gilberto Kassab.<br \/>\nA escolha do novo Diretor ter\u00e1 origem numa lista tr\u00edplice encaminhada ao Ministro de Estado da Ci\u00eancia, Tecnologia, Inova\u00e7\u00f5es e Comunica\u00e7\u00f5es pelo comit\u00ea de especialistas (Comit\u00ea de Busca), que busca identificar, nas comunidades cient\u00edfica, tecnol\u00f3gica e empresarial, interessados dispostos a conduzir a Institui\u00e7\u00e3o dentro das diretrizes estabelecidas na sua Miss\u00e3o e se mostrem credenciados para exercer o cargo com compet\u00eancia e dedica\u00e7\u00e3o.<br \/>\nPodem se inscrever para o cargo quaisquer cidad\u00e3os, brasileiros natos ou naturalizados, com not\u00f3rio conhecimento e experi\u00eancia profissional compat\u00edvel com a miss\u00e3o do IBICT, portadores de diploma de doutorado e que atendam aos seguintes requisitos b\u00e1sicos:<\/p>\n<ul>\n<li>compet\u00eancia profissional reconhecida para o exerc\u00edcio do cargo;<\/li>\n<li>visibilidade junto \u00e0 comunidade cient\u00edfica e tecnol\u00f3gica;<\/li>\n<li>experi\u00eancia administrativa e capacidade de promover a agrega\u00e7\u00e3o entre os servidores do IBICT, levando-se em considera\u00e7\u00e3o a diversidade de \u00e1reas de atua\u00e7\u00e3o da institui\u00e7\u00e3o;<\/li>\n<li>vis\u00e3o de futuro para o IBICT e empenho no desenvolvimento integrado cient\u00edfico e tecnol\u00f3gico do Pa\u00eds e na participa\u00e7\u00e3o da institui\u00e7\u00e3o no cen\u00e1rio nacional e internacional;<\/li>\n<li>capacidade para tratar de quest\u00f5es cient\u00edficas, administrativas, pol\u00edticas e de vis\u00e3o estrat\u00e9gica relacionadas com o IBICT;<\/li>\n<li>capacidade de interagir com o setor produtivo para a contrata\u00e7\u00e3o de projetos de pesquisa, desenvolvimento e inova\u00e7\u00e3o tecnol\u00f3gica;<\/li>\n<li>experi\u00eancia em coopera\u00e7\u00e3o nacional e internacional;<\/li>\n<li>capacidade e disposi\u00e7\u00e3o de colaborar com institui\u00e7\u00f5es de outros pa\u00edses com independ\u00eancia intelectual e preservando o interesse nacional;<\/li>\n<li>entendimento e comprometimento com a execu\u00e7\u00e3o do Plano Diretor do IBICT e com a Estrat\u00e9gia Nacional de Ci\u00eancia, Tecnologia e Inova\u00e7\u00e3o &#8211; 2016-2022 (ENCTI), dispon\u00edvel no s\u00edtio do MCTIC (<a href=\"http:\/\/www.mctic.gov.br\">mctic.gov.br<\/a>).<\/li>\n<\/ul>\n<p>O processo de sele\u00e7\u00e3o \u00e9 composto por an\u00e1lise dos curr\u00edculos, documentos e proposta dos interessados, exposi\u00e7\u00e3o oral p\u00fablica das propostas e entrevista individual perante o Comit\u00ea de Busca. Para inscri\u00e7\u00e3o, devem ser enviados at\u00e9 21 de mar\u00e7o de 2018, ao Presidente do Comit\u00ea de Busca, no endere\u00e7o abaixo enunciado, os seguintes documentos, em papel e via eletr\u00f4nica:<\/p>\n<ul>\n<li>carta solicitando inscri\u00e7\u00e3o da candidatura;<\/li>\n<li>Curr\u00edculo Lattes atualizado; e<\/li>\n<li>Texto de at\u00e9 cinco p\u00e1ginas, descrevendo sua vis\u00e3o de futuro para o IBICT e seu projeto de gest\u00e3o, alinhado ao Plano Diretor do IBICT 2018-2022, dispon\u00edvel no s\u00edtio da referida unidade de pesquisa (<a href=\"http:\/\/www.ibict.br\">http:\/\/www.ibict.br<\/a>).<\/li>\n<\/ul>\n<p>Para inscri\u00e7\u00e3o, devem ser enviados at\u00e9 21 de mar\u00e7o de 2018, ao Presidente do Comit\u00ea de Busca, no endere\u00e7o abaixo enunciado, os seguintes documentos, em papel e via eletr\u00f4nica: a) carta solicitando inscri\u00e7\u00e3o da candidatura; b) Curr\u00edculo Lattes atualizado; e c) Texto de at\u00e9 cinco p\u00e1ginas, descrevendo sua vis\u00e3o de futuro para o IBICT e seu projeto de gest\u00e3o, alinhado ao Plano Diretor do IBICT 2018-2022, dispon\u00edvel no s\u00edtio da referida unidade de pesquisa (http:\/\/www.ibict.br).<br \/>\nDr. LUIZ BEVILACQUA &#8211; Presidente do Comit\u00ea de Busca para o IBICT IEA\/USP Cidade Universit\u00e1ria &#8211; R. da Pra\u00e7a do Rel\u00f3gio, 109 Butant\u00e3, S\u00e3o Paulo &#8211; SP, CEP 05508-050 E-mail: bevilacqua@coc.ufrj.br.<br \/>\nMaiores informa\u00e7\u00f5es poder\u00e3o ser solicitadas \u00e0 Diretoria de Gest\u00e3o das Unidades de Pesquisa e Organiza\u00e7\u00f5es Sociais do MCTIC, por meio do endere\u00e7o eletr\u00f4nico dpo@mctic.gov.br, ou pelo telefone (61) 2033-8114.<br \/>\nAnexo<br \/>\n<a href=\"http:\/\/pesquisa.in.gov.br\/imprensa\/jsp\/visualiza\/index.jsp?jornal=530&amp;pagina=5&amp;data=14\/02\/2018\" target=\"_blank\" rel=\"noopener\">Di\u00e1rio oficial &#8211; Se\u00e7\u00e3o 3 pg 5<\/a><\/p>\n<p style=\"text-align: right;\">Ascom CRB-1<\/p>\n","protected":false},"excerpt":{"rendered":"<p>Doutores, brasileiros natos ou naturalizados podem se inscrever at\u00e9 o dia 21 de mar\u00e7o O Minist\u00e9rio da Ci\u00eancia, Tecnologia, Inova\u00e7\u00f5es e Comunica\u00e7\u00f5es (MCTIC) comunicou a abertura de processo de escolha de um novo Diretor para o Instituto Brasileiro de Informa\u00e7\u00e3o em Ci\u00eancia e Tecnologia (IBICT), a ser realizado por um comit\u00ea de especialistas, nomeado pelo [&hellip;]<\/p>\n","protected":false},"author":1,"featured_media":0,"comment_status":"open","ping_status":"open","sticky":false,"template":"","format":"standard","meta":{"site-sidebar-layout":"default","site-content-layout":"","ast-site-content-layout":"default","site-content-style":"default","site-sidebar-style":"default","ast-global-header-display":"","ast-banner-title-visibility":"","ast-main-header-display":"","ast-hfb-above-header-display":"","ast-hfb-below-header-display":"","ast-hfb-mobile-header-display":"","site-post-title":"","ast-breadcrumbs-content":"","ast-featured-img":"","footer-sml-layout":"","ast-disable-related-posts":"","theme-transparent-header-meta":"","adv-header-id-meta":"","stick-header-meta":"","header-above-stick-meta":"","header-main-stick-meta":"","header-below-stick-meta":"","astra-migrate-meta-layouts":"default","ast-page-background-enabled":"default","ast-page-background-meta":{"desktop":{"background-color":"","background-image":"","background-repeat":"repeat","background-position":"center center","background-size":"auto","background-attachment":"scroll","background-type":"","background-media":"","overlay-type":"","overlay-color":"","overlay-opacity":"","overlay-gradient":""},"tablet":{"background-color":"","background-image":"","background-repeat":"repeat","background-position":"center center","background-size":"auto","background-attachment":"scroll","background-type":"","background-media":"","overlay-type":"","overlay-color":"","overlay-opacity":"","overlay-gradient":""},"mobile":{"background-color":"","background-image":"","background-repeat":"repeat","background-position":"center center","background-size":"auto","background-attachment":"scroll","background-type":"","background-media":"","overlay-type":"","overlay-color":"","overlay-opacity":"","overlay-gradient":""}},"ast-content-background-meta":{"desktop":{"background-color":"var(--ast-global-color-5)","background-image":"","background-repeat":"repeat","background-position":"center center","background-size":"auto","background-attachment":"scroll","background-type":"","background-media":"","overlay-type":"","overlay-color":"","overlay-opacity":"","overlay-gradient":""},"tablet":{"background-color":"var(--ast-global-color-5)","background-image":"","background-repeat":"repeat","background-position":"center center","background-size":"auto","background-attachment":"scroll","background-type":"","background-media":"","overlay-type":"","overlay-color":"","overlay-opacity":"","overlay-gradient":""},"mobile":{"background-color":"var(--ast-global-color-5)","background-image":"","background-repeat":"repeat","background-position":"center center","background-size":"auto","background-attachment":"scroll","background-type":"","background-media":"","overlay-type":"","overlay-color":"","overlay-opacity":"","overlay-gradient":""}},"footnotes":""},"categories":[1],"tags":[208],"class_list":["post-7359","post","type-post","status-publish","format-standard","hentry","category-noticias","tag-ibict"],"_links":{"self":[{"href":"https:\/\/crb1.org.br\/site\/wp-json\/wp\/v2\/posts\/7359","targetHints":{"allow":["GET"]}}],"collection":[{"href":"https:\/\/crb1.org.br\/site\/wp-json\/wp\/v2\/posts"}],"about":[{"href":"https:\/\/crb1.org.br\/site\/wp-json\/wp\/v2\/types\/post"}],"author":[{"embeddable":true,"href":"https:\/\/crb1.org.br\/site\/wp-json\/wp\/v2\/users\/1"}],"replies":[{"embeddable":true,"href":"https:\/\/crb1.org.br\/site\/wp-json\/wp\/v2\/comments?post=7359"}],"version-history":[{"count":0,"href":"https:\/\/crb1.org.br\/site\/wp-json\/wp\/v2\/posts\/7359\/revisions"}],"wp:attachment":[{"href":"https:\/\/crb1.org.br\/site\/wp-json\/wp\/v2\/media?parent=7359"}],"wp:term":[{"taxonomy":"category","embeddable":true,"href":"https:\/\/crb1.org.br\/site\/wp-json\/wp\/v2\/categories?post=7359"},{"taxonomy":"post_tag","embeddable":true,"href":"https:\/\/crb1.org.br\/site\/wp-json\/wp\/v2\/tags?post=7359"}],"curies":[{"name":"wp","href":"https:\/\/api.w.org\/{rel}","templated":true}]}}