{"id":7368,"date":"2018-03-07T08:00:47","date_gmt":"2018-03-07T11:00:47","guid":{"rendered":"https:\/\/crb1.org.br\/?p=2063"},"modified":"2018-03-07T08:00:47","modified_gmt":"2018-03-07T11:00:47","slug":"crb-1-solicita-retificacao-em-editais-de-concursos-em-go-e-mt","status":"publish","type":"post","link":"https:\/\/crb1.org.br\/site\/2018\/03\/crb-1-solicita-retificacao-em-editais-de-concursos-em-go-e-mt\/","title":{"rendered":"CRB-1 solicita retifica\u00e7\u00e3o em editais de concursos em GO e MT"},"content":{"rendered":"<p style=\"text-align: justify;\"><span style=\"font-weight: 400;\">O Conselho Regional de Biblioteconomia (CRB-1) notificou a Universidade Federal de Goi\u00e1s<\/span> <span style=\"font-weight: 400;\">(UFG) e a <\/span><span style=\"font-weight: 400;\">Secretaria de Estado de Ci\u00eancia e Tecnologia (SECITEC) do Estado de Mato Grosso. Ambas devido \u00e0 constata\u00e7\u00e3o de necessidades de adequa\u00e7\u00e3o nos editais de seus certames.<\/span><\/p>\n<p style=\"text-align: justify;\"><span style=\"font-weight: 400;\">Em Goi\u00e1s o c<\/span><span style=\"font-weight: 400;\">oncurso p\u00fablico para provimento de cargos do quadro de pessoal T\u00e9cnico-Administrativo em Educa\u00e7\u00e3o da UFG disponibiliza vaga de Bibliotec\u00e1rio\/Documentalista, com a exig\u00eancia de Curso Superior em Biblioteconomia ou Ci\u00eancias da Informa\u00e7\u00e3o. Por\u00e9m o portador de diploma no Curso Superior de Ci\u00eancias da Informa\u00e7\u00e3o n\u00e3o se encontra habilitado a exercer as atividades privativas do citado cargo. Assim sendo e seguindo o que regulamenta a lei, o CRB-1 solicitou a retifica\u00e7\u00e3o do edital, onde deve ser retirado o requisito de Curso Superior em Ci\u00eancias da Informa\u00e7\u00e3o.<\/span><\/p>\n<p style=\"text-align: justify;\"><span style=\"font-weight: 400;\">No Estado de Mato Grosso foi publicado edital com vaga para T\u00e9cnico Administrativo Educacional (N\u00edvel Superior) com gradua\u00e7\u00e3o em Biblioteconomia sem a exig\u00eancia do registro profissional no CRB-1. Al\u00e9m de o conte\u00fado program\u00e1tico das provas n\u00e3o apresentar conte\u00fado espec\u00edfico para as diferentes \u00e1reas ofertadas.<\/span><\/p>\n<p style=\"text-align: justify;\"><span style=\"font-weight: 400;\">As institui\u00e7\u00f5es foram informadas sobre a necessidade de inclus\u00e3o da obrigatoriedade de registro profissional no Conselho, conforme a Lei. O CRB-1 deu um prazo de 15 dias para a devida modifica\u00e7\u00e3o no edital.<\/span><\/p>\n<p style=\"text-align: right;\"><span style=\"font-weight: 400;\">Lyzy Rayla \u2013 Ascom CRB-1<\/span><\/p>\n","protected":false},"excerpt":{"rendered":"<p>O Conselho Regional de Biblioteconomia (CRB-1) notificou a Universidade Federal de Goi\u00e1s (UFG) e a Secretaria de Estado de Ci\u00eancia e Tecnologia (SECITEC) do Estado de Mato Grosso. Ambas devido \u00e0 constata\u00e7\u00e3o de necessidades de adequa\u00e7\u00e3o nos editais de seus certames. Em Goi\u00e1s o concurso p\u00fablico para provimento de cargos do quadro de pessoal T\u00e9cnico-Administrativo [&hellip;]<\/p>\n","protected":false},"author":1,"featured_media":0,"comment_status":"open","ping_status":"open","sticky":false,"template":"","format":"standard","meta":{"site-sidebar-layout":"default","site-content-layout":"","ast-site-content-layout":"default","site-content-style":"default","site-sidebar-style":"default","ast-global-header-display":"","ast-banner-title-visibility":"","ast-main-header-display":"","ast-hfb-above-header-display":"","ast-hfb-below-header-display":"","ast-hfb-mobile-header-display":"","site-post-title":"","ast-breadcrumbs-content":"","ast-featured-img":"","footer-sml-layout":"","ast-disable-related-posts":"","theme-transparent-header-meta":"","adv-header-id-meta":"","stick-header-meta":"","header-above-stick-meta":"","header-main-stick-meta":"","header-below-stick-meta":"","astra-migrate-meta-layouts":"default","ast-page-background-enabled":"default","ast-page-background-meta":{"desktop":{"background-color":"","background-image":"","background-repeat":"repeat","background-position":"center center","background-size":"auto","background-attachment":"scroll","background-type":"","background-media":"","overlay-type":"","overlay-color":"","overlay-opacity":"","overlay-gradient":""},"tablet":{"background-color":"","background-image":"","background-repeat":"repeat","background-position":"center center","background-size":"auto","background-attachment":"scroll","background-type":"","background-media":"","overlay-type":"","overlay-color":"","overlay-opacity":"","overlay-gradient":""},"mobile":{"background-color":"","background-image":"","background-repeat":"repeat","background-position":"center center","background-size":"auto","background-attachment":"scroll","background-type":"","background-media":"","overlay-type":"","overlay-color":"","overlay-opacity":"","overlay-gradient":""}},"ast-content-background-meta":{"desktop":{"background-color":"var(--ast-global-color-5)","background-image":"","background-repeat":"repeat","background-position":"center center","background-size":"auto","background-attachment":"scroll","background-type":"","background-media":"","overlay-type":"","overlay-color":"","overlay-opacity":"","overlay-gradient":""},"tablet":{"background-color":"var(--ast-global-color-5)","background-image":"","background-repeat":"repeat","background-position":"center center","background-size":"auto","background-attachment":"scroll","background-type":"","background-media":"","overlay-type":"","overlay-color":"","overlay-opacity":"","overlay-gradient":""},"mobile":{"background-color":"var(--ast-global-color-5)","background-image":"","background-repeat":"repeat","background-position":"center center","background-size":"auto","background-attachment":"scroll","background-type":"","background-media":"","overlay-type":"","overlay-color":"","overlay-opacity":"","overlay-gradient":""}},"footnotes":""},"categories":[40],"tags":[58,81,64,105,409,377,410,411,412],"class_list":["post-7368","post","type-post","status-publish","format-standard","hentry","category-fiscalizacao","tag-bibliotecario","tag-biblioteconomia","tag-concurso","tag-crb-1","tag-documentalista","tag-edital","tag-retificacao","tag-secitec","tag-ufg"],"_links":{"self":[{"href":"https:\/\/crb1.org.br\/site\/wp-json\/wp\/v2\/posts\/7368","targetHints":{"allow":["GET"]}}],"collection":[{"href":"https:\/\/crb1.org.br\/site\/wp-json\/wp\/v2\/posts"}],"about":[{"href":"https:\/\/crb1.org.br\/site\/wp-json\/wp\/v2\/types\/post"}],"author":[{"embeddable":true,"href":"https:\/\/crb1.org.br\/site\/wp-json\/wp\/v2\/users\/1"}],"replies":[{"embeddable":true,"href":"https:\/\/crb1.org.br\/site\/wp-json\/wp\/v2\/comments?post=7368"}],"version-history":[{"count":0,"href":"https:\/\/crb1.org.br\/site\/wp-json\/wp\/v2\/posts\/7368\/revisions"}],"wp:attachment":[{"href":"https:\/\/crb1.org.br\/site\/wp-json\/wp\/v2\/media?parent=7368"}],"wp:term":[{"taxonomy":"category","embeddable":true,"href":"https:\/\/crb1.org.br\/site\/wp-json\/wp\/v2\/categories?post=7368"},{"taxonomy":"post_tag","embeddable":true,"href":"https:\/\/crb1.org.br\/site\/wp-json\/wp\/v2\/tags?post=7368"}],"curies":[{"name":"wp","href":"https:\/\/api.w.org\/{rel}","templated":true}]}}