{"id":737,"date":"2014-08-14T16:04:45","date_gmt":"2014-08-14T19:04:45","guid":{"rendered":"https:\/\/novocrb1.ultramidia.com.br\/?p=737"},"modified":"2014-08-14T16:04:45","modified_gmt":"2014-08-14T19:04:45","slug":"bibliotecas-de-goias-em-pauta-no-ministerio-publico-de-goias","status":"publish","type":"post","link":"https:\/\/crb1.org.br\/site\/2014\/08\/bibliotecas-de-goias-em-pauta-no-ministerio-publico-de-goias\/","title":{"rendered":"Bibliotecas de Goi\u00e1s em pauta no Minist\u00e9rio P\u00fablico de Goi\u00e1s"},"content":{"rendered":"<p>Ap\u00f3s den\u00fancia, o Conselho Regional de Biblioteconomia da 1\u00aa Regi\u00e3o realizou a abertura do processo n\u00ba 020\/12 junto ao Minist\u00e9rio P\u00fablico de Goi\u00e1s, indicando que as bibliotecas escolares do estado encontram-se sem bibliotec\u00e1rios. O CRB-1, em mar\u00e7o deste ano, foi comunicado pelo Minist\u00e9rio P\u00fablico que o procedimento de regulariza\u00e7\u00e3o das vac\u00e2ncias ou irregularidades, no exerc\u00edcio dos profissionais de biblioteconomia do estado, encontra-se em pauta para julgamento.<br \/>\nO Conselho acompanha o andamento do processo e frisa que as den\u00fancias s\u00e3o de extrema import\u00e2ncia para que sejam seguidos os termos da lei n\u00ba 12.244, de 2010, que versa sobre a universaliza\u00e7\u00e3o das bibliotecas de ensino do pa\u00eds. A referida lei estabelece em seus termos a defini\u00e7\u00e3o de biblioteca como \u201ccole\u00e7\u00e3o de livros, materiais videogr\u00e1ficos e documentos registrados em qualquer suporte destinados \u00e0 consulta, pesquisa, estudo ou leitura\u201d. Assim sendo obrigat\u00f3ria a administra\u00e7\u00e3o e o planejamento por bacharel em biblioteconomia da biblioteca na sua exata interpreta\u00e7\u00e3o.<\/p>\n","protected":false},"excerpt":{"rendered":"<p>Ap\u00f3s den\u00fancia, o Conselho Regional de Biblioteconomia da 1\u00aa Regi\u00e3o realizou a abertura do processo n\u00ba 020\/12 junto ao Minist\u00e9rio P\u00fablico de Goi\u00e1s, indicando que as bibliotecas escolares do estado encontram-se sem bibliotec\u00e1rios. O CRB-1, em mar\u00e7o deste ano, foi comunicado pelo Minist\u00e9rio P\u00fablico que o procedimento de regulariza\u00e7\u00e3o das vac\u00e2ncias ou irregularidades, no exerc\u00edcio [&hellip;]<\/p>\n","protected":false},"author":1,"featured_media":0,"comment_status":"open","ping_status":"open","sticky":false,"template":"","format":"standard","meta":{"site-sidebar-layout":"default","site-content-layout":"","ast-site-content-layout":"default","site-content-style":"default","site-sidebar-style":"default","ast-global-header-display":"","ast-banner-title-visibility":"","ast-main-header-display":"","ast-hfb-above-header-display":"","ast-hfb-below-header-display":"","ast-hfb-mobile-header-display":"","site-post-title":"","ast-breadcrumbs-content":"","ast-featured-img":"","footer-sml-layout":"","ast-disable-related-posts":"","theme-transparent-header-meta":"","adv-header-id-meta":"","stick-header-meta":"","header-above-stick-meta":"","header-main-stick-meta":"","header-below-stick-meta":"","astra-migrate-meta-layouts":"default","ast-page-background-enabled":"default","ast-page-background-meta":{"desktop":{"background-color":"","background-image":"","background-repeat":"repeat","background-position":"center center","background-size":"auto","background-attachment":"scroll","background-type":"","background-media":"","overlay-type":"","overlay-color":"","overlay-opacity":"","overlay-gradient":""},"tablet":{"background-color":"","background-image":"","background-repeat":"repeat","background-position":"center center","background-size":"auto","background-attachment":"scroll","background-type":"","background-media":"","overlay-type":"","overlay-color":"","overlay-opacity":"","overlay-gradient":""},"mobile":{"background-color":"","background-image":"","background-repeat":"repeat","background-position":"center center","background-size":"auto","background-attachment":"scroll","background-type":"","background-media":"","overlay-type":"","overlay-color":"","overlay-opacity":"","overlay-gradient":""}},"ast-content-background-meta":{"desktop":{"background-color":"var(--ast-global-color-5)","background-image":"","background-repeat":"repeat","background-position":"center center","background-size":"auto","background-attachment":"scroll","background-type":"","background-media":"","overlay-type":"","overlay-color":"","overlay-opacity":"","overlay-gradient":""},"tablet":{"background-color":"var(--ast-global-color-5)","background-image":"","background-repeat":"repeat","background-position":"center center","background-size":"auto","background-attachment":"scroll","background-type":"","background-media":"","overlay-type":"","overlay-color":"","overlay-opacity":"","overlay-gradient":""},"mobile":{"background-color":"var(--ast-global-color-5)","background-image":"","background-repeat":"repeat","background-position":"center center","background-size":"auto","background-attachment":"scroll","background-type":"","background-media":"","overlay-type":"","overlay-color":"","overlay-opacity":"","overlay-gradient":""}},"footnotes":""},"categories":[40],"tags":[],"class_list":["post-737","post","type-post","status-publish","format-standard","hentry","category-fiscalizacao"],"_links":{"self":[{"href":"https:\/\/crb1.org.br\/site\/wp-json\/wp\/v2\/posts\/737","targetHints":{"allow":["GET"]}}],"collection":[{"href":"https:\/\/crb1.org.br\/site\/wp-json\/wp\/v2\/posts"}],"about":[{"href":"https:\/\/crb1.org.br\/site\/wp-json\/wp\/v2\/types\/post"}],"author":[{"embeddable":true,"href":"https:\/\/crb1.org.br\/site\/wp-json\/wp\/v2\/users\/1"}],"replies":[{"embeddable":true,"href":"https:\/\/crb1.org.br\/site\/wp-json\/wp\/v2\/comments?post=737"}],"version-history":[{"count":0,"href":"https:\/\/crb1.org.br\/site\/wp-json\/wp\/v2\/posts\/737\/revisions"}],"wp:attachment":[{"href":"https:\/\/crb1.org.br\/site\/wp-json\/wp\/v2\/media?parent=737"}],"wp:term":[{"taxonomy":"category","embeddable":true,"href":"https:\/\/crb1.org.br\/site\/wp-json\/wp\/v2\/categories?post=737"},{"taxonomy":"post_tag","embeddable":true,"href":"https:\/\/crb1.org.br\/site\/wp-json\/wp\/v2\/tags?post=737"}],"curies":[{"name":"wp","href":"https:\/\/api.w.org\/{rel}","templated":true}]}}