{"id":7370,"date":"2018-03-09T15:53:58","date_gmt":"2018-03-09T18:53:58","guid":{"rendered":"https:\/\/crb1.org.br\/?p=2068"},"modified":"2018-03-09T15:53:58","modified_gmt":"2018-03-09T18:53:58","slug":"resultado-da-medalha-rubens-borba-de-moraes-2018-honra-ao-merito-bibliotecario","status":"publish","type":"post","link":"https:\/\/crb1.org.br\/site\/2018\/03\/resultado-da-medalha-rubens-borba-de-moraes-2018-honra-ao-merito-bibliotecario\/","title":{"rendered":"Resultado da Medalha Rubens Borba de Moraes 2018 \u2013 Honra ao M\u00e9rito Bibliotec\u00e1rio"},"content":{"rendered":"<p style=\"text-align: justify;\"><span style=\"font-weight: 400;\">As vota\u00e7\u00f5es para a escolha dos profissionais que ser\u00e3o agraciados com a Medalha Rubens Borba de Moraes chegou ao fim no dia 02 de mar\u00e7o de 2018. A medalha \u00e9 entregue anualmente em comemora\u00e7\u00e3o pelo<\/span><a href=\"https:\/\/www.facebook.com\/hashtag\/diadobibliotec%C3%A1rio?source=feed_text&amp;story_id=886825084767206\"><span style=\"font-weight: 400;\">\u202a #\u200eDiadoBibliotec\u00e1rio<\/span><\/a><span style=\"font-weight: 400;\">.<\/span><\/p>\n<p style=\"text-align: justify;\"><span style=\"font-weight: 400;\">Ap\u00f3s a auditoria dos votos, o CRB-1 torna p\u00fablica a lista de profissionais que ser\u00e3o agraciados por Estado. A disputa foi acirrada e no Distrito Federal houve empate na vota\u00e7\u00e3o. O Conselho parabeniza os ganhadores pela conquista desta medalha de Honra ao M\u00e9rito Bibliotec\u00e1rio. Aos demais indicados, votos de muito sucesso pessoal e profissional.<\/span><\/p>\n<p style=\"text-align: justify;\"><span style=\"font-weight: 400;\">Lembrando que as entregas das medalhas ocorrer\u00e3o no Estado correspondente a cada profissional.<\/span><\/p>\n<p style=\"text-align: justify;\"><b>Bibliotec\u00e1rios vencedores<\/b><\/p>\n<p style=\"text-align: justify;\"><b>DISTRITO FEDERAL &#8211; empate<\/b><\/p>\n<p style=\"text-align: justify;\"><span style=\"font-weight: 400;\">Edilenice Passos e Sely Maria de Souza Costa<\/span><\/p>\n<p style=\"text-align: justify;\"><b>GOI\u00c1S<\/b><\/p>\n<p style=\"text-align: justify;\"><span style=\"font-weight: 400;\">Andrea Pereira dos Santos<\/span><\/p>\n<p style=\"text-align: justify;\"><b>MATO GROSSO<\/b><\/p>\n<p style=\"text-align: justify;\"><span style=\"font-weight: 400;\">Claides Erhart<\/span><\/p>\n<p style=\"text-align: justify;\"><b>MATO GROSSO DO SUL<\/b><\/p>\n<p style=\"text-align: justify;\"><span style=\"font-weight: 400;\">C\u00e9lia F\u00e1tima Modena<\/span><\/p>\n<p style=\"text-align: justify;\"><span style=\"font-weight: 400;\">Ascom CRB-1<\/span><\/p>\n","protected":false},"excerpt":{"rendered":"<p>As vota\u00e7\u00f5es para a escolha dos profissionais que ser\u00e3o agraciados com a Medalha Rubens Borba de Moraes chegou ao fim no dia 02 de mar\u00e7o de 2018. A medalha \u00e9 entregue anualmente em comemora\u00e7\u00e3o pelo\u202a #\u200eDiadoBibliotec\u00e1rio. Ap\u00f3s a auditoria dos votos, o CRB-1 torna p\u00fablica a lista de profissionais que ser\u00e3o agraciados por Estado. A [&hellip;]<\/p>\n","protected":false},"author":1,"featured_media":0,"comment_status":"open","ping_status":"open","sticky":false,"template":"","format":"standard","meta":{"site-sidebar-layout":"default","site-content-layout":"","ast-site-content-layout":"default","site-content-style":"default","site-sidebar-style":"default","ast-global-header-display":"","ast-banner-title-visibility":"","ast-main-header-display":"","ast-hfb-above-header-display":"","ast-hfb-below-header-display":"","ast-hfb-mobile-header-display":"","site-post-title":"","ast-breadcrumbs-content":"","ast-featured-img":"","footer-sml-layout":"","ast-disable-related-posts":"","theme-transparent-header-meta":"","adv-header-id-meta":"","stick-header-meta":"","header-above-stick-meta":"","header-main-stick-meta":"","header-below-stick-meta":"","astra-migrate-meta-layouts":"default","ast-page-background-enabled":"default","ast-page-background-meta":{"desktop":{"background-color":"","background-image":"","background-repeat":"repeat","background-position":"center center","background-size":"auto","background-attachment":"scroll","background-type":"","background-media":"","overlay-type":"","overlay-color":"","overlay-opacity":"","overlay-gradient":""},"tablet":{"background-color":"","background-image":"","background-repeat":"repeat","background-position":"center center","background-size":"auto","background-attachment":"scroll","background-type":"","background-media":"","overlay-type":"","overlay-color":"","overlay-opacity":"","overlay-gradient":""},"mobile":{"background-color":"","background-image":"","background-repeat":"repeat","background-position":"center center","background-size":"auto","background-attachment":"scroll","background-type":"","background-media":"","overlay-type":"","overlay-color":"","overlay-opacity":"","overlay-gradient":""}},"ast-content-background-meta":{"desktop":{"background-color":"var(--ast-global-color-5)","background-image":"","background-repeat":"repeat","background-position":"center center","background-size":"auto","background-attachment":"scroll","background-type":"","background-media":"","overlay-type":"","overlay-color":"","overlay-opacity":"","overlay-gradient":""},"tablet":{"background-color":"var(--ast-global-color-5)","background-image":"","background-repeat":"repeat","background-position":"center center","background-size":"auto","background-attachment":"scroll","background-type":"","background-media":"","overlay-type":"","overlay-color":"","overlay-opacity":"","overlay-gradient":""},"mobile":{"background-color":"var(--ast-global-color-5)","background-image":"","background-repeat":"repeat","background-position":"center center","background-size":"auto","background-attachment":"scroll","background-type":"","background-media":"","overlay-type":"","overlay-color":"","overlay-opacity":"","overlay-gradient":""}},"footnotes":""},"categories":[1],"tags":[58,59,60,399],"class_list":["post-7370","post","type-post","status-publish","format-standard","hentry","category-noticias","tag-bibliotecario","tag-honra-ao-merito","tag-medalha","tag-rbm"],"_links":{"self":[{"href":"https:\/\/crb1.org.br\/site\/wp-json\/wp\/v2\/posts\/7370","targetHints":{"allow":["GET"]}}],"collection":[{"href":"https:\/\/crb1.org.br\/site\/wp-json\/wp\/v2\/posts"}],"about":[{"href":"https:\/\/crb1.org.br\/site\/wp-json\/wp\/v2\/types\/post"}],"author":[{"embeddable":true,"href":"https:\/\/crb1.org.br\/site\/wp-json\/wp\/v2\/users\/1"}],"replies":[{"embeddable":true,"href":"https:\/\/crb1.org.br\/site\/wp-json\/wp\/v2\/comments?post=7370"}],"version-history":[{"count":0,"href":"https:\/\/crb1.org.br\/site\/wp-json\/wp\/v2\/posts\/7370\/revisions"}],"wp:attachment":[{"href":"https:\/\/crb1.org.br\/site\/wp-json\/wp\/v2\/media?parent=7370"}],"wp:term":[{"taxonomy":"category","embeddable":true,"href":"https:\/\/crb1.org.br\/site\/wp-json\/wp\/v2\/categories?post=7370"},{"taxonomy":"post_tag","embeddable":true,"href":"https:\/\/crb1.org.br\/site\/wp-json\/wp\/v2\/tags?post=7370"}],"curies":[{"name":"wp","href":"https:\/\/api.w.org\/{rel}","templated":true}]}}