{"id":7374,"date":"2018-03-15T08:13:14","date_gmt":"2018-03-15T11:13:14","guid":{"rendered":"https:\/\/crb1.org.br\/?p=2078"},"modified":"2018-03-15T08:13:14","modified_gmt":"2018-03-15T11:13:14","slug":"importancia-do-bibliotecario-vai-alem-de-organizar-livros","status":"publish","type":"post","link":"https:\/\/crb1.org.br\/site\/2018\/03\/importancia-do-bibliotecario-vai-alem-de-organizar-livros\/","title":{"rendered":"Import\u00e2ncia do bibliotec\u00e1rio vai al\u00e9m de organizar livros"},"content":{"rendered":"<p style=\"text-align: justify;\">Ele est\u00e1 presente em nossas vidas desde a educa\u00e7\u00e3o b\u00e1sica. Nos ensinou a cuidar dos livros, nos auxiliou na busca por mais conhecimento e nos ajudou, na pr\u00e1tica, a entender como o alfabeto \u00e9 organizado em volumes nas prateleiras. Na \u00faltima segunda-feira, 12, foi comemorado o Dia do Bibliotec\u00e1rio, cuja import\u00e2ncia vai muito al\u00e9m de apenas manter uma biblioteca em ordem.<\/p>\n<p style=\"text-align: justify;\">O bibliotec\u00e1rio Bruno M\u00e1rcio Gouveia, desde sempre, buscou a companhia de um livro. Essa parceria acompanhou o seu crescimento pessoal e o fez decidir pelo caminho do curso de biblioteconomia. Hoje, acumula nove anos na profiss\u00e3o e auxilia os alunos da Universidade Federal de Pernambuco (UFPE), em Recife, no complemento de suas teses e disserta\u00e7\u00f5es nas \u00e1reas de ci\u00eancia, pesquisa e biologia.<\/p>\n<p style=\"text-align: justify;\">\u201cSer bibliotec\u00e1rio tem os seus desafios e nem sempre as pessoas sabem disso, mas vale destacar que estamos espalhados em v\u00e1rias \u00e1reas, como portais de relev\u00e2ncia (Google) e engenharia de software. Somos os mediadores entre o usu\u00e1rio e a informa\u00e7\u00e3o\u201d, orgulha-se.<\/p>\n<p style=\"text-align: justify;\">Em fun\u00e7\u00e3o dessa busca constante por sabedoria, Bruno resolveu ampliar ainda mais o seu entendimento e finalizou, no ano passado, um mestrado em hist\u00f3ria. \u201cS\u00e3o assuntos que se complementam. Sei que contribuo para a ci\u00eancia e gosto de aprimorar os meus conhecimentos nesses assuntos, porque tudo reflete no meu trabalho\u201d, pontua.<\/p>\n<p style=\"text-align: justify;\"><strong>Conhecimento<\/strong>\u00a0\u2013 Para fomentar ainda mais o conhecimento desde os primeiros anos de escola, o Minist\u00e9rio da Educa\u00e7\u00e3o criou o Programa Nacional Biblioteca na Escola (PNBE). O plano \u00e9 direcionado \u00e0 aquisi\u00e7\u00e3o e \u00e0 distribui\u00e7\u00e3o de obras liter\u00e1rias \u00e0s escolas p\u00fablicas de educa\u00e7\u00e3o infantil, anos iniciais e finais do ensino fundamental, educa\u00e7\u00e3o de jovens e adultos e ensino m\u00e9dio, com acervos de t\u00edtulos de diversos g\u00eaneros liter\u00e1rios, como cr\u00f4nica, novela, romance, bibliografia, teatro, poesia, livros de imagens, hist\u00f3rias em quadrinhos, entre outros.<\/p>\n<p style=\"text-align: justify;\">No in\u00edcio de mar\u00e7o, o MEC e o Fundo Nacional de Desenvolvimento da Educa\u00e7\u00e3o (FNDE) promoveram uma audi\u00eancia p\u00fablica para debater o edital de aquisi\u00e7\u00e3o de obras liter\u00e1rias para alunos da rede de educa\u00e7\u00e3o b\u00e1sica. Os principais objetivos da publica\u00e7\u00e3o s\u00e3o o apoio \u00e0 forma\u00e7\u00e3o dos acervos das escolas p\u00fablicas; a amplia\u00e7\u00e3o das oportunidades de acesso dos estudantes \u00e0 literatura de qualidade, e a contribui\u00e7\u00e3o para o desenvolvimento de compet\u00eancias e habilidades dos estudantes, em conformidade com a Base Nacional Comum Curricular (BNCC).<\/p>\n<p style=\"text-align: right;\">Fonte &#8211; <a href=\"http:\/\/portal.mec.gov.br\/index.php?option=com_content&amp;view=article&amp;id=61331:importancia-do-bibliotecario-vai-alem-de-organizar-livros&amp;catid=222\" target=\"_blank\" rel=\"noopener\">MEC<\/a><\/p>\n","protected":false},"excerpt":{"rendered":"<p>Ele est\u00e1 presente em nossas vidas desde a educa\u00e7\u00e3o b\u00e1sica. Nos ensinou a cuidar dos livros, nos auxiliou na busca por mais conhecimento e nos ajudou, na pr\u00e1tica, a entender como o alfabeto \u00e9 organizado em volumes nas prateleiras. Na \u00faltima segunda-feira, 12, foi comemorado o Dia do Bibliotec\u00e1rio, cuja import\u00e2ncia vai muito al\u00e9m de [&hellip;]<\/p>\n","protected":false},"author":1,"featured_media":0,"comment_status":"open","ping_status":"open","sticky":false,"template":"","format":"standard","meta":{"site-sidebar-layout":"default","site-content-layout":"","ast-site-content-layout":"default","site-content-style":"default","site-sidebar-style":"default","ast-global-header-display":"","ast-banner-title-visibility":"","ast-main-header-display":"","ast-hfb-above-header-display":"","ast-hfb-below-header-display":"","ast-hfb-mobile-header-display":"","site-post-title":"","ast-breadcrumbs-content":"","ast-featured-img":"","footer-sml-layout":"","ast-disable-related-posts":"","theme-transparent-header-meta":"","adv-header-id-meta":"","stick-header-meta":"","header-above-stick-meta":"","header-main-stick-meta":"","header-below-stick-meta":"","astra-migrate-meta-layouts":"default","ast-page-background-enabled":"default","ast-page-background-meta":{"desktop":{"background-color":"","background-image":"","background-repeat":"repeat","background-position":"center center","background-size":"auto","background-attachment":"scroll","background-type":"","background-media":"","overlay-type":"","overlay-color":"","overlay-opacity":"","overlay-gradient":""},"tablet":{"background-color":"","background-image":"","background-repeat":"repeat","background-position":"center center","background-size":"auto","background-attachment":"scroll","background-type":"","background-media":"","overlay-type":"","overlay-color":"","overlay-opacity":"","overlay-gradient":""},"mobile":{"background-color":"","background-image":"","background-repeat":"repeat","background-position":"center center","background-size":"auto","background-attachment":"scroll","background-type":"","background-media":"","overlay-type":"","overlay-color":"","overlay-opacity":"","overlay-gradient":""}},"ast-content-background-meta":{"desktop":{"background-color":"var(--ast-global-color-5)","background-image":"","background-repeat":"repeat","background-position":"center center","background-size":"auto","background-attachment":"scroll","background-type":"","background-media":"","overlay-type":"","overlay-color":"","overlay-opacity":"","overlay-gradient":""},"tablet":{"background-color":"var(--ast-global-color-5)","background-image":"","background-repeat":"repeat","background-position":"center center","background-size":"auto","background-attachment":"scroll","background-type":"","background-media":"","overlay-type":"","overlay-color":"","overlay-opacity":"","overlay-gradient":""},"mobile":{"background-color":"var(--ast-global-color-5)","background-image":"","background-repeat":"repeat","background-position":"center center","background-size":"auto","background-attachment":"scroll","background-type":"","background-media":"","overlay-type":"","overlay-color":"","overlay-opacity":"","overlay-gradient":""}},"footnotes":""},"categories":[1],"tags":[27,58,80],"class_list":["post-7374","post","type-post","status-publish","format-standard","hentry","category-noticias","tag-biblioteca","tag-bibliotecario","tag-livro"],"_links":{"self":[{"href":"https:\/\/crb1.org.br\/site\/wp-json\/wp\/v2\/posts\/7374","targetHints":{"allow":["GET"]}}],"collection":[{"href":"https:\/\/crb1.org.br\/site\/wp-json\/wp\/v2\/posts"}],"about":[{"href":"https:\/\/crb1.org.br\/site\/wp-json\/wp\/v2\/types\/post"}],"author":[{"embeddable":true,"href":"https:\/\/crb1.org.br\/site\/wp-json\/wp\/v2\/users\/1"}],"replies":[{"embeddable":true,"href":"https:\/\/crb1.org.br\/site\/wp-json\/wp\/v2\/comments?post=7374"}],"version-history":[{"count":0,"href":"https:\/\/crb1.org.br\/site\/wp-json\/wp\/v2\/posts\/7374\/revisions"}],"wp:attachment":[{"href":"https:\/\/crb1.org.br\/site\/wp-json\/wp\/v2\/media?parent=7374"}],"wp:term":[{"taxonomy":"category","embeddable":true,"href":"https:\/\/crb1.org.br\/site\/wp-json\/wp\/v2\/categories?post=7374"},{"taxonomy":"post_tag","embeddable":true,"href":"https:\/\/crb1.org.br\/site\/wp-json\/wp\/v2\/tags?post=7374"}],"curies":[{"name":"wp","href":"https:\/\/api.w.org\/{rel}","templated":true}]}}