{"id":7391,"date":"2018-04-09T20:04:35","date_gmt":"2018-04-09T23:04:35","guid":{"rendered":"https:\/\/crb1.org.br\/?p=2196"},"modified":"2018-04-09T20:04:35","modified_gmt":"2018-04-09T23:04:35","slug":"fub-abre-periodo-de-inscricoes-para-concurso-na-area-de-ciencia-da-informacao","status":"publish","type":"post","link":"https:\/\/crb1.org.br\/site\/2018\/04\/fub-abre-periodo-de-inscricoes-para-concurso-na-area-de-ciencia-da-informacao\/","title":{"rendered":"FUB abre per\u00edodo de inscri\u00e7\u00f5es para Concurso na \u00e1rea de Ci\u00eancia da Informa\u00e7\u00e3o"},"content":{"rendered":"<p style=\"text-align: justify;\"><span style=\"font-weight: 400;\">A Funda\u00e7\u00e3o Universidade de Bras\u00edlia (FUB) tornou p\u00fablica a abertura de inscri\u00e7\u00f5es para o Concurso P\u00fablico de Provas e Prova de T\u00edtulos para sele\u00e7\u00e3o de candidatos para o cargo de Professor de Magist\u00e9rio Superior da FUB. Entre os requisitos est\u00e3o as exig\u00eancias de gradua\u00e7\u00e3o em Biblioteconomia e Mestrado ou Doutorado em Ci\u00eancia da Informa\u00e7\u00e3o.<\/span><\/p>\n<p style=\"text-align: justify;\"><span style=\"font-weight: 400;\">A sele\u00e7\u00e3o para os cargos ser\u00e3o realizadas por meio de prova escrita de conhecimentos, prova oral para defesa de conhecimentos, prova did\u00e1tica e prova de t\u00edtulos. O per\u00edodo de inscri\u00e7\u00e3o e solicita\u00e7\u00e3o de isen\u00e7\u00e3o da taxa v\u00e3o de 09 de abril a 11 de maio de 2018. A data limite para o pagamento do boleto de inscri\u00e7\u00e3o \u00e9 dia 1\u00ba de junho.<\/span><\/p>\n<p style=\"text-align: justify;\"><b>ANEXOS<\/b><\/p>\n<p style=\"text-align: justify;\"><a href=\"http:\/\/www.cespe.unb.br\/concursos\/DOCENTESUNB\/\" target=\"_blank\" rel=\"noopener\"><span style=\"font-weight: 400;\">Ficha de Inscri\u00e7\u00e3o online<\/span><\/a><\/p>\n<p style=\"text-align: justify;\"><a href=\"http:\/\/concursos.unb.br\/images\/phocadownload\/docentes\/efetivos\/2018\/055-2018\/Abertura_55-2018.pdf\" target=\"_blank\" rel=\"noopener\"><span style=\"font-weight: 400;\">Edital de Abertura N.055\/2018 (05\/04\/2018)<\/span><\/a><\/p>\n<p style=\"text-align: justify;\"><a href=\"http:\/\/concursos.unb.br\/images\/phocadownload\/docentes\/efetivos\/2017\/148-2017\/Edital_de_Condicoes_Gerais_Concurso_Docente_Leitura_obrigat%C3%B3ria_deste_edital_como_parte_integrante_do_edital_de_abertura.NO_2015.pdf\" target=\"_blank\" rel=\"noopener\"><span style=\"font-weight: 400;\">Edital_de_Condi\u00e7\u00f5es_Gerais_Concurso_Docente_(Leitura obrigat\u00f3ria deste edital como parte integrante do edital de abertura). N\u00ba 2015<\/span><\/a><\/p>\n<p style=\"text-align: justify;\"><span style=\"font-weight: 400;\">Lyzy Rayla &#8211; Ascom CRB-1<\/span><\/p>\n","protected":false},"excerpt":{"rendered":"<p>A Funda\u00e7\u00e3o Universidade de Bras\u00edlia (FUB) tornou p\u00fablica a abertura de inscri\u00e7\u00f5es para o Concurso P\u00fablico de Provas e Prova de T\u00edtulos para sele\u00e7\u00e3o de candidatos para o cargo de Professor de Magist\u00e9rio Superior da FUB. Entre os requisitos est\u00e3o as exig\u00eancias de gradua\u00e7\u00e3o em Biblioteconomia e Mestrado ou Doutorado em Ci\u00eancia da Informa\u00e7\u00e3o. A [&hellip;]<\/p>\n","protected":false},"author":1,"featured_media":0,"comment_status":"open","ping_status":"open","sticky":false,"template":"","format":"standard","meta":{"site-sidebar-layout":"default","site-content-layout":"","ast-site-content-layout":"default","site-content-style":"default","site-sidebar-style":"default","ast-global-header-display":"","ast-banner-title-visibility":"","ast-main-header-display":"","ast-hfb-above-header-display":"","ast-hfb-below-header-display":"","ast-hfb-mobile-header-display":"","site-post-title":"","ast-breadcrumbs-content":"","ast-featured-img":"","footer-sml-layout":"","ast-disable-related-posts":"","theme-transparent-header-meta":"","adv-header-id-meta":"","stick-header-meta":"","header-above-stick-meta":"","header-main-stick-meta":"","header-below-stick-meta":"","astra-migrate-meta-layouts":"default","ast-page-background-enabled":"default","ast-page-background-meta":{"desktop":{"background-color":"","background-image":"","background-repeat":"repeat","background-position":"center center","background-size":"auto","background-attachment":"scroll","background-type":"","background-media":"","overlay-type":"","overlay-color":"","overlay-opacity":"","overlay-gradient":""},"tablet":{"background-color":"","background-image":"","background-repeat":"repeat","background-position":"center center","background-size":"auto","background-attachment":"scroll","background-type":"","background-media":"","overlay-type":"","overlay-color":"","overlay-opacity":"","overlay-gradient":""},"mobile":{"background-color":"","background-image":"","background-repeat":"repeat","background-position":"center center","background-size":"auto","background-attachment":"scroll","background-type":"","background-media":"","overlay-type":"","overlay-color":"","overlay-opacity":"","overlay-gradient":""}},"ast-content-background-meta":{"desktop":{"background-color":"var(--ast-global-color-5)","background-image":"","background-repeat":"repeat","background-position":"center center","background-size":"auto","background-attachment":"scroll","background-type":"","background-media":"","overlay-type":"","overlay-color":"","overlay-opacity":"","overlay-gradient":""},"tablet":{"background-color":"var(--ast-global-color-5)","background-image":"","background-repeat":"repeat","background-position":"center center","background-size":"auto","background-attachment":"scroll","background-type":"","background-media":"","overlay-type":"","overlay-color":"","overlay-opacity":"","overlay-gradient":""},"mobile":{"background-color":"var(--ast-global-color-5)","background-image":"","background-repeat":"repeat","background-position":"center center","background-size":"auto","background-attachment":"scroll","background-type":"","background-media":"","overlay-type":"","overlay-color":"","overlay-opacity":"","overlay-gradient":""}},"footnotes":""},"categories":[1],"tags":[27,58,81,348,64,436],"class_list":["post-7391","post","type-post","status-publish","format-standard","hentry","category-noticias","tag-biblioteca","tag-bibliotecario","tag-biblioteconomia","tag-ciencia-da-informacao","tag-concurso","tag-fub"],"_links":{"self":[{"href":"https:\/\/crb1.org.br\/site\/wp-json\/wp\/v2\/posts\/7391","targetHints":{"allow":["GET"]}}],"collection":[{"href":"https:\/\/crb1.org.br\/site\/wp-json\/wp\/v2\/posts"}],"about":[{"href":"https:\/\/crb1.org.br\/site\/wp-json\/wp\/v2\/types\/post"}],"author":[{"embeddable":true,"href":"https:\/\/crb1.org.br\/site\/wp-json\/wp\/v2\/users\/1"}],"replies":[{"embeddable":true,"href":"https:\/\/crb1.org.br\/site\/wp-json\/wp\/v2\/comments?post=7391"}],"version-history":[{"count":0,"href":"https:\/\/crb1.org.br\/site\/wp-json\/wp\/v2\/posts\/7391\/revisions"}],"wp:attachment":[{"href":"https:\/\/crb1.org.br\/site\/wp-json\/wp\/v2\/media?parent=7391"}],"wp:term":[{"taxonomy":"category","embeddable":true,"href":"https:\/\/crb1.org.br\/site\/wp-json\/wp\/v2\/categories?post=7391"},{"taxonomy":"post_tag","embeddable":true,"href":"https:\/\/crb1.org.br\/site\/wp-json\/wp\/v2\/tags?post=7391"}],"curies":[{"name":"wp","href":"https:\/\/api.w.org\/{rel}","templated":true}]}}