{"id":7418,"date":"2018-06-12T14:29:20","date_gmt":"2018-06-12T17:29:20","guid":{"rendered":"https:\/\/crb1.org.br\/?p=2529"},"modified":"2018-06-12T14:29:20","modified_gmt":"2018-06-12T17:29:20","slug":"biblioteca-isaias-paim-realiza-sarau-tematico-em-homenagem-aos-110-anos-da-imigracao-japonesa-no-brasil","status":"publish","type":"post","link":"https:\/\/crb1.org.br\/site\/2018\/06\/biblioteca-isaias-paim-realiza-sarau-tematico-em-homenagem-aos-110-anos-da-imigracao-japonesa-no-brasil\/","title":{"rendered":"Biblioteca Isa\u00edas Paim realiza sarau tem\u00e1tico em homenagem aos 110 anos da Imigra\u00e7\u00e3o Japonesa no Brasil"},"content":{"rendered":"<p style=\"text-align: justify;\"><img fetchpriority=\"high\" decoding=\"async\" class=\" wp-image-2530 alignleft\" src=\"https:\/\/novocrb1.ultramidia.com.br\/wp-content\/uploads\/2018\/06\/biblio-isaiaspaim.jpg\" alt=\"biblio-isaiaspaim\" width=\"450\" height=\"224\" \/>Campo Grande (MS) \u2013 A Biblioteca P\u00fablica Estadual Dr. Isaias Paim, unidade da Funda\u00e7\u00e3o de Cultura de Mato Grosso do Sul, realiza no pr\u00f3ximo s\u00e1bado, 16 de junho, a partir das 9h30, a 4\u00aa edi\u00e7\u00e3o do Sarau Cultural, desta vez homenageando os 110 anos da Imigra\u00e7\u00e3o Japonesa no Brasil.<\/p>\n<p style=\"text-align: justify;\">O objetivo \u00e9 valorizar a cultura japonesa, prestigiando os artistas presentes aqui em Campo Grande. Haver\u00e1 um bate-papo cultural com Celso Higa e o jornalista Eron Brum, apresenta\u00e7\u00e3o do Grupo Sakura, Grupo Ryukyu koku Matsuri Daiko, proje\u00e7\u00e3o fotogr\u00e1fica com Roberto Higa, Grupo Seishun, cantoras Meire Mary Obabayashi e Karina Lima, decora\u00e7\u00e3o tem\u00e1tica com raicais de T\u00e2nia Mara de Souza e\u00a0 Hist\u00f3ria do Sadako e os 1000 Tsurus, com Alexandre Garcia.<\/p>\n<p style=\"text-align: justify;\">O Sarau Cultural nasceu de um anseio de que a Biblioteca n\u00e3o fosse apenas um lugar de leitura. \u201cAcreditamos que o papel dela deve fazer todo diferencial, que as linguagens do conhecimento que devam possibilitar novas descobertas e fomentar a cultura de forma geral tamb\u00e9m \u00e9 uma proposta que queremos. O sarau foi pensado com o intuito de compartilhar experi\u00eancias vividas em m\u00fasica, teatro, com artistas locais\u201d, explica a coordenadora da Biblioteca, Eleuzina Crisanto de Lima.<\/p>\n<p style=\"text-align: justify;\">A Biblioteca se preocupa muito em sempre pensar estrat\u00e9gias para melhorar cada vez mais a qualidade como um todo para os leitores e comunidade geral, bem como a\u00e7\u00f5es que auxiliam o incentivo \u00e0 leitura, visita\u00e7\u00f5es ao Espa\u00e7o, atividades e projetos culturais. Sua Miss\u00e3o \u00e9 promover o acesso a informa\u00e7\u00f5es e propiciar o conhecimento \u00e0 popula\u00e7\u00e3o, garantindo e facilitando o acesso \u00e0s linguagens do saber, bem como estimular a imagina\u00e7\u00e3o e criatividade, promover o conhecimento cultural, aprecia\u00e7\u00f5es liter\u00e1rias e art\u00edsticas.<\/p>\n<p style=\"text-align: justify;\">A Imigra\u00e7\u00e3o Japonesa no Brasil come\u00e7ou oficialmente no in\u00edcio do s\u00e9culo XX, no ano de 1908, quando o navio Kasato Maru aportou em SP, trazendo 781 lavradores para fazendas do interior paulista. O fluxo cessou quase totalmente em meados de 1973, com a vinda do \u00faltimo navio de Imigra\u00e7\u00e3o Nippon Maru, contando-se quase 200 mil japoneses estabelecidos no Pa\u00eds.<\/p>\n<p style=\"text-align: justify;\">Atualmente, o Brasil abriga a maior popula\u00e7\u00e3o de origem japonesa fora do Jap\u00e3o, com cerca de 1,5 milh\u00e3o de nikkies, termo usado para denominar os japoneses e seus descendentes. Atualmente, estima-se que haja mais de um milh\u00e3o de nipo-brasileiros, cuja maioria reside nos Estados de S\u00e3o Paulo e do Paran\u00e1.<\/p>\n<p style=\"text-align: justify;\">O Sarau da Biblioteca \u00e9 aberto ao p\u00fablico e a participa\u00e7\u00e3o \u00e9 gratuita. A Biblioteca Estadual Dr. Isaias Paim fica no 2\u00ba andar do Memorial da Cultura e Cidadania (avenida Fernando Corr\u00eaa da Costa, 559). Mais informa\u00e7\u00f5es pelo telefone (67) 3316-9161.<\/p>\n<p style=\"text-align: justify;\"><strong>Programa\u00e7\u00e3o<\/strong><\/p>\n<p style=\"text-align: justify;\"><strong>Bate papo Cultural com Celso Higa<\/strong>\u00a0(engenheiro, cin\u00e9filo e estudioso da cultura japonesa)\u00a0<strong>e Eron Brum<\/strong>\u00a0(trabalhou da Folha de SP\/Tribuna de Santos e professor universit\u00e1rio aposentado).<\/p>\n<p style=\"text-align: justify;\"><strong>Grupo Sakur\u00e1<\/strong>\u00a0\u2013 Associa\u00e7\u00e3o Nipo-Brasileira<\/p>\n<p style=\"text-align: justify;\">(Coordena\u00e7\u00e3o: Priscila Okama , Miti Miyashita, Dora Nakkoud)<\/p>\n<p style=\"text-align: justify;\">1\u00b0 Minie (m\u00fasica japonesa)<\/p>\n<p style=\"text-align: justify;\">2\u00b0 Karaok\u00ea com Mariana Yassuda- Tokino Nagare mio makasse<\/p>\n<p style=\"text-align: justify;\">3\u00b0Ol\u00e9 Champion<\/p>\n<p style=\"text-align: justify;\"><strong>Grupo Ryukyu koku Matsuri Daiko-\u00a0<\/strong>Representante Daniel Shoiti Suguimoto<\/p>\n<p style=\"text-align: justify;\">\u201cTambores Festivos do Reino de Ryukyu\u2019\u2019<\/p>\n<p style=\"text-align: justify;\"><strong>Proje\u00e7\u00e3o Fotogr\u00e1fica\u00a0<\/strong>\u2013Roberto Higa<\/p>\n<p style=\"text-align: justify;\"><strong>Grupo Seishun<\/strong>\u2013 Representante Camila Harumi Zaha. (Dan\u00e7a)<\/p>\n<p style=\"text-align: justify;\"><strong>Meire Mary Obabayashi\u00a0<\/strong>\u2013 Cantora<\/p>\n<p style=\"text-align: justify;\"><strong>Karina Lima\u00a0<\/strong>\u2013 Cantora<\/p>\n<p style=\"text-align: justify;\"><strong>T\u00e2nia Mara de Souza com A decora\u00e7\u00e3o Tem\u00e1tica<\/strong>\u00a0<strong>(raicais) e<\/strong>\u00a0\u00a0<strong>Hist\u00f3ria do Sadako e os 1000 Tsurus<\/strong>\u00a0&#8211;\u00a0<strong>Alexandre Garcia.<\/strong><\/p>\n<p style=\"text-align: right;\">Fonte\u00a0 &#8211; Biblioteca Isa\u00edas Paim<\/p>\n","protected":false},"excerpt":{"rendered":"<p>Campo Grande (MS) \u2013 A Biblioteca P\u00fablica Estadual Dr. Isaias Paim, unidade da Funda\u00e7\u00e3o de Cultura de Mato Grosso do Sul, realiza no pr\u00f3ximo s\u00e1bado, 16 de junho, a partir das 9h30, a 4\u00aa edi\u00e7\u00e3o do Sarau Cultural, desta vez homenageando os 110 anos da Imigra\u00e7\u00e3o Japonesa no Brasil. O objetivo \u00e9 valorizar a cultura [&hellip;]<\/p>\n","protected":false},"author":1,"featured_media":0,"comment_status":"open","ping_status":"open","sticky":false,"template":"","format":"standard","meta":{"site-sidebar-layout":"default","site-content-layout":"","ast-site-content-layout":"default","site-content-style":"default","site-sidebar-style":"default","ast-global-header-display":"","ast-banner-title-visibility":"","ast-main-header-display":"","ast-hfb-above-header-display":"","ast-hfb-below-header-display":"","ast-hfb-mobile-header-display":"","site-post-title":"","ast-breadcrumbs-content":"","ast-featured-img":"","footer-sml-layout":"","ast-disable-related-posts":"","theme-transparent-header-meta":"","adv-header-id-meta":"","stick-header-meta":"","header-above-stick-meta":"","header-main-stick-meta":"","header-below-stick-meta":"","astra-migrate-meta-layouts":"default","ast-page-background-enabled":"default","ast-page-background-meta":{"desktop":{"background-color":"","background-image":"","background-repeat":"repeat","background-position":"center center","background-size":"auto","background-attachment":"scroll","background-type":"","background-media":"","overlay-type":"","overlay-color":"","overlay-opacity":"","overlay-gradient":""},"tablet":{"background-color":"","background-image":"","background-repeat":"repeat","background-position":"center center","background-size":"auto","background-attachment":"scroll","background-type":"","background-media":"","overlay-type":"","overlay-color":"","overlay-opacity":"","overlay-gradient":""},"mobile":{"background-color":"","background-image":"","background-repeat":"repeat","background-position":"center center","background-size":"auto","background-attachment":"scroll","background-type":"","background-media":"","overlay-type":"","overlay-color":"","overlay-opacity":"","overlay-gradient":""}},"ast-content-background-meta":{"desktop":{"background-color":"var(--ast-global-color-5)","background-image":"","background-repeat":"repeat","background-position":"center center","background-size":"auto","background-attachment":"scroll","background-type":"","background-media":"","overlay-type":"","overlay-color":"","overlay-opacity":"","overlay-gradient":""},"tablet":{"background-color":"var(--ast-global-color-5)","background-image":"","background-repeat":"repeat","background-position":"center center","background-size":"auto","background-attachment":"scroll","background-type":"","background-media":"","overlay-type":"","overlay-color":"","overlay-opacity":"","overlay-gradient":""},"mobile":{"background-color":"var(--ast-global-color-5)","background-image":"","background-repeat":"repeat","background-position":"center center","background-size":"auto","background-attachment":"scroll","background-type":"","background-media":"","overlay-type":"","overlay-color":"","overlay-opacity":"","overlay-gradient":""}},"footnotes":""},"categories":[24],"tags":[27,58,81,264,463,464,465],"class_list":["post-7418","post","type-post","status-publish","format-standard","hentry","category-evento","tag-biblioteca","tag-bibliotecario","tag-biblioteconomia","tag-brasil","tag-imigracao-japonesa","tag-isaias-paim","tag-sarau"],"_links":{"self":[{"href":"https:\/\/crb1.org.br\/site\/wp-json\/wp\/v2\/posts\/7418","targetHints":{"allow":["GET"]}}],"collection":[{"href":"https:\/\/crb1.org.br\/site\/wp-json\/wp\/v2\/posts"}],"about":[{"href":"https:\/\/crb1.org.br\/site\/wp-json\/wp\/v2\/types\/post"}],"author":[{"embeddable":true,"href":"https:\/\/crb1.org.br\/site\/wp-json\/wp\/v2\/users\/1"}],"replies":[{"embeddable":true,"href":"https:\/\/crb1.org.br\/site\/wp-json\/wp\/v2\/comments?post=7418"}],"version-history":[{"count":0,"href":"https:\/\/crb1.org.br\/site\/wp-json\/wp\/v2\/posts\/7418\/revisions"}],"wp:attachment":[{"href":"https:\/\/crb1.org.br\/site\/wp-json\/wp\/v2\/media?parent=7418"}],"wp:term":[{"taxonomy":"category","embeddable":true,"href":"https:\/\/crb1.org.br\/site\/wp-json\/wp\/v2\/categories?post=7418"},{"taxonomy":"post_tag","embeddable":true,"href":"https:\/\/crb1.org.br\/site\/wp-json\/wp\/v2\/tags?post=7418"}],"curies":[{"name":"wp","href":"https:\/\/api.w.org\/{rel}","templated":true}]}}