{"id":7451,"date":"2018-08-20T08:48:17","date_gmt":"2018-08-20T11:48:17","guid":{"rendered":"https:\/\/crb1.org.br\/?p=2777"},"modified":"2018-08-20T08:48:17","modified_gmt":"2018-08-20T11:48:17","slug":"a-biblioteca-de-foucault-novo-livro-de-cristian-brayner-traz-reflexoes-sobre-etica-poder-e-informacao","status":"publish","type":"post","link":"https:\/\/crb1.org.br\/site\/2018\/08\/a-biblioteca-de-foucault-novo-livro-de-cristian-brayner-traz-reflexoes-sobre-etica-poder-e-informacao\/","title":{"rendered":"\u201cA Biblioteca de Foucault\u201d, de Cristian Brayner"},"content":{"rendered":"<h4 style=\"text-align: justify;\">\u201cA Biblioteca de Foucault&#8221;, novo livro de Cristian Brayner, traz reflex\u00f5es sobre a \u00e9tica, poder e informa\u00e7\u00e3o.<\/h4>\n<p style=\"text-align: justify;\"><em>A Biblioteca de Foucault<\/em>\u00a0j\u00e1 nasce como uma obra de refer\u00eancia, t\u00edtulo indispens\u00e1vel para um novo entendimento da Biblioteconomia no Brasil. A imagem da biblioteca como lugar de sil\u00eancio, pontualidade e quietude pode parecer inquestion\u00e1vel, quase autoevidente. Mas, como foi demonstrado por Michel Foucault, toda atividade que fa\u00e7a a media\u00e7\u00e3o entre saberes e sujeitos guarda atr\u00e1s de si um sistema de rela\u00e7\u00f5es de poder respons\u00e1vel por determinar a sua din\u00e2mica.<\/p>\n<p style=\"text-align: justify;\">O livro escancara as ambi\u00e7\u00f5es de controle que animam parte da biblioteconomia tradicional: estabelecer quais livros merecem constar do c\u00e2none, que leitores podem ter acesso a eles, como as obras precisam ser lidas. Mas a revela\u00e7\u00e3o desse sistema n\u00e3o \u00e9 em nada alarmista. Conhecer o dinamismo que subjaz \u00e0 pr\u00e1tica bibliotecon\u00f4mica implica, antes, assumir o compromisso \u00e9tico-est\u00e9tico-pol\u00edtico de tornar as bibliotecas espa\u00e7os acess\u00edveis, inclusivos, acolhedores, pluralistas, construtivos.<\/p>\n<p style=\"text-align: justify;\">Da\u00ed o livro constituir-se de \u201creflex\u00f5es sobre \u00e9tica, poder e informa\u00e7\u00e3o\u201d ou, mais concretamente, de 22 cr\u00f4nicas-manifestos que a um s\u00f3 tempo radiografam a condi\u00e7\u00e3o da leitura e dos livros no Brasil atual e prop\u00f5em medidas para enriquecer a produ\u00e7\u00e3o e a dissemina\u00e7\u00e3o de informa\u00e7\u00e3o no pa\u00eds. A autoria de tais provoca\u00e7\u00f5es \u00e9 do bibliotec\u00e1rio Cristian Brayner, mestre em Biblioteconomia, doutor em Literatura, p\u00f3s-doutorado em Hist\u00f3ria e ex-diretor do Departamento de Livro, Leitura, Literatura e Bibliotecas do Minist\u00e9rio da Cultura.<\/p>\n<p style=\"text-align: justify;\">Os cap\u00edtulos da obra \u2013 \u00e0 exce\u00e7\u00e3o do primeiro, que consiste em uma entrevista \u2013 t\u00eam seus assuntos-chave revelados j\u00e1 pelos t\u00edtulos: liberdade, poder, neutralidade, coopera\u00e7\u00e3o, opress\u00e3o, viol\u00eancia, \u00e9tica, luta, felicidade, amargura, celebra\u00e7\u00e3o, medo, beleza, coragem, ignor\u00e2ncia, car\u00e1ter, verdade, gratid\u00e3o, respeito, progresso, empatia. Trata-se da adapta\u00e7\u00e3o de palestras, artigos e discursos recentes do autor, incrementados por alguns escritos in\u00e9ditos.<\/p>\n<p style=\"text-align: justify;\">Se os temas parecem inesperadamente abstratos para um livro de ci\u00eancia da informa\u00e7\u00e3o, este espanto prova o \u00eaxito de uma das primeiras inten\u00e7\u00f5es de Brayner: colocar sob suspeita a premissa de que a biblioteconomia pode ser praticada como pura t\u00e9cnica, sem nenhum di\u00e1logo com a teoria social. A desmitifica\u00e7\u00e3o mais urgente a se empreender \u00e9 a do pressuposto segundo o qual a biblioteca \u00e9 um lugar neutro.<\/p>\n<p style=\"text-align: justify;\">Bem ao contr\u00e1rio, a sele\u00e7\u00e3o e a disposi\u00e7\u00e3o do acervo, a atitude dos bibliotec\u00e1rios ante os leitores, a apar\u00eancia dos pr\u00e9dios e do mobili\u00e1rio, todos esses elementos submetem os profissionais da informa\u00e7\u00e3o ao constante risco de se portarem como censores. Ao mesmo tempo, a fun\u00e7\u00e3o concede a tais trabalhadores a oportunidade de serem disseminadores dos saberes plurais, e situa as institui\u00e7\u00f5es da cultura na posi\u00e7\u00e3o estrat\u00e9gica de subversoras da ordem estabelecida, com as exclus\u00f5es sist\u00eamicas que esta institui e fomenta.<\/p>\n<p style=\"text-align: justify;\">Cristian Brayner acredita no poder da leitura tradicional de libertar dos preconceitos. Ele reitera aquele clamor de Edson Nery da Fonseca \u2013 um dos fundadores da biblioteconomia no Brasil \u2013 para que houvesse \u201cbibliotec\u00e1rios p\u00f3s-graduados\u201d, isto \u00e9, bem instru\u00eddos e de agu\u00e7ada consci\u00eancia cr\u00edtica. Al\u00e9m de estar ele pr\u00f3prio entre os profissionais desse tipo (o que se reflete na erudi\u00e7\u00e3o e beleza de sua prosa), Cristian atenta \u00e0s implica\u00e7\u00f5es desse ideal: conclama por seu turno que os profissionais da informa\u00e7\u00e3o se encarem como praticantes de uma voca\u00e7\u00e3o, mais que de um of\u00edcio.<\/p>\n<p style=\"text-align: justify;\">Voca\u00e7\u00e3o, diga-se de passagem, nem um pouco trivial: trata-se de mediar a sociedade e o conhecimento considerado can\u00f4nico. O uso eticamente adequado desse poder consistir\u00e1 em diversificar tanto um polo como o outro, e em tornar as bibliotecas algo mais do que locais de consumo e adestramento: faz\u00ea-las locais de encontro, descobertas, inven\u00e7\u00e3o. Locais que enrique\u00e7am a forma\u00e7\u00e3o dos sujeitos que comp\u00f5em a democracia, num movimento inverso ao da burocracia, cuja natureza \u00e9 bloquear o avan\u00e7o democr\u00e1tico.<\/p>\n<p style=\"text-align: justify;\">Em plena era da informa\u00e7\u00e3o, n\u00e3o \u00e9 exagero dizer que o direito ao uso das bibliotecas integra o direito \u00e0 cidadania; por outro lado, as bibliotecas n\u00e3o podem ignorar que s\u00f3 haver\u00e1 a demanda por seu uso se elas se mostrarem acolhedoras. Como todas as institui\u00e7\u00f5es da sociedade, cada biblioteca \u00e9 relevante, mas nenhuma \u00e9 em si indispens\u00e1vel: necessita sempre criar e demonstrar o seu valor. A leitura d\u2019A Biblioteca de Foucault \u00e9 o in\u00edcio ideal para todos os profissionais empenhados em responder a esse desafio.<\/p>\n<p style=\"text-align: justify;\"><strong>SOBRE O AUTOR<\/strong><\/p>\n<p style=\"text-align: justify;\">Cristian Brayner \u00e9 graduado em Filosofia, Biblioteconomia, Tradu\u00e7\u00e3o, Direito e Letras (L\u00edngua e Literatura Francesas). Venceu, com sua disserta\u00e7\u00e3o de mestrado em Ci\u00eancia da Informa\u00e7\u00e3o, o Concurso Latino Americano de Investigaci\u00f3n em Bibliotecolog\u00eda, Documentaci\u00f3n, Archivistica y Museolog\u00eda Fernando B\u00e1ez (Eudeba, 2008). Ganhou o Pr\u00eamio Casa de las Am\u00e9ricas com a obra\u00a0<em>Devotos e Devassos: representa\u00e7\u00e3o dos padres e beatas na literatura anticlerical brasileira<\/em>\u00a0(Edusp, 2014), fruto de seu doutorado em literatura e pr\u00e1ticas sociais. Foi bibliotec\u00e1rio do Superior Tribunal de Justi\u00e7a e diretor do Departamento de Livro, Leitura, Literatura e Bibliotecas do Minist\u00e9rio da Cultura. Atualmente \u00e9 bibliotec\u00e1rio da C\u00e2mara dos Deputados. Dedica-se ao estudo das pol\u00edticas p\u00fablicas de livro, leitura, literatura e bibliotecas.<\/p>\n<p style=\"text-align: justify;\"><strong>FICHA T\u00c9CNICA DO LIVRO<\/strong><\/p>\n<p style=\"text-align: justify;\"><img fetchpriority=\"high\" decoding=\"async\" class=\" wp-image-33959 alignleft\" src=\"http:\/\/cdn01.biblioo.cartacapital.com.br\/wp-content\/uploads\/2018\/08\/08085618\/A-Biblioteca-de-Foucault.jpg\" sizes=\"(max-width: 302px) 100vw, 302px\" srcset=\"http:\/\/cdn01.biblioo.cartacapital.com.br\/wp-content\/uploads\/2018\/08\/08085618\/A-Biblioteca-de-Foucault.jpg 302w, http:\/\/cdn01.biblioo.cartacapital.com.br\/wp-content\/uploads\/2018\/08\/08085618\/A-Biblioteca-de-Foucault-257x300.jpg 257w\" alt=\"\" width=\"343\" height=\"401\" \/>Capa do livro \u201cA Biblioteca de Foucault \u2013 Reflex\u00f5es sobre \u00e9tica, poder e informa\u00e7\u00e3o\u201d de Cristian Brayner. Imagem: divulga\u00e7\u00e3o<\/p>\n<p style=\"text-align: justify;\"><strong>T\u00edtulo:<\/strong>\u00a0A Biblioteca de Foucault \u2013 Reflex\u00f5es sobre \u00e9tica, poder e informa\u00e7\u00e3o<\/p>\n<p style=\"text-align: justify;\"><strong>Autor:<\/strong>\u00a0Cristian Brayner<\/p>\n<p style=\"text-align: justify;\"><strong>Pref\u00e1cios:<\/strong>\u00a0Marcos Galindo e Aquiles Alencar Brayner<\/p>\n<p style=\"text-align: justify;\"><strong>Posf\u00e1cios:<\/strong>\u00a0Jos\u00e9 Fernando Modesto da Silva e Jo\u00e3o Cezar de Castro Rocha<\/p>\n<p style=\"text-align: justify;\"><strong>Cole\u00e7\u00e3o:<\/strong>\u00a0Biblioteca Humanidades<\/p>\n<p style=\"text-align: justify;\"><strong>Editora:<\/strong>\u00a0\u00c9 Realiza\u00e7\u00f5es Editora<\/p>\n<p style=\"text-align: justify;\"><strong>Pre\u00e7o:<\/strong>\u00a0R$ 59,90<\/p>\n<p style=\"text-align: justify;\"><strong>N\u00ba de p\u00e1ginas:<\/strong>\u00a0288<\/p>\n<p style=\"text-align: right;\">Fonte &#8211; Biblio Info<\/p>\n","protected":false},"excerpt":{"rendered":"<p>\u201cA Biblioteca de Foucault&#8221;, novo livro de Cristian Brayner, traz reflex\u00f5es sobre a \u00e9tica, poder e informa\u00e7\u00e3o. A Biblioteca de Foucault\u00a0j\u00e1 nasce como uma obra de refer\u00eancia, t\u00edtulo indispens\u00e1vel para um novo entendimento da Biblioteconomia no Brasil. A imagem da biblioteca como lugar de sil\u00eancio, pontualidade e quietude pode parecer inquestion\u00e1vel, quase autoevidente. Mas, como [&hellip;]<\/p>\n","protected":false},"author":1,"featured_media":0,"comment_status":"open","ping_status":"open","sticky":false,"template":"","format":"standard","meta":{"site-sidebar-layout":"default","site-content-layout":"","ast-site-content-layout":"default","site-content-style":"default","site-sidebar-style":"default","ast-global-header-display":"","ast-banner-title-visibility":"","ast-main-header-display":"","ast-hfb-above-header-display":"","ast-hfb-below-header-display":"","ast-hfb-mobile-header-display":"","site-post-title":"","ast-breadcrumbs-content":"","ast-featured-img":"","footer-sml-layout":"","ast-disable-related-posts":"","theme-transparent-header-meta":"","adv-header-id-meta":"","stick-header-meta":"","header-above-stick-meta":"","header-main-stick-meta":"","header-below-stick-meta":"","astra-migrate-meta-layouts":"default","ast-page-background-enabled":"default","ast-page-background-meta":{"desktop":{"background-color":"","background-image":"","background-repeat":"repeat","background-position":"center center","background-size":"auto","background-attachment":"scroll","background-type":"","background-media":"","overlay-type":"","overlay-color":"","overlay-opacity":"","overlay-gradient":""},"tablet":{"background-color":"","background-image":"","background-repeat":"repeat","background-position":"center center","background-size":"auto","background-attachment":"scroll","background-type":"","background-media":"","overlay-type":"","overlay-color":"","overlay-opacity":"","overlay-gradient":""},"mobile":{"background-color":"","background-image":"","background-repeat":"repeat","background-position":"center center","background-size":"auto","background-attachment":"scroll","background-type":"","background-media":"","overlay-type":"","overlay-color":"","overlay-opacity":"","overlay-gradient":""}},"ast-content-background-meta":{"desktop":{"background-color":"var(--ast-global-color-5)","background-image":"","background-repeat":"repeat","background-position":"center center","background-size":"auto","background-attachment":"scroll","background-type":"","background-media":"","overlay-type":"","overlay-color":"","overlay-opacity":"","overlay-gradient":""},"tablet":{"background-color":"var(--ast-global-color-5)","background-image":"","background-repeat":"repeat","background-position":"center center","background-size":"auto","background-attachment":"scroll","background-type":"","background-media":"","overlay-type":"","overlay-color":"","overlay-opacity":"","overlay-gradient":""},"mobile":{"background-color":"var(--ast-global-color-5)","background-image":"","background-repeat":"repeat","background-position":"center center","background-size":"auto","background-attachment":"scroll","background-type":"","background-media":"","overlay-type":"","overlay-color":"","overlay-opacity":"","overlay-gradient":""}},"footnotes":""},"categories":[1],"tags":[],"class_list":["post-7451","post","type-post","status-publish","format-standard","hentry","category-noticias"],"_links":{"self":[{"href":"https:\/\/crb1.org.br\/site\/wp-json\/wp\/v2\/posts\/7451","targetHints":{"allow":["GET"]}}],"collection":[{"href":"https:\/\/crb1.org.br\/site\/wp-json\/wp\/v2\/posts"}],"about":[{"href":"https:\/\/crb1.org.br\/site\/wp-json\/wp\/v2\/types\/post"}],"author":[{"embeddable":true,"href":"https:\/\/crb1.org.br\/site\/wp-json\/wp\/v2\/users\/1"}],"replies":[{"embeddable":true,"href":"https:\/\/crb1.org.br\/site\/wp-json\/wp\/v2\/comments?post=7451"}],"version-history":[{"count":0,"href":"https:\/\/crb1.org.br\/site\/wp-json\/wp\/v2\/posts\/7451\/revisions"}],"wp:attachment":[{"href":"https:\/\/crb1.org.br\/site\/wp-json\/wp\/v2\/media?parent=7451"}],"wp:term":[{"taxonomy":"category","embeddable":true,"href":"https:\/\/crb1.org.br\/site\/wp-json\/wp\/v2\/categories?post=7451"},{"taxonomy":"post_tag","embeddable":true,"href":"https:\/\/crb1.org.br\/site\/wp-json\/wp\/v2\/tags?post=7451"}],"curies":[{"name":"wp","href":"https:\/\/api.w.org\/{rel}","templated":true}]}}