{"id":7452,"date":"2018-08-17T16:18:04","date_gmt":"2018-08-17T19:18:04","guid":{"rendered":"https:\/\/crb1.org.br\/?p=2780"},"modified":"2018-08-17T16:18:04","modified_gmt":"2018-08-17T19:18:04","slug":"saiba-como-responder-quais-sao-suas-qualidades-e-defeitos-na-entrevista-de-emprego","status":"publish","type":"post","link":"https:\/\/crb1.org.br\/site\/2018\/08\/saiba-como-responder-quais-sao-suas-qualidades-e-defeitos-na-entrevista-de-emprego\/","title":{"rendered":"Saiba como responder quais s\u00e3o suas qualidades e defeitos na entrevista de emprego"},"content":{"rendered":"<section id=\"content\">\n<div id=\"post-body-and-share-container\">\n<div id=\"post-body-container\">\n<div>\n<p style=\"text-align: justify;\">Tenho recebido muitos emails e coment\u00e1rios de pessoas com d\u00favidas de como responder a algumas perguntas de entrevistadores, em especial duas que j\u00e1 viraram at\u00e9 clich\u00ea: qual sua maior qualidade e qual seu maior defeito.<\/p>\n<p style=\"text-align: justify;\">Realmente \u00e9 preciso pensar muito bem antes de respond\u00ea-las, afinal voc\u00ea pode prejudicar o seu andamento no processo seletivo se passar uma imagem n\u00e3o apreciada pelos entrevistadores.<\/p>\n<p style=\"text-align: justify;\">Se as perguntas j\u00e1 s\u00e3o tidas como clich\u00eas, imagine as respostas! Falar que \u00e9 ansioso, organizado, perfeccionista caiu no gosto de muitos candidatos, mas fuja do clich\u00ea. Hoje voc\u00ea vai aprender como responder a essas temidas perguntas.<\/p>\n<p style=\"text-align: justify;\"><strong>Qual seu maior defeito<\/strong><\/p>\n<p style=\"text-align: justify;\">O que o entrevistador espera \u00e9 uma resposta sincera, mas cuidado para n\u00e3o passar uma m\u00e1 impress\u00e3o,\u00a0o ideal \u00e9 que voc\u00ea cite um defeito e uma solu\u00e7\u00e3o que j\u00e1 adotou para amenizar o impacto disso nas suas tarefas, um exemplo: \u201cSou um pouco desorganizado. Isso j\u00e1 me atrapalhou muito, mas hoje tenho uma rotina de planejamento na primeira hora do dia, com ajuda de um aplicativo no celular.\u201d<\/p>\n<p style=\"text-align: justify;\">Uma quest\u00e3o importante \u00e9 ter bem claro que o entrevistador s\u00f3 vai te conhecer pelo que voc\u00ea fala e geralmente o tempo \u00e9 bem curto, por isso \u00e9 importante selecionar bem o que voc\u00ea vai compartilhar com ele nesse momento. N\u00e3o cite defeitos que voc\u00ea n\u00e3o consegue dar exemplos pr\u00e1ticos de como est\u00e1 trabalhando para melhor\u00e1-los, isso faz toda a diferen\u00e7a. N\u00e3o deixe o entrevistador terminar a entrevista sem saber que voc\u00ea \u00e9 consciente de seus defeitos e trabalha para que eles n\u00e3o prejudiquem seu desempenho profissional.<\/p>\n<p style=\"text-align: justify;\">N\u00e3o minta. Boa parte dos entrevistadores \u00e9 muito bem treinada, eles poder\u00e3o buscar inconsist\u00eancias no seu discurso, e, se identificarem uma mentira, voc\u00ea estar\u00e1 em maus len\u00e7\u00f3is.<\/p>\n<p style=\"text-align: justify;\"><strong>Qual sua maior qualidade<\/strong><\/p>\n<p style=\"text-align: justify;\">Aqui tamb\u00e9m o que vale a sinceridade, mas com um pouco de cuidado com a forma de se expressar, pois muitos candidatos trope\u00e7am na arrog\u00e2ncia na hora de dar essa resposta ao entrevistador. Fale sobre suas qualidades sem desmerecer os outros e respeitando que todos os candidatos que concorrem com voc\u00ea possuem qualidades diferentes.<\/p>\n<p style=\"text-align: justify;\">Voc\u00ea tem muitas qualidades, certo? Mas algumas podem ser mais relevantes para a vaga que est\u00e1 concorrendo que outras e algumas, inclusive, negativas. Por exemplo, se est\u00e1 concorrendo a uma vaga para auxiliar ou assistente, ressaltar sua predisposi\u00e7\u00e3o para liderar pode n\u00e3o ser uma boa caso a empresa seja muito hierarquizada. Nesse exemplo, o ideal seria citar se voc\u00ea \u00e9 focado, trabalha bem com prazos, organizado, trabalha bem em equipe, dentre outros. Mas lembre-se: n\u00e3o minta!<\/p>\n<p style=\"text-align: justify;\">Ainda n\u00e3o tem ideia do que responder? O autoconhecimento \u00e9 um processo cont\u00ednuo e, para alguns, \u00e9 um pouco mais lento, mas se voc\u00ea dedicar um pequeno tempo para refletir sobre voc\u00ea antes da entrevista j\u00e1 vai ajudar bastante.\u00a0Tente fazer uma lista de coisas que voc\u00ea faz melhor, e o que possibilita o desempenho delas e tamb\u00e9m o que atrapalha. Assim voc\u00ea poder\u00e1 descobrir algumas qualidades e defeitos .<\/p>\n<p style=\"text-align: justify;\">Espero ter ajudado com essas dicas, minha inten\u00e7\u00e3o \u00e9 que voc\u00ea consiga se sair muito bem nas entrevistas e conquiste o seu emprego ideal.<\/p>\n<p style=\"text-align: justify;\">Ah, me conta o que achou das dicas nos coment\u00e1rio! Se tiver alguma sugest\u00e3o, n\u00e3o deixe de falar. Certamente poder\u00e1 ajudar outra pessoa.<\/p>\n<p style=\"text-align: justify;\">Boa sorte!<\/p>\n<p style=\"text-align: right;\">Por: Maria Fernanda Alves<\/p>\n<\/div>\n<\/div>\n<\/div>\n<\/section>\n","protected":false},"excerpt":{"rendered":"<p>Tenho recebido muitos emails e coment\u00e1rios de pessoas com d\u00favidas de como responder a algumas perguntas de entrevistadores, em especial duas que j\u00e1 viraram at\u00e9 clich\u00ea: qual sua maior qualidade e qual seu maior defeito. Realmente \u00e9 preciso pensar muito bem antes de respond\u00ea-las, afinal voc\u00ea pode prejudicar o seu andamento no processo seletivo se [&hellip;]<\/p>\n","protected":false},"author":1,"featured_media":0,"comment_status":"open","ping_status":"open","sticky":false,"template":"","format":"standard","meta":{"site-sidebar-layout":"default","site-content-layout":"","ast-site-content-layout":"default","site-content-style":"default","site-sidebar-style":"default","ast-global-header-display":"","ast-banner-title-visibility":"","ast-main-header-display":"","ast-hfb-above-header-display":"","ast-hfb-below-header-display":"","ast-hfb-mobile-header-display":"","site-post-title":"","ast-breadcrumbs-content":"","ast-featured-img":"","footer-sml-layout":"","ast-disable-related-posts":"","theme-transparent-header-meta":"","adv-header-id-meta":"","stick-header-meta":"","header-above-stick-meta":"","header-main-stick-meta":"","header-below-stick-meta":"","astra-migrate-meta-layouts":"default","ast-page-background-enabled":"default","ast-page-background-meta":{"desktop":{"background-color":"","background-image":"","background-repeat":"repeat","background-position":"center center","background-size":"auto","background-attachment":"scroll","background-type":"","background-media":"","overlay-type":"","overlay-color":"","overlay-opacity":"","overlay-gradient":""},"tablet":{"background-color":"","background-image":"","background-repeat":"repeat","background-position":"center center","background-size":"auto","background-attachment":"scroll","background-type":"","background-media":"","overlay-type":"","overlay-color":"","overlay-opacity":"","overlay-gradient":""},"mobile":{"background-color":"","background-image":"","background-repeat":"repeat","background-position":"center center","background-size":"auto","background-attachment":"scroll","background-type":"","background-media":"","overlay-type":"","overlay-color":"","overlay-opacity":"","overlay-gradient":""}},"ast-content-background-meta":{"desktop":{"background-color":"var(--ast-global-color-5)","background-image":"","background-repeat":"repeat","background-position":"center center","background-size":"auto","background-attachment":"scroll","background-type":"","background-media":"","overlay-type":"","overlay-color":"","overlay-opacity":"","overlay-gradient":""},"tablet":{"background-color":"var(--ast-global-color-5)","background-image":"","background-repeat":"repeat","background-position":"center center","background-size":"auto","background-attachment":"scroll","background-type":"","background-media":"","overlay-type":"","overlay-color":"","overlay-opacity":"","overlay-gradient":""},"mobile":{"background-color":"var(--ast-global-color-5)","background-image":"","background-repeat":"repeat","background-position":"center center","background-size":"auto","background-attachment":"scroll","background-type":"","background-media":"","overlay-type":"","overlay-color":"","overlay-opacity":"","overlay-gradient":""}},"footnotes":""},"categories":[1],"tags":[],"class_list":["post-7452","post","type-post","status-publish","format-standard","hentry","category-noticias"],"_links":{"self":[{"href":"https:\/\/crb1.org.br\/site\/wp-json\/wp\/v2\/posts\/7452","targetHints":{"allow":["GET"]}}],"collection":[{"href":"https:\/\/crb1.org.br\/site\/wp-json\/wp\/v2\/posts"}],"about":[{"href":"https:\/\/crb1.org.br\/site\/wp-json\/wp\/v2\/types\/post"}],"author":[{"embeddable":true,"href":"https:\/\/crb1.org.br\/site\/wp-json\/wp\/v2\/users\/1"}],"replies":[{"embeddable":true,"href":"https:\/\/crb1.org.br\/site\/wp-json\/wp\/v2\/comments?post=7452"}],"version-history":[{"count":0,"href":"https:\/\/crb1.org.br\/site\/wp-json\/wp\/v2\/posts\/7452\/revisions"}],"wp:attachment":[{"href":"https:\/\/crb1.org.br\/site\/wp-json\/wp\/v2\/media?parent=7452"}],"wp:term":[{"taxonomy":"category","embeddable":true,"href":"https:\/\/crb1.org.br\/site\/wp-json\/wp\/v2\/categories?post=7452"},{"taxonomy":"post_tag","embeddable":true,"href":"https:\/\/crb1.org.br\/site\/wp-json\/wp\/v2\/tags?post=7452"}],"curies":[{"name":"wp","href":"https:\/\/api.w.org\/{rel}","templated":true}]}}