{"id":7456,"date":"2018-08-28T11:06:05","date_gmt":"2018-08-28T14:06:05","guid":{"rendered":"https:\/\/crb1.org.br\/?p=2823"},"modified":"2018-08-28T11:06:05","modified_gmt":"2018-08-28T14:06:05","slug":"curso-inedito-da-embrapa-ensina-a-prevenir-e-controlar-fungos-e-pragas-em-bibliotecas-e-arquivos","status":"publish","type":"post","link":"https:\/\/crb1.org.br\/site\/2018\/08\/curso-inedito-da-embrapa-ensina-a-prevenir-e-controlar-fungos-e-pragas-em-bibliotecas-e-arquivos\/","title":{"rendered":"Curso in\u00e9dito da Embrapa ensina a prevenir e controlar fungos e pragas em bibliotecas e arquivos"},"content":{"rendered":"<p style=\"text-align: center;\"><em>Treinamento \u00e9 gratuito e voltado para servidores p\u00fablicos que atuam em museus, bibliotecas e arquivos.<\/em><\/p>\n<p style=\"text-align: justify;\">As bibliotecas s\u00e3o, al\u00e9m de espa\u00e7os para guardar o conhecimento em forma de publica\u00e7\u00f5es, um ambiente favor\u00e1vel ao crescimento f\u00fangico, pois apresentam grande concentra\u00e7\u00e3o de mat\u00e9ria org\u00e2nica associada a uma climatiza\u00e7\u00e3o muitas vezes deficiente. Pensando nisso, a pesquisadora e micologista\u00a0<a href=\"https:\/\/www.embrapa.br\/equipe\/-\/empregado\/85779\/arailde-fontes-urben\" target=\"_blank\" rel=\"noopener\">Arailde Fontes Urben<\/a>\u00a0vai oferecer pela primeira vez o Curso sobre Preven\u00e7\u00e3o e Controle de Fungos e Pragas em Bibliotecas e Arquivos. Destinado a servidores p\u00fablicos que atuam em museus, bibliotecas e arquivos, o treinamento acontecer\u00e1 nos dias\u00a012 e 13 de setembro de 2018, em Bras\u00edlia &#8211; DF. As inscri\u00e7\u00f5es s\u00e3o gratuitas e podem ser feitas no\u00a0<a href=\"https:\/\/www.embrapa.br\/recursos-geneticos-e-biotecnologia\/curso-cfpb\" target=\"_blank\" rel=\"noopener\">site do evento<\/a>.<\/p>\n<p style=\"text-align: justify;\">No Brasil, as an\u00e1lises de fungos do ar atmosf\u00e9rico em bibliotecas ou arquivos de \u00f3rg\u00e3os p\u00fablicos ou privados s\u00e3o quase inexistentes. Mas a boa not\u00edcia \u00e9 que diversos fungos ou bact\u00e9rias podem ser isolados do ar atmosf\u00e9rico, dependendo da incid\u00eancia dos mesmos, como fatores geogr\u00e1ficos ambientais.<\/p>\n<p style=\"text-align: justify;\">&#8220;Fungos patog\u00eanicos, predominante geof\u00edlicos, podem ser isolados da poeira e do ar atmosf\u00e9rico, tal como ocorre com o\u00a0<a href=\"https:\/\/pt.wikipedia.org\/wiki\/Histoplasma_capsulatum\" target=\"_blank\" rel=\"noopener\">Histoplasma capsulatum\u00a0<\/a>e o\u00a0<a href=\"https:\/\/pt.wikipedia.org\/wiki\/Coccidioides_immitis\" target=\"_blank\" rel=\"noopener\">Coccidioides immitis<\/a>&#8220;, explica a pesquisadora Arailde Urben, especialista em fungos fitopatog\u00eanicos, fungos ex\u00f3ticos e fungos comest\u00edveis e medicinais (macromicetos). &#8220;O \u00edndice de contamina\u00e7\u00e3o nesses ambientes \u00e9 muito grande e os funcion\u00e1rios podem apresentar problemas respirat\u00f3rios ou manifesta\u00e7\u00f5es al\u00e9rgicas&#8221;, ressalta a especialista.<\/p>\n<p style=\"text-align: justify;\">O curso pretende contribuir com a minimiza\u00e7\u00e3o ou erradica\u00e7\u00e3o de pragas que afetam os livros, arquivos e documentos e principalmente com o risco de doen\u00e7as que podem ser prejudiciais ao ser humano. Para isso, o conte\u00fado program\u00e1tico inclui aulas te\u00f3ricas e pr\u00e1ticas. Os principais assuntos abordados ser\u00e3o:<\/p>\n<p style=\"text-align: justify;\">\u00a0&#8211; Contextualiza\u00e7\u00e3o do curso e panorama dos acervos da Embrapa em rela\u00e7\u00e3o \u00e0 preven\u00e7\u00e3o e ao controle de pragas;<\/p>\n<p style=\"text-align: justify;\">\u00a0&#8211; Fungos que afetam o homem no ambiente de trabalho;<\/p>\n<p style=\"text-align: justify;\">\u00a0&#8211; Identifica\u00e7\u00e3o e controle de fungos;<\/p>\n<p style=\"text-align: justify;\">\u00a0&#8211; No\u00e7\u00f5es de insetos, danos causados, preven\u00e7\u00e3o e controle;<\/p>\n<p style=\"text-align: justify;\">\u00a0&#8211; No\u00e7\u00f5es de seguran\u00e7a com defensivos qu\u00edmicos.<\/p>\n<p style=\"text-align: justify;\">A parte pr\u00e1tica do curso inclui uma visita ao Arquivo Central e \u00e0 Biblioteca da Embrapa Sede, onde ser\u00e1 ministrada aula pr\u00e1tica sobre &#8220;A import\u00e2ncia da conserva\u00e7\u00e3o preventiva em acervos&#8221;, com a Chefe do Laborat\u00f3rio de Conserva\u00e7\u00e3o e Restaura\u00e7\u00e3o do Documentos do Superior Tribunal de Justi\u00e7a (STJ), Dr.\u00aa Maria Solange Brito Silva Meira.<\/p>\n<p style=\"text-align: justify;\">H\u00e1 40 vagas dispon\u00edveis, sendo 10 reservadas para empregados da Embrapa. O curso tem carga hor\u00e1ria total de 16 horas\/aula e acontecer\u00e1 nos dias 12 e 13 de setembro, das 8h \u00e0s 12h e das 14h \u00e0s 18h, nas depend\u00eancias da Embrapa Recursos Gen\u00e9ticos e Biotecnologia, em Bras\u00edlia &#8211; DF. A coordena\u00e7\u00e3o t\u00e9cnica \u00e9 dos pesquisadores Arailde Fontes Urben e Norton Polo Benito. Outros instrutores s\u00e3o: Dra. Alessandra Silva, Prof.\u00ba M\u00e1rcio Wandr\u00e9 Morais de Oliveira e Dra. Ros\u00e2ngela Galon Arruda.<\/p>\n<p style=\"text-align: justify;\">Inscri\u00e7\u00f5es at\u00e9 o dia 03 de setembro de 2018 no site:\u00a0<a href=\"https:\/\/www.embrapa.br\/recursos-geneticos-e-biotecnologia\/curso-cfpb\" target=\"_blank\" rel=\"noopener\">https:\/\/www.embrapa.br\/recursos-geneticos-e-biotecnologia\/curso-cfpb<\/a>. Mais informa\u00e7\u00f5es pelo e-mail: cenargen.cursos@embrapa.br.<\/p>\n<p style=\"text-align: justify;\">Irene Santana\u00a0(MTb 11.354\/DF) |Embrapa Recursos Gen\u00e9ticos e Biotecnologia.<\/p>\n<p style=\"text-align: justify;\">Contatos para a imprensa: cenargen.nco@embrapa.br\u00a0\/ Telefone:\u00a0(61) 3448-4769.<\/p>\n<p style=\"text-align: justify;\">Mais informa\u00e7\u00f5es sobre o tema: Servi\u00e7o de Atendimento ao Cidad\u00e3o (SAC) &#8211;\u00a0<a title=\"Servi\u00e7o de Atendimento ao Cidad\u00e3o (SAC)\" href=\"https:\/\/www.embrapa.br\/fale-conosco\/sac\/\">www.embrapa.br\/fale-conosco\/sac\/<\/a>.<\/p>\n<p style=\"text-align: right;\">Fonte &#8211; Embrapa<\/p>\n","protected":false},"excerpt":{"rendered":"<p>Treinamento \u00e9 gratuito e voltado para servidores p\u00fablicos que atuam em museus, bibliotecas e arquivos. As bibliotecas s\u00e3o, al\u00e9m de espa\u00e7os para guardar o conhecimento em forma de publica\u00e7\u00f5es, um ambiente favor\u00e1vel ao crescimento f\u00fangico, pois apresentam grande concentra\u00e7\u00e3o de mat\u00e9ria org\u00e2nica associada a uma climatiza\u00e7\u00e3o muitas vezes deficiente. Pensando nisso, a pesquisadora e micologista\u00a0Arailde [&hellip;]<\/p>\n","protected":false},"author":1,"featured_media":0,"comment_status":"open","ping_status":"open","sticky":false,"template":"","format":"standard","meta":{"site-sidebar-layout":"default","site-content-layout":"","ast-site-content-layout":"default","site-content-style":"default","site-sidebar-style":"default","ast-global-header-display":"","ast-banner-title-visibility":"","ast-main-header-display":"","ast-hfb-above-header-display":"","ast-hfb-below-header-display":"","ast-hfb-mobile-header-display":"","site-post-title":"","ast-breadcrumbs-content":"","ast-featured-img":"","footer-sml-layout":"","ast-disable-related-posts":"","theme-transparent-header-meta":"","adv-header-id-meta":"","stick-header-meta":"","header-above-stick-meta":"","header-main-stick-meta":"","header-below-stick-meta":"","astra-migrate-meta-layouts":"default","ast-page-background-enabled":"default","ast-page-background-meta":{"desktop":{"background-color":"","background-image":"","background-repeat":"repeat","background-position":"center center","background-size":"auto","background-attachment":"scroll","background-type":"","background-media":"","overlay-type":"","overlay-color":"","overlay-opacity":"","overlay-gradient":""},"tablet":{"background-color":"","background-image":"","background-repeat":"repeat","background-position":"center center","background-size":"auto","background-attachment":"scroll","background-type":"","background-media":"","overlay-type":"","overlay-color":"","overlay-opacity":"","overlay-gradient":""},"mobile":{"background-color":"","background-image":"","background-repeat":"repeat","background-position":"center center","background-size":"auto","background-attachment":"scroll","background-type":"","background-media":"","overlay-type":"","overlay-color":"","overlay-opacity":"","overlay-gradient":""}},"ast-content-background-meta":{"desktop":{"background-color":"var(--ast-global-color-5)","background-image":"","background-repeat":"repeat","background-position":"center center","background-size":"auto","background-attachment":"scroll","background-type":"","background-media":"","overlay-type":"","overlay-color":"","overlay-opacity":"","overlay-gradient":""},"tablet":{"background-color":"var(--ast-global-color-5)","background-image":"","background-repeat":"repeat","background-position":"center center","background-size":"auto","background-attachment":"scroll","background-type":"","background-media":"","overlay-type":"","overlay-color":"","overlay-opacity":"","overlay-gradient":""},"mobile":{"background-color":"var(--ast-global-color-5)","background-image":"","background-repeat":"repeat","background-position":"center center","background-size":"auto","background-attachment":"scroll","background-type":"","background-media":"","overlay-type":"","overlay-color":"","overlay-opacity":"","overlay-gradient":""}},"footnotes":""},"categories":[1],"tags":[321,71,124,323,481],"class_list":["post-7456","post","type-post","status-publish","format-standard","hentry","category-noticias","tag-arquivos","tag-bibliotecarios","tag-bibliotecas","tag-curso","tag-embrapa"],"_links":{"self":[{"href":"https:\/\/crb1.org.br\/site\/wp-json\/wp\/v2\/posts\/7456","targetHints":{"allow":["GET"]}}],"collection":[{"href":"https:\/\/crb1.org.br\/site\/wp-json\/wp\/v2\/posts"}],"about":[{"href":"https:\/\/crb1.org.br\/site\/wp-json\/wp\/v2\/types\/post"}],"author":[{"embeddable":true,"href":"https:\/\/crb1.org.br\/site\/wp-json\/wp\/v2\/users\/1"}],"replies":[{"embeddable":true,"href":"https:\/\/crb1.org.br\/site\/wp-json\/wp\/v2\/comments?post=7456"}],"version-history":[{"count":0,"href":"https:\/\/crb1.org.br\/site\/wp-json\/wp\/v2\/posts\/7456\/revisions"}],"wp:attachment":[{"href":"https:\/\/crb1.org.br\/site\/wp-json\/wp\/v2\/media?parent=7456"}],"wp:term":[{"taxonomy":"category","embeddable":true,"href":"https:\/\/crb1.org.br\/site\/wp-json\/wp\/v2\/categories?post=7456"},{"taxonomy":"post_tag","embeddable":true,"href":"https:\/\/crb1.org.br\/site\/wp-json\/wp\/v2\/tags?post=7456"}],"curies":[{"name":"wp","href":"https:\/\/api.w.org\/{rel}","templated":true}]}}