{"id":8328,"date":"2023-09-18T16:33:44","date_gmt":"2023-09-18T19:33:44","guid":{"rendered":"https:\/\/crb1.org.br\/site\/?p=8328"},"modified":"2024-04-04T10:26:30","modified_gmt":"2024-04-04T13:26:30","slug":"oportunidade-universidade-federal-de-catalao-abre-concurso-publico-para-contratacao-de-bibliotecarioa","status":"publish","type":"post","link":"https:\/\/crb1.org.br\/site\/2023\/09\/oportunidade-universidade-federal-de-catalao-abre-concurso-publico-para-contratacao-de-bibliotecarioa\/","title":{"rendered":"Oportunidade &#8211; Universidade Federal De Catal\u00e3o Abre Concurso P\u00fablico Para Contrata\u00e7\u00e3o De Bibliotec\u00e1rio(a)"},"content":{"rendered":"<p dir=\"auto\">A Universidade Federal de Catal\u00e3o (UFCAT) lan\u00e7ou no \u00faltimo dia 14 de setembro de 2023, edital para provimento de vagas em concurso p\u00fablico de T\u00e9cnicos-administrativos em Educa\u00e7\u00e3o. A Institui\u00e7\u00e3o disponibilizou duas (02) vagas para o cargo de Bibliotec\u00e1rio-Documentalista (para atuar na cidade de Catal\u00e3o-GO).<br \/>\nAs inscri\u00e7\u00f5es ocorrer\u00e3o entre o dia 5\/10 a 30\/10\/2023. As provas ocorrer\u00e3o no dia 19 de novembro de 2023.<\/p>\n<p dir=\"auto\">Ficou interessado? Anote as informa\u00e7\u00f5es abaixo e compartilhe:<\/p>\n<p dir=\"auto\"><em><strong>Concurso P\u00fablico UFCAT &#8211; T\u00e9cnico-Administrativo em Educa\u00e7\u00e3o<\/strong><\/em><br \/>\n\ud83d\udcda02 vagas para Bibliotec\u00e1rio-Documentalista<br \/>\n\ud83d\udccdLocal: Catal\u00e3o-GO<br \/>\n\ud83d\udcb2Renumera\u00e7\u00e3o do cargo: R$ 4.556,92<br \/>\n\ud83d\uddd3\ufe0f Per\u00edodo de inscri\u00e7\u00f5es: 5\/10 a \/30\/10\/2023<br \/>\n\ud83d\udcb2Valor da inscri\u00e7\u00e3o &#8211; R$ 140,00 (cento e quarenta reais)<br \/>\n\ud83d\udcdd Prova: 19\/11\/2023<br \/>\n\ud83d\udc69\ud83c\udffe\u200d\ud83d\udcbb Para mais informa\u00e7\u00f5es acesse:\u00a0<a href=\"https:\/\/institutoverbena.ufg.br\/\" target=\"_blank\" rel=\"nofollow noopener noreferrer ugc\">https:\/\/institutoverbena.ufg.br\/<\/a><\/p>\n<p dir=\"auto\">\u200c<\/p>\n<p dir=\"auto\"><em>Conselho Regional de Biblioteconomia da 1\u00aa Regi\u00e3o<\/em><\/p>\n","protected":false},"excerpt":{"rendered":"<p>A Universidade Federal de Catal\u00e3o (UFCAT) lan\u00e7ou no \u00faltimo dia 14 de setembro de 2023, edital para provimento de vagas em concurso p\u00fablico de T\u00e9cnicos-administrativos em Educa\u00e7\u00e3o. A Institui\u00e7\u00e3o disponibilizou duas (02) vagas para o cargo de Bibliotec\u00e1rio-Documentalista (para atuar na cidade de Catal\u00e3o-GO). As inscri\u00e7\u00f5es ocorrer\u00e3o entre o dia 5\/10 a 30\/10\/2023. As provas [&hellip;]<\/p>\n","protected":false},"author":2,"featured_media":8329,"comment_status":"closed","ping_status":"closed","sticky":false,"template":"","format":"standard","meta":{"site-sidebar-layout":"default","site-content-layout":"","ast-site-content-layout":"default","site-content-style":"default","site-sidebar-style":"default","ast-global-header-display":"","ast-banner-title-visibility":"","ast-main-header-display":"","ast-hfb-above-header-display":"","ast-hfb-below-header-display":"","ast-hfb-mobile-header-display":"","site-post-title":"","ast-breadcrumbs-content":"","ast-featured-img":"","footer-sml-layout":"","ast-disable-related-posts":"","theme-transparent-header-meta":"default","adv-header-id-meta":"","stick-header-meta":"","header-above-stick-meta":"","header-main-stick-meta":"","header-below-stick-meta":"","astra-migrate-meta-layouts":"set","ast-page-background-enabled":"default","ast-page-background-meta":{"desktop":{"background-color":"","background-image":"","background-repeat":"repeat","background-position":"center center","background-size":"auto","background-attachment":"scroll","background-type":"","background-media":"","overlay-type":"","overlay-color":"","overlay-opacity":"","overlay-gradient":""},"tablet":{"background-color":"","background-image":"","background-repeat":"repeat","background-position":"center center","background-size":"auto","background-attachment":"scroll","background-type":"","background-media":"","overlay-type":"","overlay-color":"","overlay-opacity":"","overlay-gradient":""},"mobile":{"background-color":"","background-image":"","background-repeat":"repeat","background-position":"center center","background-size":"auto","background-attachment":"scroll","background-type":"","background-media":"","overlay-type":"","overlay-color":"","overlay-opacity":"","overlay-gradient":""}},"ast-content-background-meta":{"desktop":{"background-color":"var(--ast-global-color-5)","background-image":"","background-repeat":"repeat","background-position":"center center","background-size":"auto","background-attachment":"scroll","background-type":"","background-media":"","overlay-type":"","overlay-color":"","overlay-opacity":"","overlay-gradient":""},"tablet":{"background-color":"var(--ast-global-color-5)","background-image":"","background-repeat":"repeat","background-position":"center center","background-size":"auto","background-attachment":"scroll","background-type":"","background-media":"","overlay-type":"","overlay-color":"","overlay-opacity":"","overlay-gradient":""},"mobile":{"background-color":"var(--ast-global-color-5)","background-image":"","background-repeat":"repeat","background-position":"center center","background-size":"auto","background-attachment":"scroll","background-type":"","background-media":"","overlay-type":"","overlay-color":"","overlay-opacity":"","overlay-gradient":""}},"footnotes":""},"categories":[22],"tags":[],"class_list":["post-8328","post","type-post","status-publish","format-standard","has-post-thumbnail","hentry","category-oportunidades"],"_links":{"self":[{"href":"https:\/\/crb1.org.br\/site\/wp-json\/wp\/v2\/posts\/8328","targetHints":{"allow":["GET"]}}],"collection":[{"href":"https:\/\/crb1.org.br\/site\/wp-json\/wp\/v2\/posts"}],"about":[{"href":"https:\/\/crb1.org.br\/site\/wp-json\/wp\/v2\/types\/post"}],"author":[{"embeddable":true,"href":"https:\/\/crb1.org.br\/site\/wp-json\/wp\/v2\/users\/2"}],"replies":[{"embeddable":true,"href":"https:\/\/crb1.org.br\/site\/wp-json\/wp\/v2\/comments?post=8328"}],"version-history":[{"count":0,"href":"https:\/\/crb1.org.br\/site\/wp-json\/wp\/v2\/posts\/8328\/revisions"}],"wp:featuredmedia":[{"embeddable":true,"href":"https:\/\/crb1.org.br\/site\/wp-json\/wp\/v2\/media\/8329"}],"wp:attachment":[{"href":"https:\/\/crb1.org.br\/site\/wp-json\/wp\/v2\/media?parent=8328"}],"wp:term":[{"taxonomy":"category","embeddable":true,"href":"https:\/\/crb1.org.br\/site\/wp-json\/wp\/v2\/categories?post=8328"},{"taxonomy":"post_tag","embeddable":true,"href":"https:\/\/crb1.org.br\/site\/wp-json\/wp\/v2\/tags?post=8328"}],"curies":[{"name":"wp","href":"https:\/\/api.w.org\/{rel}","templated":true}]}}