{"id":8407,"date":"2023-09-29T16:47:47","date_gmt":"2023-09-29T19:47:47","guid":{"rendered":"https:\/\/crb1.org.br\/site\/?p=8407"},"modified":"2023-09-29T16:47:47","modified_gmt":"2023-09-29T19:47:47","slug":"conselho-federal-de-biblioteconomia-cfb-publica-resolucao-autorizando-a-campanha-de-conciliaclao-e-quitacao-de-debitos-anteriores-ao-exercicio-de-2023","status":"publish","type":"post","link":"https:\/\/crb1.org.br\/site\/2023\/09\/conselho-federal-de-biblioteconomia-cfb-publica-resolucao-autorizando-a-campanha-de-conciliaclao-e-quitacao-de-debitos-anteriores-ao-exercicio-de-2023\/","title":{"rendered":"CONSELHO FEDERAL DE BIBLIOTECONOMIA (CFB) PUBLICA RESOLU\u00c7\u00c3O AUTORIZANDO A CAMPANHA DE CONCILIA\u00c7L\u00c3O E QUITA\u00c7\u00c3O DE D\u00c9BITOS ANTERIORES AO EXERC\u00cdCIO DE 2023"},"content":{"rendered":"<p dir=\"auto\">Foi publicada no Di\u00e1rio Oficial da Uni\u00e3o (DOU) do \u00faltimo dia 27 de setembro de 2023 a\u00a0<strong>Resolu\u00e7\u00e3o CFB n\u00ba 260<\/strong>, a qual\u00a0<strong>disp\u00f5e sobre a campanha de concilia\u00e7\u00e3o e quita\u00e7\u00e3o de d\u00e9bitos anteriores ao exerc\u00edcio de 2023 e estabelece outras provid\u00eancias<\/strong>. A Resolu\u00e7\u00e3o visa definir crit\u00e9rios para a cobran\u00e7a de anuidades de pessoas f\u00edsicas e jur\u00eddicas, bem como multas por infra\u00e7\u00e3o e multas eleitorais relacionadas aos Conselhos Regionais de Biblioteconomia. O artigo 3\u00ba da Resolu\u00e7\u00e3o estabelece crit\u00e9rios de pagamento e parcelamento dos valores devidos.<\/p>\n<p dir=\"auto\">Al\u00e9m disso, de acordo com a Resolu\u00e7\u00e3o CFB n\u00ba 260\/2023,\u00a0<strong>a campanha de concilia\u00e7\u00e3o dos Conselhos Regionais de Biblioteconomia tem in\u00edcio a partir da data de publica\u00e7\u00e3o no DOU (27\/9\/2023) e deve ser encerrada em 29 de dezembro de 2023<\/strong>.<\/p>\n<p dir=\"auto\">Para saber mais, acesse a Resolu\u00e7\u00e3o na \u00edntegra no seguinte link:<\/p>\n<p dir=\"auto\"><a href=\"https:\/\/www.in.gov.br\/en\/web\/dou\/-\/resolucao-cfb-n-260-de-19-de-setembro-de-2023-512459720\" target=\"_blank\" rel=\"nofollow noopener noreferrer ugc\"><strong>https:\/\/www.in.gov.br\/en\/web\/dou\/-\/resolucao-cfb-n-260-de-19-de-setembro-de-2023-512459720<\/strong><\/a><\/p>\n<p dir=\"auto\">\u200c<\/p>\n<p dir=\"auto\"><em>Conselho Regional de Biblioteconomia da 1\u00aa Regi\u00e3o<\/em><\/p>\n","protected":false},"excerpt":{"rendered":"<p>Foi publicada no Di\u00e1rio Oficial da Uni\u00e3o (DOU) do \u00faltimo dia 27 de setembro de 2023 a\u00a0Resolu\u00e7\u00e3o CFB n\u00ba 260, a qual\u00a0disp\u00f5e sobre a campanha de concilia\u00e7\u00e3o e quita\u00e7\u00e3o de d\u00e9bitos anteriores ao exerc\u00edcio de 2023 e estabelece outras provid\u00eancias. A Resolu\u00e7\u00e3o visa definir crit\u00e9rios para a cobran\u00e7a de anuidades de pessoas f\u00edsicas e jur\u00eddicas, [&hellip;]<\/p>\n","protected":false},"author":2,"featured_media":8408,"comment_status":"closed","ping_status":"closed","sticky":false,"template":"","format":"standard","meta":{"site-sidebar-layout":"default","site-content-layout":"","ast-site-content-layout":"default","site-content-style":"default","site-sidebar-style":"default","ast-global-header-display":"","ast-banner-title-visibility":"","ast-main-header-display":"","ast-hfb-above-header-display":"","ast-hfb-below-header-display":"","ast-hfb-mobile-header-display":"","site-post-title":"","ast-breadcrumbs-content":"","ast-featured-img":"","footer-sml-layout":"","ast-disable-related-posts":"","theme-transparent-header-meta":"default","adv-header-id-meta":"","stick-header-meta":"","header-above-stick-meta":"","header-main-stick-meta":"","header-below-stick-meta":"","astra-migrate-meta-layouts":"set","ast-page-background-enabled":"default","ast-page-background-meta":{"desktop":{"background-color":"","background-image":"","background-repeat":"repeat","background-position":"center center","background-size":"auto","background-attachment":"scroll","background-type":"","background-media":"","overlay-type":"","overlay-color":"","overlay-opacity":"","overlay-gradient":""},"tablet":{"background-color":"","background-image":"","background-repeat":"repeat","background-position":"center center","background-size":"auto","background-attachment":"scroll","background-type":"","background-media":"","overlay-type":"","overlay-color":"","overlay-opacity":"","overlay-gradient":""},"mobile":{"background-color":"","background-image":"","background-repeat":"repeat","background-position":"center center","background-size":"auto","background-attachment":"scroll","background-type":"","background-media":"","overlay-type":"","overlay-color":"","overlay-opacity":"","overlay-gradient":""}},"ast-content-background-meta":{"desktop":{"background-color":"var(--ast-global-color-5)","background-image":"","background-repeat":"repeat","background-position":"center center","background-size":"auto","background-attachment":"scroll","background-type":"","background-media":"","overlay-type":"","overlay-color":"","overlay-opacity":"","overlay-gradient":""},"tablet":{"background-color":"var(--ast-global-color-5)","background-image":"","background-repeat":"repeat","background-position":"center center","background-size":"auto","background-attachment":"scroll","background-type":"","background-media":"","overlay-type":"","overlay-color":"","overlay-opacity":"","overlay-gradient":""},"mobile":{"background-color":"var(--ast-global-color-5)","background-image":"","background-repeat":"repeat","background-position":"center center","background-size":"auto","background-attachment":"scroll","background-type":"","background-media":"","overlay-type":"","overlay-color":"","overlay-opacity":"","overlay-gradient":""}},"footnotes":""},"categories":[21,1],"tags":[],"class_list":["post-8407","post","type-post","status-publish","format-standard","has-post-thumbnail","hentry","category-destaques","category-noticias"],"_links":{"self":[{"href":"https:\/\/crb1.org.br\/site\/wp-json\/wp\/v2\/posts\/8407","targetHints":{"allow":["GET"]}}],"collection":[{"href":"https:\/\/crb1.org.br\/site\/wp-json\/wp\/v2\/posts"}],"about":[{"href":"https:\/\/crb1.org.br\/site\/wp-json\/wp\/v2\/types\/post"}],"author":[{"embeddable":true,"href":"https:\/\/crb1.org.br\/site\/wp-json\/wp\/v2\/users\/2"}],"replies":[{"embeddable":true,"href":"https:\/\/crb1.org.br\/site\/wp-json\/wp\/v2\/comments?post=8407"}],"version-history":[{"count":0,"href":"https:\/\/crb1.org.br\/site\/wp-json\/wp\/v2\/posts\/8407\/revisions"}],"wp:featuredmedia":[{"embeddable":true,"href":"https:\/\/crb1.org.br\/site\/wp-json\/wp\/v2\/media\/8408"}],"wp:attachment":[{"href":"https:\/\/crb1.org.br\/site\/wp-json\/wp\/v2\/media?parent=8407"}],"wp:term":[{"taxonomy":"category","embeddable":true,"href":"https:\/\/crb1.org.br\/site\/wp-json\/wp\/v2\/categories?post=8407"},{"taxonomy":"post_tag","embeddable":true,"href":"https:\/\/crb1.org.br\/site\/wp-json\/wp\/v2\/tags?post=8407"}],"curies":[{"name":"wp","href":"https:\/\/api.w.org\/{rel}","templated":true}]}}