{"id":8454,"date":"2023-10-05T08:25:39","date_gmt":"2023-10-05T11:25:39","guid":{"rendered":"https:\/\/crb1.org.br\/site\/?p=8454"},"modified":"2023-10-05T08:25:39","modified_gmt":"2023-10-05T11:25:39","slug":"eleicoes-crb-1-2023-confira-as-principais-informacoes-para-realizar-o-seu-voto","status":"publish","type":"post","link":"https:\/\/crb1.org.br\/site\/2023\/10\/eleicoes-crb-1-2023-confira-as-principais-informacoes-para-realizar-o-seu-voto\/","title":{"rendered":"ELEI\u00c7\u00d5ES CRB-1 2023 &#8211; CONFIRA AS PRINCIPAIS INFORMA\u00c7\u00d5ES PARA REALIZAR O SEU VOTO"},"content":{"rendered":"<p dir=\"auto\">O\u00a0<strong>Conselho Federal de Biblioteconomia (CFB)<\/strong>\u00a0divulgou a Resolu\u00e7\u00e3o CFB n\u00ba 258\/2023, que disp\u00f5e sobre as Elei\u00e7\u00f5es nos Conselhos Regionais de Biblioteconomia (CRBs) para o tri\u00eanio 2024\/2026. De acordo com a resolu\u00e7\u00e3o, as elei\u00e7\u00f5es no Conselho Regional de Biblioteconomia da 1\u00aa Regi\u00e3o (CRB-1) est\u00e3o programadas para ocorrer entre os dias\u00a0<strong>23 e 27 de outubro de 2023. Podem votar bibliotec\u00e1rias e bibliotec\u00e1rios com o registro ativo no CRB-1<\/strong>.<\/p>\n<p dir=\"auto\">A vota\u00e7\u00e3o ocorrer\u00e1 por meio da Internet.\u00a0<strong>Ser\u00e1 disponibilizado um sistema de login e senha para as(os) profissionais exercerem seu voto de forma segura e sigilosa<\/strong>. O sistema de vota\u00e7\u00e3o online estar\u00e1 dispon\u00edvel a partir das 8 horas do primeiro dia da vota\u00e7\u00e3o, 23 de outubro, at\u00e9 \u00e0s 21 horas do dia 27 de outubro. Al\u00e9m disso, no \u00faltimo dia de vota\u00e7\u00e3o, 27 de outubro, das 8h \u00e0s 18h, a sede do CRB-1, localizada em Bras\u00edlia-DF, disponibilizar\u00e1 terminal de computador, com recurso de acessibilidade para aquelas(es) profissionais que preferirem votar presencialmente.<\/p>\n<p dir=\"auto\">\u00c9 importante ressaltar que o voto \u00e9 obrigat\u00f3rio para todos os profissionais com registro ativo no CRB-1. Aqueles que n\u00e3o cumprirem com essa obriga\u00e7\u00e3o e\/ou n\u00e3o justificarem a aus\u00eancia no pleito estar\u00e3o sujeitos a uma multa correspondente a dez por cento (10%) do valor da anuidade vigente. A justificativa de aus\u00eancia dever\u00e1 ser apresentada por escrito, via e-mail ou enviada via Correios, endere\u00e7ada \u00e0 sede do CRB-1, no prazo de trinta (30) dias ap\u00f3s a realiza\u00e7\u00e3o do pleito eleitoral.<\/p>\n<p dir=\"auto\">\u00c9 essencial que os bibliotec\u00e1rios e bibliotec\u00e1rias estejam plenamente informados sobre as regras e prazos estabelecidos para garantir uma participa\u00e7\u00e3o efetiva neste momento democr\u00e1tico do CRB-1.<\/p>\n<p dir=\"auto\">Com a vota\u00e7\u00e3o se aproximando, a comunidade bibliotec\u00e1ria \u00e9 convidada a participar ativamente das Elei\u00e7\u00f5es CRB-1, contribuindo para a escolha dos representantes que ir\u00e3o zelar pelos interesses da categoria na regi\u00e3o.<\/p>\n<p dir=\"auto\">Para acessar a Resolu\u00e7\u00e3o CFB n\u00ba 258\/2023 na \u00edntegra, clique\u00a0<a title=\"\u200c\" href=\"http:\/\/repositorio.cfb.org.br\/bitstream\/123456789\/1413\/1\/Resolucao%20CFB%20258-2023.pdf\" target=\"_blank\" rel=\"nofollow noopener noreferrer ugc\">aqui<\/a>.<\/p>\n<p dir=\"auto\"><strong>Anote as informa\u00e7\u00f5es:<\/strong><\/p>\n<p dir=\"auto\"><strong>Elei\u00e7\u00f5es CRB-1 &#8211; de 23 a 27 de outubro de 2023.<\/strong><\/p>\n<p dir=\"auto\"><strong>Formas de vota\u00e7\u00e3o:<\/strong><\/p>\n<ul>\n<li>Na Internet, a partir das 8h. do dia 23\/10 at\u00e9 \u00e0s 21h. do dia 27\/10<\/li>\n<li>Na sede do CRB-1 em Bras\u00edlia, no dia 27\/10, das 8h \u00e0s 18h.<\/li>\n<li>Endere\u00e7o da sede do CRB-1:\u00a0<strong>Endere\u00e7o:<\/strong>\u00a0SCLN 407 bloco D N\u00ba 30 \u2013 Asa Norte, Bras\u00edlia \/ DF &#8211; CEP: 70.855-540<br \/>\nTelefone (61)\u00a0<strong>3274-0345 e-mail:\u00a0<a href=\"mailto:crb1@crb1.org.br\">crb1@crb1.org.br<\/a><\/strong><\/li>\n<\/ul>\n<p dir=\"auto\"><strong>Quem pode votar:<\/strong>\u00a0Bibliotec\u00e1rias e Bibliotec\u00e1rios com registro ativo no CRB-1.<\/p>\n<p dir=\"auto\"><em>Conselho Regional de Biblioteconomia da 1\u00aa Regi\u00e3o<\/em><\/p>\n","protected":false},"excerpt":{"rendered":"<p>O\u00a0Conselho Federal de Biblioteconomia (CFB)\u00a0divulgou a Resolu\u00e7\u00e3o CFB n\u00ba 258\/2023, que disp\u00f5e sobre as Elei\u00e7\u00f5es nos Conselhos Regionais de Biblioteconomia (CRBs) para o tri\u00eanio 2024\/2026. De acordo com a resolu\u00e7\u00e3o, as elei\u00e7\u00f5es no Conselho Regional de Biblioteconomia da 1\u00aa Regi\u00e3o (CRB-1) est\u00e3o programadas para ocorrer entre os dias\u00a023 e 27 de outubro de 2023. Podem [&hellip;]<\/p>\n","protected":false},"author":2,"featured_media":8455,"comment_status":"closed","ping_status":"closed","sticky":false,"template":"","format":"standard","meta":{"site-sidebar-layout":"default","site-content-layout":"","ast-site-content-layout":"default","site-content-style":"default","site-sidebar-style":"default","ast-global-header-display":"","ast-banner-title-visibility":"","ast-main-header-display":"","ast-hfb-above-header-display":"","ast-hfb-below-header-display":"","ast-hfb-mobile-header-display":"","site-post-title":"","ast-breadcrumbs-content":"","ast-featured-img":"","footer-sml-layout":"","ast-disable-related-posts":"","theme-transparent-header-meta":"default","adv-header-id-meta":"","stick-header-meta":"","header-above-stick-meta":"","header-main-stick-meta":"","header-below-stick-meta":"","astra-migrate-meta-layouts":"set","ast-page-background-enabled":"default","ast-page-background-meta":{"desktop":{"background-color":"","background-image":"","background-repeat":"repeat","background-position":"center center","background-size":"auto","background-attachment":"scroll","background-type":"","background-media":"","overlay-type":"","overlay-color":"","overlay-opacity":"","overlay-gradient":""},"tablet":{"background-color":"","background-image":"","background-repeat":"repeat","background-position":"center center","background-size":"auto","background-attachment":"scroll","background-type":"","background-media":"","overlay-type":"","overlay-color":"","overlay-opacity":"","overlay-gradient":""},"mobile":{"background-color":"","background-image":"","background-repeat":"repeat","background-position":"center center","background-size":"auto","background-attachment":"scroll","background-type":"","background-media":"","overlay-type":"","overlay-color":"","overlay-opacity":"","overlay-gradient":""}},"ast-content-background-meta":{"desktop":{"background-color":"var(--ast-global-color-5)","background-image":"","background-repeat":"repeat","background-position":"center center","background-size":"auto","background-attachment":"scroll","background-type":"","background-media":"","overlay-type":"","overlay-color":"","overlay-opacity":"","overlay-gradient":""},"tablet":{"background-color":"var(--ast-global-color-5)","background-image":"","background-repeat":"repeat","background-position":"center center","background-size":"auto","background-attachment":"scroll","background-type":"","background-media":"","overlay-type":"","overlay-color":"","overlay-opacity":"","overlay-gradient":""},"mobile":{"background-color":"var(--ast-global-color-5)","background-image":"","background-repeat":"repeat","background-position":"center center","background-size":"auto","background-attachment":"scroll","background-type":"","background-media":"","overlay-type":"","overlay-color":"","overlay-opacity":"","overlay-gradient":""}},"footnotes":""},"categories":[21,1],"tags":[],"class_list":["post-8454","post","type-post","status-publish","format-standard","has-post-thumbnail","hentry","category-destaques","category-noticias"],"_links":{"self":[{"href":"https:\/\/crb1.org.br\/site\/wp-json\/wp\/v2\/posts\/8454","targetHints":{"allow":["GET"]}}],"collection":[{"href":"https:\/\/crb1.org.br\/site\/wp-json\/wp\/v2\/posts"}],"about":[{"href":"https:\/\/crb1.org.br\/site\/wp-json\/wp\/v2\/types\/post"}],"author":[{"embeddable":true,"href":"https:\/\/crb1.org.br\/site\/wp-json\/wp\/v2\/users\/2"}],"replies":[{"embeddable":true,"href":"https:\/\/crb1.org.br\/site\/wp-json\/wp\/v2\/comments?post=8454"}],"version-history":[{"count":0,"href":"https:\/\/crb1.org.br\/site\/wp-json\/wp\/v2\/posts\/8454\/revisions"}],"wp:featuredmedia":[{"embeddable":true,"href":"https:\/\/crb1.org.br\/site\/wp-json\/wp\/v2\/media\/8455"}],"wp:attachment":[{"href":"https:\/\/crb1.org.br\/site\/wp-json\/wp\/v2\/media?parent=8454"}],"wp:term":[{"taxonomy":"category","embeddable":true,"href":"https:\/\/crb1.org.br\/site\/wp-json\/wp\/v2\/categories?post=8454"},{"taxonomy":"post_tag","embeddable":true,"href":"https:\/\/crb1.org.br\/site\/wp-json\/wp\/v2\/tags?post=8454"}],"curies":[{"name":"wp","href":"https:\/\/api.w.org\/{rel}","templated":true}]}}