{"id":8539,"date":"2023-11-29T11:08:35","date_gmt":"2023-11-29T14:08:35","guid":{"rendered":"https:\/\/crb1.org.br\/site\/?p=8539"},"modified":"2023-11-29T11:08:35","modified_gmt":"2023-11-29T14:08:35","slug":"evento-participe-da-mostra-de-pesquisa-cenarios-da-leitura-inclusiva","status":"publish","type":"post","link":"https:\/\/crb1.org.br\/site\/2023\/11\/evento-participe-da-mostra-de-pesquisa-cenarios-da-leitura-inclusiva\/","title":{"rendered":"EVENTO &#8211; PARTICIPE DA MOSTRA DE PESQUISA &#8211; CEN\u00c1RIOS DA LEITURA INCLUSIVA"},"content":{"rendered":"<p dir=\"auto\">No pr\u00f3ximo dia 5 de dezembro de 2023, acontecer\u00e1 a Mostra de Pesquisa &#8211; Cen\u00e1rios da Leitura Inclusiva. O evento \u00e9 uma organiza\u00e7\u00e3o da Funda\u00e7\u00e3o Dorina Nowill para Cegos e a Biblioteca Braille Jos\u00e9 \u00c1lvares de Azevedo (Secretaria de Estado de Cultura de Goi\u00e1s &#8211; Secult).<\/p>\n<p dir=\"auto\">O evento contar\u00e1 com as seguintes atra\u00e7\u00f5es:<\/p>\n<ul>\n<li>Apresenta\u00e7\u00e3o da pesquisa<\/li>\n<li>Mesa de debates<\/li>\n<li>Roda de conversa<\/li>\n<li>Lan\u00e7amento de livros infantis<\/li>\n<li>Oficina com livros infantis<\/li>\n<\/ul>\n<p dir=\"auto\">O Evento \u00e9 presencial e acontecer\u00e1 em dois momentos:<\/p>\n<ul>\n<li>8h \u00e0s 12h\u00a0<strong>Biblioteca Braille \u00c1lvares de Azevedo<\/strong>, localizada no Centro Cultural Marietta Telles Machado &#8211; Pra\u00e7a Dr. Pedro Ludovico Teixeira, 2 &#8211; St. Central, Goi\u00e2nia &#8211; GO, (Pra\u00e7a C\u00edvica);<\/li>\n<li>14h \u00e0s 18h\u00a0<strong>Centro Brasileiro de Aten\u00e7\u00e3o ao Deficiente Visual (CEBRAV)<\/strong>, localizada na Rua 134, n\u00ba 235, Setor Oeste, Goi\u00e2nia-GO<\/li>\n<\/ul>\n<p dir=\"auto\">APOIO:<\/p>\n<ul>\n<li>Rede de Leitura Inclusiva,<\/li>\n<li>Conselho Regional de Biblioteconomia da 1\u00aa Regi\u00e3o &#8211; CRB-1 (DF\/GO\/MT\/MS)<\/li>\n<li>Federa\u00e7\u00e3o Brasileira de Associa\u00e7\u00f5es de Bibliotec\u00e1rios, Cientistas de Informa\u00e7\u00e3o e Institui\u00e7\u00f5es &#8211; FEBAB<\/li>\n<li>Associa\u00e7\u00e3o dos Deficientes Visuais do Estado de Goi\u00e1s &#8211; ADVEG<\/li>\n<\/ul>\n<p dir=\"auto\">Al\u00e9m da apresenta\u00e7\u00e3o de pesquisa, o evento contar\u00e1 com mesa de debates, roda de conversa, oficinas e lan\u00e7amentos de livro. Participe!<\/p>\n<p dir=\"auto\"><em><strong>Conselho Regional de Biblioteconomia da 1\u00aa Regi\u00e3o<\/strong><\/em><\/p>\n","protected":false},"excerpt":{"rendered":"<p>No pr\u00f3ximo dia 5 de dezembro de 2023, acontecer\u00e1 a Mostra de Pesquisa &#8211; Cen\u00e1rios da Leitura Inclusiva. O evento \u00e9 uma organiza\u00e7\u00e3o da Funda\u00e7\u00e3o Dorina Nowill para Cegos e a Biblioteca Braille Jos\u00e9 \u00c1lvares de Azevedo (Secretaria de Estado de Cultura de Goi\u00e1s &#8211; Secult). O evento contar\u00e1 com as seguintes atra\u00e7\u00f5es: Apresenta\u00e7\u00e3o da [&hellip;]<\/p>\n","protected":false},"author":2,"featured_media":8540,"comment_status":"closed","ping_status":"closed","sticky":false,"template":"","format":"standard","meta":{"site-sidebar-layout":"default","site-content-layout":"","ast-site-content-layout":"default","site-content-style":"default","site-sidebar-style":"default","ast-global-header-display":"","ast-banner-title-visibility":"","ast-main-header-display":"","ast-hfb-above-header-display":"","ast-hfb-below-header-display":"","ast-hfb-mobile-header-display":"","site-post-title":"","ast-breadcrumbs-content":"","ast-featured-img":"","footer-sml-layout":"","ast-disable-related-posts":"","theme-transparent-header-meta":"default","adv-header-id-meta":"","stick-header-meta":"","header-above-stick-meta":"","header-main-stick-meta":"","header-below-stick-meta":"","astra-migrate-meta-layouts":"set","ast-page-background-enabled":"default","ast-page-background-meta":{"desktop":{"background-color":"","background-image":"","background-repeat":"repeat","background-position":"center center","background-size":"auto","background-attachment":"scroll","background-type":"","background-media":"","overlay-type":"","overlay-color":"","overlay-opacity":"","overlay-gradient":""},"tablet":{"background-color":"","background-image":"","background-repeat":"repeat","background-position":"center center","background-size":"auto","background-attachment":"scroll","background-type":"","background-media":"","overlay-type":"","overlay-color":"","overlay-opacity":"","overlay-gradient":""},"mobile":{"background-color":"","background-image":"","background-repeat":"repeat","background-position":"center center","background-size":"auto","background-attachment":"scroll","background-type":"","background-media":"","overlay-type":"","overlay-color":"","overlay-opacity":"","overlay-gradient":""}},"ast-content-background-meta":{"desktop":{"background-color":"var(--ast-global-color-5)","background-image":"","background-repeat":"repeat","background-position":"center center","background-size":"auto","background-attachment":"scroll","background-type":"","background-media":"","overlay-type":"","overlay-color":"","overlay-opacity":"","overlay-gradient":""},"tablet":{"background-color":"var(--ast-global-color-5)","background-image":"","background-repeat":"repeat","background-position":"center center","background-size":"auto","background-attachment":"scroll","background-type":"","background-media":"","overlay-type":"","overlay-color":"","overlay-opacity":"","overlay-gradient":""},"mobile":{"background-color":"var(--ast-global-color-5)","background-image":"","background-repeat":"repeat","background-position":"center center","background-size":"auto","background-attachment":"scroll","background-type":"","background-media":"","overlay-type":"","overlay-color":"","overlay-opacity":"","overlay-gradient":""}},"footnotes":""},"categories":[21,1],"tags":[],"class_list":["post-8539","post","type-post","status-publish","format-standard","has-post-thumbnail","hentry","category-destaques","category-noticias"],"_links":{"self":[{"href":"https:\/\/crb1.org.br\/site\/wp-json\/wp\/v2\/posts\/8539","targetHints":{"allow":["GET"]}}],"collection":[{"href":"https:\/\/crb1.org.br\/site\/wp-json\/wp\/v2\/posts"}],"about":[{"href":"https:\/\/crb1.org.br\/site\/wp-json\/wp\/v2\/types\/post"}],"author":[{"embeddable":true,"href":"https:\/\/crb1.org.br\/site\/wp-json\/wp\/v2\/users\/2"}],"replies":[{"embeddable":true,"href":"https:\/\/crb1.org.br\/site\/wp-json\/wp\/v2\/comments?post=8539"}],"version-history":[{"count":0,"href":"https:\/\/crb1.org.br\/site\/wp-json\/wp\/v2\/posts\/8539\/revisions"}],"wp:featuredmedia":[{"embeddable":true,"href":"https:\/\/crb1.org.br\/site\/wp-json\/wp\/v2\/media\/8540"}],"wp:attachment":[{"href":"https:\/\/crb1.org.br\/site\/wp-json\/wp\/v2\/media?parent=8539"}],"wp:term":[{"taxonomy":"category","embeddable":true,"href":"https:\/\/crb1.org.br\/site\/wp-json\/wp\/v2\/categories?post=8539"},{"taxonomy":"post_tag","embeddable":true,"href":"https:\/\/crb1.org.br\/site\/wp-json\/wp\/v2\/tags?post=8539"}],"curies":[{"name":"wp","href":"https:\/\/api.w.org\/{rel}","templated":true}]}}