{"id":8550,"date":"2023-12-05T09:51:56","date_gmt":"2023-12-05T12:51:56","guid":{"rendered":"https:\/\/crb1.org.br\/site\/?p=8550"},"modified":"2023-12-07T11:30:06","modified_gmt":"2023-12-07T14:30:06","slug":"informacoes-importantes-sobre-anuidade-2024-e-campanha-de-conciliacao","status":"publish","type":"post","link":"https:\/\/crb1.org.br\/site\/2023\/12\/informacoes-importantes-sobre-anuidade-2024-e-campanha-de-conciliacao\/","title":{"rendered":"INFORMA\u00c7\u00d5ES IMPORTANTES SOBRE ANUIDADE 2024 E CAMPANHA DE CONCILIA\u00c7\u00c3O"},"content":{"rendered":"<p dir=\"auto\">O Conselho Federal de Biblioteconomia (CFB) publicou a\u00a0<a title=\"\u200c\" href=\"http:\/\/repositorio.cfb.org.br\/bitstream\/123456789\/1416\/1\/Resolu%C3%A7%C3%A3o%20CFB%20N%C2%BA%20262%20DOU.pdf\" target=\"_blank\" rel=\"nofollow noopener noreferrer ugc\">Resolu\u00e7\u00e3o CFB n\u00ba 262<\/a>, de 19 de setembro de 2023, que fixa os valores das anuidades e taxas devidas aos Conselhos Regionais de Biblioteconomia, pelos profissionais e pessoas jur\u00eddicas de direito p\u00fablico e privado, para o exerc\u00edcio de 2024 e d\u00e1 outras provid\u00eancias sobre descontos, parcelamento e valores de anuidades para pessoa jur\u00eddica.<\/p>\n<p dir=\"auto\">De acordo com a Resolu\u00e7\u00e3o (art. 1\u00aa, al\u00ednea a), o valor da anuidade 2024 aos profissionais est\u00e1 fixado em\u00a0<strong>R$ 498,34<\/strong>\u00a0<strong>(quatrocentos e noventa e oito reais e trinta e quatro centavos)<\/strong>, o que representa um acr\u00e9scimo de tr\u00eas por cento (3%) em rela\u00e7\u00e3o \u00e0 anuidade de 2023. Os descontos para pagamento integral ser\u00e3o concedidos nas seguintes datas de vencimento:\u200c<\/p>\n<ul>\n<li><em><strong>15% (quinze por cento), se pago at\u00e9 31 de janeiro de 2024 \u2013 R$ 423,59;<\/strong><\/em><\/li>\n<li><em><strong>10% (dez por cento), se pago at\u00e9 28 de fevereiro de 2024 \u2013 R$ 448,51;<\/strong><\/em><\/li>\n<li><em><strong>5% (cinco por cento), se pago at\u00e9 31 de mar\u00e7o de 2024 \u2013 R$ 473,43.<\/strong><\/em><\/li>\n<\/ul>\n<p dir=\"auto\">Informamos, ainda, que o CFB publicou a\u00a0<a title=\"\u200c\" href=\"https:\/\/www.in.gov.br\/en\/web\/dou\/-\/resolucao-cfb-n-260-de-19-de-setembro-de-2023-512459720\" target=\"_blank\" rel=\"nofollow noopener noreferrer ugc\">Resolu\u00e7\u00e3o CFB n\u00ba 260<\/a>, de 27 de setembro de 2023 que disp\u00f5e sobre a campanha de concilia\u00e7\u00e3o e quita\u00e7\u00e3o de d\u00e9bitos anteriores ao exerc\u00edcio de 2023 e estabelece outras provid\u00eancias.<\/p>\n<p dir=\"auto\">A Resolu\u00e7\u00e3o visa definir crit\u00e9rios para a cobran\u00e7a de anuidades de pessoas f\u00edsicas e jur\u00eddicas, bem como multas por infra\u00e7\u00e3o e multas eleitorais relacionadas aos Conselhos Regionais de Biblioteconomia.<\/p>\n<p dir=\"auto\">O artigo 3\u00ba da Resolu\u00e7\u00e3o estabelece crit\u00e9rios de pagamento e parcelamento dos valores devidos. A campanha de concilia\u00e7\u00e3o dos Conselhos Regionais de Biblioteconomia encerrar\u00e1 em 29 de dezembro de 2023.<\/p>\n<p dir=\"auto\">Sugerimos \u00e0s Bibliotec\u00e1rias e Bibliotec\u00e1rios a leitura das duas resolu\u00e7\u00f5es, ambas dispon\u00edveis Reposit\u00f3rio do CFB:\u00a0<a href=\"http:\/\/repositorio.cfb.org.br\/\" target=\"_blank\" rel=\"nofollow noopener noreferrer ugc\">http:\/\/repositorio.cfb.org.br\/<\/a><\/p>\n<p dir=\"auto\">Para mais informa\u00e7\u00f5es, entrem em contato com o CRB1:\u00a0<a href=\"mailto:crb1@crb1.org.br\">crb1@crb1.org.br<\/a>\u00a0\/\u00a0<a href=\"mailto:secretaria@crb1.org.br\">secretaria@crb1.org.br<\/a>\u00a0\/ 61 99216-5653 \/ 61 98450-4291 (whatsapp).<\/p>\n<p dir=\"auto\">\u200c<\/p>\n<p dir=\"auto\"><em><strong>Conselho Regional de Biblioteconomia da 1\u00aa Regi\u00e3o<\/strong><\/em><\/p>\n","protected":false},"excerpt":{"rendered":"<p>O Conselho Federal de Biblioteconomia (CFB) publicou a\u00a0Resolu\u00e7\u00e3o CFB n\u00ba 262, de 19 de setembro de 2023, que fixa os valores das anuidades e taxas devidas aos Conselhos Regionais de Biblioteconomia, pelos profissionais e pessoas jur\u00eddicas de direito p\u00fablico e privado, para o exerc\u00edcio de 2024 e d\u00e1 outras provid\u00eancias sobre descontos, parcelamento e valores [&hellip;]<\/p>\n","protected":false},"author":2,"featured_media":8551,"comment_status":"closed","ping_status":"closed","sticky":false,"template":"","format":"standard","meta":{"site-sidebar-layout":"default","site-content-layout":"","ast-site-content-layout":"default","site-content-style":"default","site-sidebar-style":"default","ast-global-header-display":"","ast-banner-title-visibility":"","ast-main-header-display":"","ast-hfb-above-header-display":"","ast-hfb-below-header-display":"","ast-hfb-mobile-header-display":"","site-post-title":"","ast-breadcrumbs-content":"","ast-featured-img":"","footer-sml-layout":"","ast-disable-related-posts":"","theme-transparent-header-meta":"default","adv-header-id-meta":"","stick-header-meta":"","header-above-stick-meta":"","header-main-stick-meta":"","header-below-stick-meta":"","astra-migrate-meta-layouts":"set","ast-page-background-enabled":"default","ast-page-background-meta":{"desktop":{"background-color":"","background-image":"","background-repeat":"repeat","background-position":"center center","background-size":"auto","background-attachment":"scroll","background-type":"","background-media":"","overlay-type":"","overlay-color":"","overlay-opacity":"","overlay-gradient":""},"tablet":{"background-color":"","background-image":"","background-repeat":"repeat","background-position":"center center","background-size":"auto","background-attachment":"scroll","background-type":"","background-media":"","overlay-type":"","overlay-color":"","overlay-opacity":"","overlay-gradient":""},"mobile":{"background-color":"","background-image":"","background-repeat":"repeat","background-position":"center center","background-size":"auto","background-attachment":"scroll","background-type":"","background-media":"","overlay-type":"","overlay-color":"","overlay-opacity":"","overlay-gradient":""}},"ast-content-background-meta":{"desktop":{"background-color":"var(--ast-global-color-5)","background-image":"","background-repeat":"repeat","background-position":"center center","background-size":"auto","background-attachment":"scroll","background-type":"","background-media":"","overlay-type":"","overlay-color":"","overlay-opacity":"","overlay-gradient":""},"tablet":{"background-color":"var(--ast-global-color-5)","background-image":"","background-repeat":"repeat","background-position":"center center","background-size":"auto","background-attachment":"scroll","background-type":"","background-media":"","overlay-type":"","overlay-color":"","overlay-opacity":"","overlay-gradient":""},"mobile":{"background-color":"var(--ast-global-color-5)","background-image":"","background-repeat":"repeat","background-position":"center center","background-size":"auto","background-attachment":"scroll","background-type":"","background-media":"","overlay-type":"","overlay-color":"","overlay-opacity":"","overlay-gradient":""}},"footnotes":""},"categories":[21,1],"tags":[],"class_list":["post-8550","post","type-post","status-publish","format-standard","has-post-thumbnail","hentry","category-destaques","category-noticias"],"_links":{"self":[{"href":"https:\/\/crb1.org.br\/site\/wp-json\/wp\/v2\/posts\/8550","targetHints":{"allow":["GET"]}}],"collection":[{"href":"https:\/\/crb1.org.br\/site\/wp-json\/wp\/v2\/posts"}],"about":[{"href":"https:\/\/crb1.org.br\/site\/wp-json\/wp\/v2\/types\/post"}],"author":[{"embeddable":true,"href":"https:\/\/crb1.org.br\/site\/wp-json\/wp\/v2\/users\/2"}],"replies":[{"embeddable":true,"href":"https:\/\/crb1.org.br\/site\/wp-json\/wp\/v2\/comments?post=8550"}],"version-history":[{"count":0,"href":"https:\/\/crb1.org.br\/site\/wp-json\/wp\/v2\/posts\/8550\/revisions"}],"wp:featuredmedia":[{"embeddable":true,"href":"https:\/\/crb1.org.br\/site\/wp-json\/wp\/v2\/media\/8551"}],"wp:attachment":[{"href":"https:\/\/crb1.org.br\/site\/wp-json\/wp\/v2\/media?parent=8550"}],"wp:term":[{"taxonomy":"category","embeddable":true,"href":"https:\/\/crb1.org.br\/site\/wp-json\/wp\/v2\/categories?post=8550"},{"taxonomy":"post_tag","embeddable":true,"href":"https:\/\/crb1.org.br\/site\/wp-json\/wp\/v2\/tags?post=8550"}],"curies":[{"name":"wp","href":"https:\/\/api.w.org\/{rel}","templated":true}]}}