{"id":8563,"date":"2023-12-15T12:17:14","date_gmt":"2023-12-15T15:17:14","guid":{"rendered":"https:\/\/crb1.org.br\/site\/?p=8563"},"modified":"2023-12-15T12:17:14","modified_gmt":"2023-12-15T15:17:14","slug":"crb-1-realiza-sua-652a-reuniao-plenaria","status":"publish","type":"post","link":"https:\/\/crb1.org.br\/site\/2023\/12\/crb-1-realiza-sua-652a-reuniao-plenaria\/","title":{"rendered":"CRB-1 REALIZA SUA 652\u00aa REUNI\u00c3O PLEN\u00c1RIA"},"content":{"rendered":"<p dir=\"auto\">O Conselho Regional de Biblioteconomia da 1\u00aa Regi\u00e3o (CRB-1) realizou no dia 14 de dezembro de 2023 a sua 652\u00aa Reuni\u00e3o Plen\u00e1ria Ordin\u00e1ria, em formato online, das 20h \u00e0s 21h30 min (hor\u00e1rio de Bras\u00edlia).<\/p>\n<p dir=\"auto\">Foram discutidos assuntos da Presid\u00eancia, das Diretorias Administrativa, Financeira e T\u00e9cnica, bem como relato das a\u00e7\u00f5es das Comiss\u00f5es Permanentes e Tempor\u00e1rias e a an\u00e1lise e relato dos processos inclu\u00eddos em pauta.<\/p>\n<p dir=\"auto\">As reuni\u00f5es plen\u00e1rias ocorrem mensalmente e em formato online para permitir que a Gest\u00e3o possa definir estrat\u00e9gias de a\u00e7\u00e3o e encaminhamentos, visando a continuidade dos trabalhos deste Conselho e em prol das Bibliotec\u00e1rias e Bibliotec\u00e1rios registrados e, tamb\u00e9m, aos futuros profissionais da \u00e1rea.<\/p>\n<p dir=\"auto\">A 652\u00aa Reuni\u00e3o Plen\u00e1ria do CRB-1 marca o encerramento da 19\u00aa Gest\u00e3o, preparando o caminho para a posse da nova gest\u00e3o que assumir\u00e1 o CRB-1 para o tri\u00eanio 2024\/2026.<\/p>\n<p dir=\"auto\">\u200c<\/p>\n<p dir=\"auto\"><em><strong>Conselho Regional de Biblioteconomia da 1\u00aa Regi\u00e3o<\/strong><\/em><\/p>\n","protected":false},"excerpt":{"rendered":"<p>O Conselho Regional de Biblioteconomia da 1\u00aa Regi\u00e3o (CRB-1) realizou no dia 14 de dezembro de 2023 a sua 652\u00aa Reuni\u00e3o Plen\u00e1ria Ordin\u00e1ria, em formato online, das 20h \u00e0s 21h30 min (hor\u00e1rio de Bras\u00edlia). Foram discutidos assuntos da Presid\u00eancia, das Diretorias Administrativa, Financeira e T\u00e9cnica, bem como relato das a\u00e7\u00f5es das Comiss\u00f5es Permanentes e Tempor\u00e1rias [&hellip;]<\/p>\n","protected":false},"author":2,"featured_media":8564,"comment_status":"closed","ping_status":"closed","sticky":false,"template":"","format":"standard","meta":{"site-sidebar-layout":"default","site-content-layout":"","ast-site-content-layout":"default","site-content-style":"default","site-sidebar-style":"default","ast-global-header-display":"","ast-banner-title-visibility":"","ast-main-header-display":"","ast-hfb-above-header-display":"","ast-hfb-below-header-display":"","ast-hfb-mobile-header-display":"","site-post-title":"","ast-breadcrumbs-content":"","ast-featured-img":"","footer-sml-layout":"","ast-disable-related-posts":"","theme-transparent-header-meta":"default","adv-header-id-meta":"","stick-header-meta":"","header-above-stick-meta":"","header-main-stick-meta":"","header-below-stick-meta":"","astra-migrate-meta-layouts":"set","ast-page-background-enabled":"default","ast-page-background-meta":{"desktop":{"background-color":"","background-image":"","background-repeat":"repeat","background-position":"center center","background-size":"auto","background-attachment":"scroll","background-type":"","background-media":"","overlay-type":"","overlay-color":"","overlay-opacity":"","overlay-gradient":""},"tablet":{"background-color":"","background-image":"","background-repeat":"repeat","background-position":"center center","background-size":"auto","background-attachment":"scroll","background-type":"","background-media":"","overlay-type":"","overlay-color":"","overlay-opacity":"","overlay-gradient":""},"mobile":{"background-color":"","background-image":"","background-repeat":"repeat","background-position":"center center","background-size":"auto","background-attachment":"scroll","background-type":"","background-media":"","overlay-type":"","overlay-color":"","overlay-opacity":"","overlay-gradient":""}},"ast-content-background-meta":{"desktop":{"background-color":"var(--ast-global-color-5)","background-image":"","background-repeat":"repeat","background-position":"center center","background-size":"auto","background-attachment":"scroll","background-type":"","background-media":"","overlay-type":"","overlay-color":"","overlay-opacity":"","overlay-gradient":""},"tablet":{"background-color":"var(--ast-global-color-5)","background-image":"","background-repeat":"repeat","background-position":"center center","background-size":"auto","background-attachment":"scroll","background-type":"","background-media":"","overlay-type":"","overlay-color":"","overlay-opacity":"","overlay-gradient":""},"mobile":{"background-color":"var(--ast-global-color-5)","background-image":"","background-repeat":"repeat","background-position":"center center","background-size":"auto","background-attachment":"scroll","background-type":"","background-media":"","overlay-type":"","overlay-color":"","overlay-opacity":"","overlay-gradient":""}},"footnotes":""},"categories":[21,1],"tags":[],"class_list":["post-8563","post","type-post","status-publish","format-standard","has-post-thumbnail","hentry","category-destaques","category-noticias"],"_links":{"self":[{"href":"https:\/\/crb1.org.br\/site\/wp-json\/wp\/v2\/posts\/8563","targetHints":{"allow":["GET"]}}],"collection":[{"href":"https:\/\/crb1.org.br\/site\/wp-json\/wp\/v2\/posts"}],"about":[{"href":"https:\/\/crb1.org.br\/site\/wp-json\/wp\/v2\/types\/post"}],"author":[{"embeddable":true,"href":"https:\/\/crb1.org.br\/site\/wp-json\/wp\/v2\/users\/2"}],"replies":[{"embeddable":true,"href":"https:\/\/crb1.org.br\/site\/wp-json\/wp\/v2\/comments?post=8563"}],"version-history":[{"count":0,"href":"https:\/\/crb1.org.br\/site\/wp-json\/wp\/v2\/posts\/8563\/revisions"}],"wp:featuredmedia":[{"embeddable":true,"href":"https:\/\/crb1.org.br\/site\/wp-json\/wp\/v2\/media\/8564"}],"wp:attachment":[{"href":"https:\/\/crb1.org.br\/site\/wp-json\/wp\/v2\/media?parent=8563"}],"wp:term":[{"taxonomy":"category","embeddable":true,"href":"https:\/\/crb1.org.br\/site\/wp-json\/wp\/v2\/categories?post=8563"},{"taxonomy":"post_tag","embeddable":true,"href":"https:\/\/crb1.org.br\/site\/wp-json\/wp\/v2\/tags?post=8563"}],"curies":[{"name":"wp","href":"https:\/\/api.w.org\/{rel}","templated":true}]}}