{"id":8567,"date":"2023-12-18T11:57:23","date_gmt":"2023-12-18T14:57:23","guid":{"rendered":"https:\/\/crb1.org.br\/site\/?p=8567"},"modified":"2023-12-18T14:18:20","modified_gmt":"2023-12-18T17:18:20","slug":"crb-1-convida-para-cerimonia-de-posse-das-conselheiras-e-conselheiros-da-20a-gestao-do-crb-1","status":"publish","type":"post","link":"https:\/\/crb1.org.br\/site\/2023\/12\/crb-1-convida-para-cerimonia-de-posse-das-conselheiras-e-conselheiros-da-20a-gestao-do-crb-1\/","title":{"rendered":"CRB-1 PUBLICA EDITAL PARA SESS\u00c3O SOLENE DE POSSE DAS CONSELHEIRAS E CONSELHEIROS DA 20\u00aa GEST\u00c3O"},"content":{"rendered":"<p dir=\"auto\"><em>Conselho lan\u00e7a edital de convoca\u00e7\u00e3o para a sess\u00e3o solene de posse da nova equipe gestora<\/em><\/p>\n<p dir=\"auto\">\u200c<\/p>\n<p dir=\"auto\">O Presidente da 19\u00aa Gest\u00e3o do Conselho Regional de Biblioteconomia da 1\u00aa Regi\u00e3o (CRB-1), Raphael da Silva Cavalcante, lan\u00e7a edital convida bibliotec\u00e1rias, bibliotec\u00e1rios e sociedade a prestigiar a Sess\u00e3o Solene de Posse das Conselheiras e Conselheiros da 20\u00aa Gest\u00e3o do CRB-1, correspondente ao tri\u00eanio 2024\/2026.<\/p>\n<p dir=\"auto\">O Edital de convoca\u00e7\u00e3o para a Sess\u00e3o Solene de Posse pode ser visualizado\u00a0<a href=\"https:\/\/crb1.org.br\/site\/wp-content\/uploads\/2023\/12\/edital_de_posse.pdf\" target=\"_blank\" rel=\"noopener\"><strong>aqui<\/strong><\/a><\/p>\n<p dir=\"auto\">A cerim\u00f4nia acontecer\u00e1 no pr\u00f3ximo dia 28 de dezembro de 2023, \u00e0s 10h (hor\u00e1rio de Bras\u00edlia-DF) na sede deste Conselho (CLN Quadra 407 Bloco D Loja 30 \u2013 Asa Norte \u2013 Bras\u00edlia\/DF) e ser\u00e1 transmitida pela Plataforma YouTube.<\/p>\n<p dir=\"auto\">Anotem as informa\u00e7\u00f5es:<\/p>\n<p dir=\"auto\">Cerim\u00f4nia de Posse da 20\u00aa Gest\u00e3o do CRB-1<\/p>\n<ul>\n<li>28\/12\/2023 \u00e0s 10h (hor\u00e1rio de Bras\u00edlia);<\/li>\n<li>Transmiss\u00e3o pela Plataforma YouTube<\/li>\n<\/ul>\n<div class=\"ast-oembed-container \" style=\"height: 100%;\"><iframe title=\"Cerim\u00f4nia de Posse das Conselheiras e Conselheiros da 20\u00aa Gest\u00e3o do CRB-1\" width=\"500\" height=\"281\" src=\"https:\/\/www.youtube.com\/embed\/n_P4m7EYMro?feature=oembed\" frameborder=\"0\" allow=\"accelerometer; autoplay; clipboard-write; encrypted-media; gyroscope; picture-in-picture; web-share\" referrerpolicy=\"strict-origin-when-cross-origin\" allowfullscreen><\/iframe><\/div>\n<div><\/div>\n<div><\/div>\n<div data-url=\"embedpresss:\/\/www.youtube.com\/watch?v=n_P4m7EYMro\" data-uid=\"rdhid\" data-loading-text=\"Loading your embed...\"><\/div>\n<p style=\"display: inline !important;\"><em><strong>Sobre a 20\u00aa Gest\u00e3o do CRB-1<\/strong><\/em><\/p>\n<p style=\"display: inline !important;\">Conforme publicado no DOU em 01\/11\/2023, foi proclamada eleita a Chapa n\u00ba 01, denominada Centro-Oeste: Integra\u00e7\u00e3o, compromisso e responsabilidade, com 635 (seiscentos e trinta e cinco) votos v\u00e1lidos, devendo seus componentes, consequentemente, serem empossados como novos Conselheiros Regionais para o tri\u00eanio 2024-2026 desta Autarquia Federal.<\/p>\n<p dir=\"auto\">Comp\u00f5em a\u00a0<em><strong>Chapa Centro-Oeste: Integra\u00e7\u00e3o, compromisso e responsabilidade as conselheiras e conselheiros<\/strong><\/em>\u00a0a seguir:<\/p>\n<p dir=\"auto\"><em><strong>Conselheiros efetivos<\/strong><\/em><\/p>\n<ul>\n<li>Johnathan Pereira Alves Diniz, CRB-1\/2376 (Goi\u00e1s);<\/li>\n<li>Raphael da Silva Cavalcante, CRB-1\/2435 (Distrito Federal);<\/li>\n<li>Jefferson Higino Dantas, CRB-1\/1830 (Distrito Federal);<\/li>\n<li>Morgana Bruno Henrique Guimar\u00e3es, CRB-1\/2837 (Goi\u00e1s);<\/li>\n<li>Francelle Natally da Silva Cavalcante, CRB-1\/2788 (Distrito Federal);<\/li>\n<li>Stella Maria Vaz Santos Valadares, CRB-1\/2229 (Distrito Federal);<\/li>\n<li>M\u00f4nica Coelho dos Reis Van Landuyt, CRB-1\/2476 (Distrito Federal);<\/li>\n<li>Joc\u00e9lia Martins de Oliveira, CRB-1\/3365 (Goi\u00e1s);<\/li>\n<li>Valde\u00edra Aparecida Cardoso, CRB-1\/3362 (Mato Grosso);<\/li>\n<li>Alidomar Costa Lima, CRB-1\/3433 (Distrito Federal);<\/li>\n<li>Alyson Souza dos Santos, CRB-1\/3291 (Mato Grosso do Sul);<\/li>\n<li>Tatiana Lima Evangelista, CRB-1\/3243 (Goi\u00e1s).<\/li>\n<\/ul>\n<p dir=\"auto\"><em><strong>Conselheiros suplentes<\/strong><\/em><\/p>\n<ul>\n<li>Judite Martins, CRB-1\/2130 (Distrito Federal);;<\/li>\n<li>Ramyze Uch\u00f4a da Silva, CRB-1\/2721 (Mato Grosso);<\/li>\n<li>Andr\u00e9a Pereira dos Santos, CRB-1\/1873 (Goi\u00e1s);<\/li>\n<li>Juliana Costa Bernardes, CRB-1\/2803 (Distrito Federal);;<\/li>\n<li>Ceila da Silva Rodrigues, CRB-1\/2218 (Goi\u00e1s);<\/li>\n<li>Anna Paula Moraes Mesquita, CRB-1\/3154 (Distrito Federal).<\/li>\n<\/ul>\n<p dir=\"auto\">Participe da Cerim\u00f4nia de posse! Fortale\u00e7a o Conselho Regional de Biblioteconomia!<\/p>\n<p dir=\"auto\">\u200c<\/p>\n<p dir=\"auto\"><em><strong>Conselho Regional de Biblioteconomia da 1\u00aa Regi\u00e3o<\/strong><\/em><\/p>\n","protected":false},"excerpt":{"rendered":"<p>Conselho lan\u00e7a edital de convoca\u00e7\u00e3o para a sess\u00e3o solene de posse da nova equipe gestora \u200c O Presidente da 19\u00aa Gest\u00e3o do Conselho Regional de Biblioteconomia da 1\u00aa Regi\u00e3o (CRB-1), Raphael da Silva Cavalcante, lan\u00e7a edital convida bibliotec\u00e1rias, bibliotec\u00e1rios e sociedade a prestigiar a Sess\u00e3o Solene de Posse das Conselheiras e Conselheiros da 20\u00aa Gest\u00e3o [&hellip;]<\/p>\n","protected":false},"author":2,"featured_media":8568,"comment_status":"closed","ping_status":"closed","sticky":false,"template":"","format":"standard","meta":{"site-sidebar-layout":"default","site-content-layout":"","ast-site-content-layout":"default","site-content-style":"default","site-sidebar-style":"default","ast-global-header-display":"","ast-banner-title-visibility":"","ast-main-header-display":"","ast-hfb-above-header-display":"","ast-hfb-below-header-display":"","ast-hfb-mobile-header-display":"","site-post-title":"","ast-breadcrumbs-content":"","ast-featured-img":"","footer-sml-layout":"","ast-disable-related-posts":"","theme-transparent-header-meta":"default","adv-header-id-meta":"","stick-header-meta":"","header-above-stick-meta":"","header-main-stick-meta":"","header-below-stick-meta":"","astra-migrate-meta-layouts":"set","ast-page-background-enabled":"default","ast-page-background-meta":{"desktop":{"background-color":"","background-image":"","background-repeat":"repeat","background-position":"center center","background-size":"auto","background-attachment":"scroll","background-type":"","background-media":"","overlay-type":"","overlay-color":"","overlay-opacity":"","overlay-gradient":""},"tablet":{"background-color":"","background-image":"","background-repeat":"repeat","background-position":"center center","background-size":"auto","background-attachment":"scroll","background-type":"","background-media":"","overlay-type":"","overlay-color":"","overlay-opacity":"","overlay-gradient":""},"mobile":{"background-color":"","background-image":"","background-repeat":"repeat","background-position":"center center","background-size":"auto","background-attachment":"scroll","background-type":"","background-media":"","overlay-type":"","overlay-color":"","overlay-opacity":"","overlay-gradient":""}},"ast-content-background-meta":{"desktop":{"background-color":"var(--ast-global-color-5)","background-image":"","background-repeat":"repeat","background-position":"center center","background-size":"auto","background-attachment":"scroll","background-type":"","background-media":"","overlay-type":"","overlay-color":"","overlay-opacity":"","overlay-gradient":""},"tablet":{"background-color":"var(--ast-global-color-5)","background-image":"","background-repeat":"repeat","background-position":"center center","background-size":"auto","background-attachment":"scroll","background-type":"","background-media":"","overlay-type":"","overlay-color":"","overlay-opacity":"","overlay-gradient":""},"mobile":{"background-color":"var(--ast-global-color-5)","background-image":"","background-repeat":"repeat","background-position":"center center","background-size":"auto","background-attachment":"scroll","background-type":"","background-media":"","overlay-type":"","overlay-color":"","overlay-opacity":"","overlay-gradient":""}},"footnotes":""},"categories":[21,1],"tags":[],"class_list":["post-8567","post","type-post","status-publish","format-standard","has-post-thumbnail","hentry","category-destaques","category-noticias"],"_links":{"self":[{"href":"https:\/\/crb1.org.br\/site\/wp-json\/wp\/v2\/posts\/8567","targetHints":{"allow":["GET"]}}],"collection":[{"href":"https:\/\/crb1.org.br\/site\/wp-json\/wp\/v2\/posts"}],"about":[{"href":"https:\/\/crb1.org.br\/site\/wp-json\/wp\/v2\/types\/post"}],"author":[{"embeddable":true,"href":"https:\/\/crb1.org.br\/site\/wp-json\/wp\/v2\/users\/2"}],"replies":[{"embeddable":true,"href":"https:\/\/crb1.org.br\/site\/wp-json\/wp\/v2\/comments?post=8567"}],"version-history":[{"count":0,"href":"https:\/\/crb1.org.br\/site\/wp-json\/wp\/v2\/posts\/8567\/revisions"}],"wp:featuredmedia":[{"embeddable":true,"href":"https:\/\/crb1.org.br\/site\/wp-json\/wp\/v2\/media\/8568"}],"wp:attachment":[{"href":"https:\/\/crb1.org.br\/site\/wp-json\/wp\/v2\/media?parent=8567"}],"wp:term":[{"taxonomy":"category","embeddable":true,"href":"https:\/\/crb1.org.br\/site\/wp-json\/wp\/v2\/categories?post=8567"},{"taxonomy":"post_tag","embeddable":true,"href":"https:\/\/crb1.org.br\/site\/wp-json\/wp\/v2\/tags?post=8567"}],"curies":[{"name":"wp","href":"https:\/\/api.w.org\/{rel}","templated":true}]}}