{"id":8840,"date":"2024-03-04T11:48:06","date_gmt":"2024-03-04T14:48:06","guid":{"rendered":"https:\/\/crb1.org.br\/site\/?p=8840"},"modified":"2024-03-04T12:02:57","modified_gmt":"2024-03-04T15:02:57","slug":"mes-da-bibliotecaria-e-do-bibliotecario-2024-divulgado-o-hotsite-do-evento","status":"publish","type":"post","link":"https:\/\/crb1.org.br\/site\/2024\/03\/mes-da-bibliotecaria-e-do-bibliotecario-2024-divulgado-o-hotsite-do-evento\/","title":{"rendered":"M\u00caS DA BIBLIOTEC\u00c1RIA E DO BIBLIOTEC\u00c1RIO 2024 \u2013 DIVULGADO O HOTSITE DO EVENTO"},"content":{"rendered":"<p dir=\"auto\"><a href=\"https:\/\/bce.unb.br\/biblio2024\/\" target=\"_blank\" rel=\"noopener\"><img fetchpriority=\"high\" decoding=\"async\" class=\"alignnone wp-image-8841\" src=\"https:\/\/crb1.org.br\/site\/wp-content\/uploads\/2024\/03\/website_bloco_de_texto_com_imagem_alinhada_a_direita_branco_pretoresultado-300x169.webp\" alt=\"\" width=\"863\" height=\"486\" srcset=\"https:\/\/crb1.org.br\/site\/wp-content\/uploads\/2024\/03\/website_bloco_de_texto_com_imagem_alinhada_a_direita_branco_pretoresultado-300x169.webp 300w, https:\/\/crb1.org.br\/site\/wp-content\/uploads\/2024\/03\/website_bloco_de_texto_com_imagem_alinhada_a_direita_branco_pretoresultado-1024x576.webp 1024w, https:\/\/crb1.org.br\/site\/wp-content\/uploads\/2024\/03\/website_bloco_de_texto_com_imagem_alinhada_a_direita_branco_pretoresultado-768x432.webp 768w, https:\/\/crb1.org.br\/site\/wp-content\/uploads\/2024\/03\/website_bloco_de_texto_com_imagem_alinhada_a_direita_branco_pretoresultado.webp 1366w\" sizes=\"(max-width: 863px) 100vw, 863px\" \/><\/a><\/p>\n<p dir=\"auto\">O Conselho Regional de Biblioteconomia da 1\u00aa Regi\u00e3o (CRB-1), o Instituto Brasileiro de Informa\u00e7\u00e3o em Ci\u00eancia e Tecnologia (Ibict), a Escola Nacional de Administra\u00e7\u00e3o P\u00fablica (ENAP) e a Biblioteca Central da Universidade de Bras\u00edlia (UnB) e demais institui\u00e7\u00f5es parceiras, organizam o M\u00eas da Bibliotec\u00e1ria e do Bibliotec\u00e1rio 2024.<\/p>\n<p dir=\"auto\">Sob a tem\u00e1tica \u201cBiblioteconomia em evolu\u00e7\u00e3o\u201d, a organiza\u00e7\u00e3o do evento enfatiza a pluralidade de temas abordando pr\u00e1ticas inovadoras de pensar a profiss\u00e3o, sem esquecer as pol\u00edticas p\u00fablicas de democratiza\u00e7\u00e3o do acesso ao livro, \u00e0 leitura e \u00e0s bibliotecas. As novas pr\u00e1ticas de trabalho de bibliotec\u00e1rias e bibliotec\u00e1rios perpassam temas transversais, dentre os quais destacamos a educa\u00e7\u00e3o, diversidade, tecnologia e cultura.<\/p>\n<p dir=\"auto\">A edi\u00e7\u00e3o de 2024 apresentar\u00e1 uma s\u00e9rie de eventos, organizados por diversos organismos p\u00fablicos e privados ligados \u00e0 Biblioteconomia e \u00e0 Ci\u00eancia da Informa\u00e7\u00e3o. Al\u00e9m de palestras, os participantes poder\u00e3o usufruir de oficinas e outras formas de capacita\u00e7\u00e3o para bibliotec\u00e1rios e profissionais de campos de atua\u00e7\u00e3o correlatos, al\u00e9m de eventos culturais voltados para a comunidade.<\/p>\n<p dir=\"auto\">Participam da programa\u00e7\u00e3o entidades e institui\u00e7\u00f5es da regi\u00e3o Centro-Oeste. Os eventos do m\u00eas da Bibliotec\u00e1ria e do Bibliotec\u00e1rio 2024 ocorrem entre 12 de mar\u00e7o e 12 de abril de 2024. Acesse o hotsite e participe das atividades:<\/p>\n<p dir=\"auto\">Hotsite M\u00eas da Bibliotec\u00e1ria e do Bibliotec\u00e1rio 2024:\u00a0<a href=\"https:\/\/bce.unb.br\/biblio2024\/\" target=\"_blank\" rel=\"nofollow noopener noreferrer ugc\">https:\/\/bce.unb.br\/biblio2024\/<\/a><\/p>\n<p dir=\"auto\">\u200c<\/p>\n<p dir=\"auto\"><em><strong>Conselho Regional de Biblioteconomia da 1\u00aa Regi\u00e3o<\/strong><\/em><\/p>\n","protected":false},"excerpt":{"rendered":"<p>O Conselho Regional de Biblioteconomia da 1\u00aa Regi\u00e3o (CRB-1), o Instituto Brasileiro de Informa\u00e7\u00e3o em Ci\u00eancia e Tecnologia (Ibict), a Escola Nacional de Administra\u00e7\u00e3o P\u00fablica (ENAP) e a Biblioteca Central da Universidade de Bras\u00edlia (UnB) e demais institui\u00e7\u00f5es parceiras, organizam o M\u00eas da Bibliotec\u00e1ria e do Bibliotec\u00e1rio 2024. Sob a tem\u00e1tica \u201cBiblioteconomia em evolu\u00e7\u00e3o\u201d, a [&hellip;]<\/p>\n","protected":false},"author":2,"featured_media":8848,"comment_status":"closed","ping_status":"closed","sticky":false,"template":"","format":"standard","meta":{"site-sidebar-layout":"default","site-content-layout":"","ast-site-content-layout":"default","site-content-style":"default","site-sidebar-style":"default","ast-global-header-display":"","ast-banner-title-visibility":"","ast-main-header-display":"","ast-hfb-above-header-display":"","ast-hfb-below-header-display":"","ast-hfb-mobile-header-display":"","site-post-title":"","ast-breadcrumbs-content":"","ast-featured-img":"","footer-sml-layout":"","ast-disable-related-posts":"","theme-transparent-header-meta":"default","adv-header-id-meta":"","stick-header-meta":"","header-above-stick-meta":"","header-main-stick-meta":"","header-below-stick-meta":"","astra-migrate-meta-layouts":"set","ast-page-background-enabled":"default","ast-page-background-meta":{"desktop":{"background-color":"","background-image":"","background-repeat":"repeat","background-position":"center center","background-size":"auto","background-attachment":"scroll","background-type":"","background-media":"","overlay-type":"","overlay-color":"","overlay-opacity":"","overlay-gradient":""},"tablet":{"background-color":"","background-image":"","background-repeat":"repeat","background-position":"center center","background-size":"auto","background-attachment":"scroll","background-type":"","background-media":"","overlay-type":"","overlay-color":"","overlay-opacity":"","overlay-gradient":""},"mobile":{"background-color":"","background-image":"","background-repeat":"repeat","background-position":"center center","background-size":"auto","background-attachment":"scroll","background-type":"","background-media":"","overlay-type":"","overlay-color":"","overlay-opacity":"","overlay-gradient":""}},"ast-content-background-meta":{"desktop":{"background-color":"var(--ast-global-color-5)","background-image":"","background-repeat":"repeat","background-position":"center center","background-size":"auto","background-attachment":"scroll","background-type":"","background-media":"","overlay-type":"","overlay-color":"","overlay-opacity":"","overlay-gradient":""},"tablet":{"background-color":"var(--ast-global-color-5)","background-image":"","background-repeat":"repeat","background-position":"center center","background-size":"auto","background-attachment":"scroll","background-type":"","background-media":"","overlay-type":"","overlay-color":"","overlay-opacity":"","overlay-gradient":""},"mobile":{"background-color":"var(--ast-global-color-5)","background-image":"","background-repeat":"repeat","background-position":"center center","background-size":"auto","background-attachment":"scroll","background-type":"","background-media":"","overlay-type":"","overlay-color":"","overlay-opacity":"","overlay-gradient":""}},"footnotes":""},"categories":[21,1],"tags":[],"class_list":["post-8840","post","type-post","status-publish","format-standard","has-post-thumbnail","hentry","category-destaques","category-noticias"],"_links":{"self":[{"href":"https:\/\/crb1.org.br\/site\/wp-json\/wp\/v2\/posts\/8840","targetHints":{"allow":["GET"]}}],"collection":[{"href":"https:\/\/crb1.org.br\/site\/wp-json\/wp\/v2\/posts"}],"about":[{"href":"https:\/\/crb1.org.br\/site\/wp-json\/wp\/v2\/types\/post"}],"author":[{"embeddable":true,"href":"https:\/\/crb1.org.br\/site\/wp-json\/wp\/v2\/users\/2"}],"replies":[{"embeddable":true,"href":"https:\/\/crb1.org.br\/site\/wp-json\/wp\/v2\/comments?post=8840"}],"version-history":[{"count":0,"href":"https:\/\/crb1.org.br\/site\/wp-json\/wp\/v2\/posts\/8840\/revisions"}],"wp:featuredmedia":[{"embeddable":true,"href":"https:\/\/crb1.org.br\/site\/wp-json\/wp\/v2\/media\/8848"}],"wp:attachment":[{"href":"https:\/\/crb1.org.br\/site\/wp-json\/wp\/v2\/media?parent=8840"}],"wp:term":[{"taxonomy":"category","embeddable":true,"href":"https:\/\/crb1.org.br\/site\/wp-json\/wp\/v2\/categories?post=8840"},{"taxonomy":"post_tag","embeddable":true,"href":"https:\/\/crb1.org.br\/site\/wp-json\/wp\/v2\/tags?post=8840"}],"curies":[{"name":"wp","href":"https:\/\/api.w.org\/{rel}","templated":true}]}}