{"id":8891,"date":"2024-03-20T20:36:58","date_gmt":"2024-03-20T23:36:58","guid":{"rendered":"https:\/\/crb1.org.br\/site\/?p=8891"},"modified":"2024-04-04T12:31:24","modified_gmt":"2024-04-04T15:31:24","slug":"congresso-aprova-a-pl-5656-que-altera-a-lei-de-universalizacao-das-bibliotecas-escolares-projeto-segue-para-sancao-presidencial","status":"publish","type":"post","link":"https:\/\/crb1.org.br\/site\/2024\/03\/congresso-aprova-a-pl-5656-que-altera-a-lei-de-universalizacao-das-bibliotecas-escolares-projeto-segue-para-sancao-presidencial\/","title":{"rendered":"Congresso Aprova A Pl 5656, Que Altera A Lei De Universaliza\u00e7\u00e3o Das Bibliotecas Escolares; Projeto Segue Para San\u00e7\u00e3o Presidencial"},"content":{"rendered":"<p><strong>A Lei 12.244\/2010 <\/strong>disp\u00f5e sobre a universaliza\u00e7\u00e3o das bibliotecas nas institui\u00e7\u00f5es de ensino do Pa\u00eds. Em maio de 2020, se findou o prazo decenal concedido pela lei para que todas as institui\u00e7\u00f5es de ensino criassem, em suas estruturas, bibliotecas escolares. Ocorre que, no mesmo per\u00edodo, o pa\u00eds foi assolado pela pandemia do novo coronav\u00edrus, momento em que surgiram proposi\u00e7\u00f5es legislativas na C\u00e2mara dos Deputados, para dila\u00e7\u00e3o do ent\u00e3o prazo expirado.<\/p>\n<p>De modo que, no dia 05 de mar\u00e7o de 2024, foi apreciado o <strong>Projeto de Lei n\u00ba 5.656 de 2019, <\/strong>da Sra. Laura Carneiro, que prev\u00ea a altera\u00e7\u00e3o da Lei n\u00ba 12.244\/2010 e cria\u00e7\u00e3o de um Sistema Nacional de Bibliotecas Escolares (SNBE). Como resultado, o Projeto de Lei foi aprovado na C\u00e2mara dos Deputados nesta data, rejeitando a amplia\u00e7\u00e3o do prazo, sugerida por emendas dos senadores para 2028, permanecendo assim, o prazo original estabelecido para cumprimento da lei para 2024.<\/p>\n<p>Este Projeto de Lei ainda ir\u00e1 para san\u00e7\u00e3o presidencial, mas j\u00e1 representa um avan\u00e7o na valoriza\u00e7\u00e3o das bibliotecas escolares no Pa\u00eds. Ao manter o prazo original de 2024, o Projeto est\u00e1 alinhado com as metas do Plano Nacional de Educa\u00e7\u00e3o (PNE) e com a promo\u00e7\u00e3o do acesso \u00e0 informa\u00e7\u00e3o, cultura e leitura em todas as escolas brasileiras.<\/p>\n<p>Outra mudan\u00e7a significativa no Projeto de Lei \u00e9 a previs\u00e3o da <strong>imposi\u00e7\u00e3o de san\u00e7\u00f5es aos sistemas de ensino <\/strong>que prevaricarem na aplica\u00e7\u00e3o da lei, a ser definido pelo \u00f3rg\u00e3o ou entidade do Poder Executivo federal respons\u00e1vel pela implanta\u00e7\u00e3o do Sistema Nacional de Bibliotecas Escolares, o que ir\u00e1 refor\u00e7ar, significativamente, o trabalho de fiscaliza\u00e7\u00e3o que o Sistema CFB\/CRB j\u00e1 v\u00eam realizando junto \u00e0s institui\u00e7\u00f5es de ensino no pa\u00eds.<\/p>\n<p>No \u00e2mbito de atua\u00e7\u00e3o do Conselho Regional de Biblioteconomia-1\u00aa Regi\u00e3o \u2013 CRB1, jurisdi\u00e7\u00e3o correspondente ao Centro-Oeste (DF, GO MT e MS), utilizamos a Lei n\u00ba 12.244\/2010 como apoio em nossas a\u00e7\u00f5es de fiscaliza\u00e7\u00e3o nas Institui\u00e7\u00f5es de ensino, fazendo sua divulga\u00e7\u00e3o e orientando quanto \u00e0 Resolu\u00e7\u00e3o CFB n\u00ba 220\/2020, que disp\u00f5e, em conson\u00e2ncia com esta lei, sobre os par\u00e2metros a serem adotados para a estrutura\u00e7\u00e3o e o funcionamento das bibliotecas escolares, dando os requisitos principais para que cada escola possa ter uma biblioteca adequada.<\/p>\n<p>&nbsp;<\/p>\n<p><strong>A\u00e7\u00f5es do CRB-1 pelas Bibliotecas Escolares:<\/strong><\/p>\n<p>Quanto \u00e0s a\u00e7\u00f5es que o CRB-1 t\u00eam realizado no \u00e2mbito das bibliotecas escolares, visando o cumprimento da Lei 12.244\/2010 e o combate ao exerc\u00edcio irregular da profiss\u00e3o, est\u00e3o:<\/p>\n<ul>\n<li><strong>Processos de <\/strong>fi<strong>scaliza\u00e7\u00e3o em andamento <\/strong>em todas as Secretarias de Educa\u00e7\u00e3o do Centro-Oeste (DF, MT, MS e GO).<\/li>\n<li><strong>Julgamento da Secretaria de Educa\u00e7\u00e3o do DF <\/strong>ocorreu em fevereiro de 2024, resultou na aplica\u00e7\u00e3o de multa pela facilita\u00e7\u00e3o do exerc\u00edcio irregular da profiss\u00e3o e pela inexist\u00eancia de bibliotec\u00e1rios em 476 bibliotecas de escolas p\u00fablicas do DF. A Secretaria, por meio do of\u00edcio n\u00ba 1997\/2022 -SEE\/GAB\/AESP, informou possuir 690 escolas, <strong>476 bibliotecas <\/strong>escolares e somente <strong>dois <\/strong>servidores da carreira Gestor de Pol\u00edticas P\u00fablicas e Gest\u00e3o Educacional, especialidade Biblioteca. Durante o processo, a fim de sanar rapidamente o preju\u00edzo acarretado pela inexist\u00eancia de bibliotec\u00e1rios na rede p\u00fablica de ensino do DF, o CRB-1 prop\u00f4s a assinatura de um Termo de Ajuste de Conduta (TAC), com previs\u00e3o de calend\u00e1rio para a contrata\u00e7\u00e3o de cerca de 70 profissionais aprovados para o cargo em concurso realizado pela Secretaria de Educa\u00e7\u00e3o, edital n\u00ba 31, de 30 de junho de 2022, homologado em 26 de julho de 2023. A proposta n\u00e3o foi aceita pelo \u00f3rg\u00e3o, que alegou falta de previs\u00e3o or\u00e7ament\u00e1ria, e ensejou a aplica\u00e7\u00e3o da multa.<\/li>\n<li><strong>Autos de infra\u00e7\u00f5es lavrados <\/strong>utilizando o art.3\u00ba da <strong>Lei 12.244\/2010 <\/strong>como <strong>apoio no embasamento legal<\/strong>, que determina que a universaliza\u00e7\u00e3o das bibliotecas escolares dever\u00e1 respeitar a profiss\u00e3o de Bibliotec\u00e1rio, disciplinada pelas Leis n\u00ba 4.084, de 30 de junho de 1962, e 9.674, de 25 de junho de1998. Em 2023 foram lavrados <strong>14 Autos de Infra\u00e7\u00e3o <\/strong>nesse contexto.<\/li>\n<li><strong>Not\u00edcias de Fato <\/strong>enviadas ao Minist\u00e9rio P\u00fablico denunciando os Estados do DF e GO pelo n\u00e3o cumprimento da Lei 12.244\/10:<\/li>\n<li><strong>Not\u00edcia de Fato n\u00ba 08192.140584\/2023-51 <\/strong>\u2013 Encaminhado ao MPDFT, 2\u00aa Promotoria de Justi\u00e7a de Defesa da Educa\u00e7\u00e3o promoveu o arquivamento no dia 16\/08\/2023, em rela\u00e7\u00e3o \u00e0 den\u00fancia de eventual delito de exerc\u00edcio ilegal da profiss\u00e3o de bibliotec\u00e1rio nas escolas da rede p\u00fablica do Distrito Federal. A SEEDF possui <strong>690 escolas, 476 bibliotecas escolares e somente dois bibliotec\u00e1rios.<\/strong><\/li>\n<li><strong>Not\u00edcia de fato registrada sob o n\u00ba 202300359613 <\/strong>\u2013 Encaminhada ao MPGO, 50\u00aa Promotoria de Justi\u00e7a promoveu arquivamento no dia 29\/08\/2023. Of\u00edcio n\u00ba 23254\/2021 a SEDUC informou possuir <strong>990 escolas, 409 bibliotecas escolares<\/strong>, e n\u00e3o existe em seus quadros qualquer bibliotec\u00e1rio, possuindo t\u00e3o somente em algumas bibliotecas o cargo de dinamizador de biblioteca, que s\u00e3o formados preferencialmente em pedagogia.<\/li>\n<li>No m\u00eas de mar\u00e7o de 2024, o CRB-1 esteve presente conjuntamente com a Equipe Diretiva do Conselho Federal de Biblioteconomia e com a Deputada Federal Fernanda Melchionna, na Secretaria de Educa\u00e7\u00e3o B\u00e1sica do Minist\u00e9rio da Educa\u00e7\u00e3o (MEC) solicitando apoio na no Lan\u00e7amento da Frente Parlamentar do Livro, Leitura e Escrita (dia 26\/03\/2024) e apoio a cria\u00e7\u00e3o do Sistema Nacional de Bibliotecas Escolares, previsto na PL 5656.<\/li>\n<\/ul>\n<p>A Lei n\u00ba 12.244\/2010 tamb\u00e9m representa um instrumento importante de reconhecimento e valoriza\u00e7\u00e3o da profiss\u00e3o, visto que a universaliza\u00e7\u00e3o das bibliotecas escolares implica na necessidade de mais bibliotec\u00e1rios qualificados para gerir e promover o acesso \u00e0 informa\u00e7\u00e3o. A lei, em sua atual reda\u00e7\u00e3o, ordenou a obedi\u00eancia irrestrita aos ditames das Leis n. 4.084\/62 e 9.674\/98, que regulam o exerc\u00edcio da profiss\u00e3o de Bibliotec\u00e1rio.<\/p>\n<p>Por ser uma profiss\u00e3o regulamentada, o exerc\u00edcio da profiss\u00e3o de bibliotec\u00e1rio \u00e9 privativo aos Bachar\u00e9is em Biblioteconomia, com registro no conselho de sua jurisdi\u00e7\u00e3o de atua\u00e7\u00e3o. Ou seja, a biblioteca escolar somente deve funcionar com este profissional em sua gest\u00e3o. De modo que, o cumprimento da Lei 12.244\/2010 resultar\u00e1 tamb\u00e9m na melhoria da qualidade dos servi\u00e7os oferecidos pelas bibliotecas escolares, contribuindo assim, para o desenvolvimento e forma\u00e7\u00e3o dos estudantes.<\/p>\n<p>&nbsp;<\/p>\n<p><strong><em>Conselho Regional de Biblioteconomia da 1\u00aa Regi\u00e3o<\/em><\/strong><\/p>\n","protected":false},"excerpt":{"rendered":"<p>A Lei 12.244\/2010 disp\u00f5e sobre a universaliza\u00e7\u00e3o das bibliotecas nas institui\u00e7\u00f5es de ensino do Pa\u00eds. Em maio de 2020, se findou o prazo decenal concedido pela lei para que todas as institui\u00e7\u00f5es de ensino criassem, em suas estruturas, bibliotecas escolares. Ocorre que, no mesmo per\u00edodo, o pa\u00eds foi assolado pela pandemia do novo coronav\u00edrus, momento [&hellip;]<\/p>\n","protected":false},"author":2,"featured_media":8971,"comment_status":"closed","ping_status":"closed","sticky":false,"template":"","format":"standard","meta":{"site-sidebar-layout":"default","site-content-layout":"","ast-site-content-layout":"default","site-content-style":"default","site-sidebar-style":"default","ast-global-header-display":"","ast-banner-title-visibility":"","ast-main-header-display":"","ast-hfb-above-header-display":"","ast-hfb-below-header-display":"","ast-hfb-mobile-header-display":"","site-post-title":"","ast-breadcrumbs-content":"","ast-featured-img":"","footer-sml-layout":"","ast-disable-related-posts":"","theme-transparent-header-meta":"default","adv-header-id-meta":"","stick-header-meta":"","header-above-stick-meta":"","header-main-stick-meta":"","header-below-stick-meta":"","astra-migrate-meta-layouts":"set","ast-page-background-enabled":"default","ast-page-background-meta":{"desktop":{"background-color":"","background-image":"","background-repeat":"repeat","background-position":"center center","background-size":"auto","background-attachment":"scroll","background-type":"","background-media":"","overlay-type":"","overlay-color":"","overlay-opacity":"","overlay-gradient":""},"tablet":{"background-color":"","background-image":"","background-repeat":"repeat","background-position":"center center","background-size":"auto","background-attachment":"scroll","background-type":"","background-media":"","overlay-type":"","overlay-color":"","overlay-opacity":"","overlay-gradient":""},"mobile":{"background-color":"","background-image":"","background-repeat":"repeat","background-position":"center center","background-size":"auto","background-attachment":"scroll","background-type":"","background-media":"","overlay-type":"","overlay-color":"","overlay-opacity":"","overlay-gradient":""}},"ast-content-background-meta":{"desktop":{"background-color":"var(--ast-global-color-5)","background-image":"","background-repeat":"repeat","background-position":"center center","background-size":"auto","background-attachment":"scroll","background-type":"","background-media":"","overlay-type":"","overlay-color":"","overlay-opacity":"","overlay-gradient":""},"tablet":{"background-color":"var(--ast-global-color-5)","background-image":"","background-repeat":"repeat","background-position":"center center","background-size":"auto","background-attachment":"scroll","background-type":"","background-media":"","overlay-type":"","overlay-color":"","overlay-opacity":"","overlay-gradient":""},"mobile":{"background-color":"var(--ast-global-color-5)","background-image":"","background-repeat":"repeat","background-position":"center center","background-size":"auto","background-attachment":"scroll","background-type":"","background-media":"","overlay-type":"","overlay-color":"","overlay-opacity":"","overlay-gradient":""}},"footnotes":""},"categories":[21,1],"tags":[],"class_list":["post-8891","post","type-post","status-publish","format-standard","has-post-thumbnail","hentry","category-destaques","category-noticias"],"_links":{"self":[{"href":"https:\/\/crb1.org.br\/site\/wp-json\/wp\/v2\/posts\/8891","targetHints":{"allow":["GET"]}}],"collection":[{"href":"https:\/\/crb1.org.br\/site\/wp-json\/wp\/v2\/posts"}],"about":[{"href":"https:\/\/crb1.org.br\/site\/wp-json\/wp\/v2\/types\/post"}],"author":[{"embeddable":true,"href":"https:\/\/crb1.org.br\/site\/wp-json\/wp\/v2\/users\/2"}],"replies":[{"embeddable":true,"href":"https:\/\/crb1.org.br\/site\/wp-json\/wp\/v2\/comments?post=8891"}],"version-history":[{"count":0,"href":"https:\/\/crb1.org.br\/site\/wp-json\/wp\/v2\/posts\/8891\/revisions"}],"wp:featuredmedia":[{"embeddable":true,"href":"https:\/\/crb1.org.br\/site\/wp-json\/wp\/v2\/media\/8971"}],"wp:attachment":[{"href":"https:\/\/crb1.org.br\/site\/wp-json\/wp\/v2\/media?parent=8891"}],"wp:term":[{"taxonomy":"category","embeddable":true,"href":"https:\/\/crb1.org.br\/site\/wp-json\/wp\/v2\/categories?post=8891"},{"taxonomy":"post_tag","embeddable":true,"href":"https:\/\/crb1.org.br\/site\/wp-json\/wp\/v2\/tags?post=8891"}],"curies":[{"name":"wp","href":"https:\/\/api.w.org\/{rel}","templated":true}]}}