{"id":8937,"date":"2024-04-04T09:42:44","date_gmt":"2024-04-04T12:42:44","guid":{"rendered":"https:\/\/crb1.org.br\/site\/?p=8937"},"modified":"2024-04-05T11:29:10","modified_gmt":"2024-04-05T14:29:10","slug":"crb-1-participa-de-eventos-promovidos-pelo-conselho-federal-de-biblioteconomia","status":"publish","type":"post","link":"https:\/\/crb1.org.br\/site\/2024\/04\/crb-1-participa-de-eventos-promovidos-pelo-conselho-federal-de-biblioteconomia\/","title":{"rendered":"CRB-1 Participa De Eventos Promovidos Pelo Conselho Federal De Biblioteconomia"},"content":{"rendered":"<p><strong>Trata-se de evento de integra\u00e7\u00e3o do Sistema Conselho Federal de Biblioteconomia e Conselhos Regionais de Biblioteconomia (Sistema CFB\/CRBs)<\/strong><\/p>\n<div class=\"current markeddown hide-on-edit js-desc js-show-with-desc\" dir=\"auto\">\n<p dir=\"auto\">O Conselho Regional de Biblioteconomia da 1\u00aa Regi\u00e3o (CRB-1), participou de eventos promovidos pelo Conselho Federal de Biblioteconomia a saber: F\u00f3rum de Presidentes do Sistema Conselho Federal e Conselhos Regionais de Biblioteconomia 2024, Workshop e da Assembleia Geral do Sistema Conselho Federal e Conselhos Regionais de Biblioteconomia (Sistema CFB\/CRBs). Os eventos ocorreram na cidade de Bras\u00edlia nos dias 22 a 25 de mar\u00e7o de 2024. Estiveram presentes nas reuni\u00f5es, o Presidente, Johnathan Diniz, a Vice-Presidenta, Valde\u00edra Cardoso, a Diretora Administrativa, M\u00f4nica Landuyt, o Diretor T\u00e9cnico, Raphael Cavalcante, o Coordenador da Comiss\u00e3o de Divulga\u00e7\u00e3o e Valoriza\u00e7\u00e3o Profissional, Alyson Santos, e o Conselheiro Bel Costa Lima.<\/p>\n<p dir=\"auto\">No dia 22 de mar\u00e7o, a sede do Conselho Federal de Biblioteconomia (CFB) em Bras\u00edlia, foi palco do aguardado F\u00f3rum de Presidentes, um encontro de extrema import\u00e2ncia para o Sistema CFB\/CRBs. Com a presen\u00e7a do presidente do CFB e presidentes e representantes dos 14 Conselhos Regionais de Biblioteconomia (CRB), a reuni\u00e3o proporcionou um espa\u00e7o crucial para discuss\u00f5es e alinhamentos estrat\u00e9gicos.<\/p>\n<p dir=\"auto\">Entre os principais pontos da pauta estiveram o hist\u00f3rico dos F\u00f3runs anteriores, a apresenta\u00e7\u00e3o dos pontos de pauta tratados em 2023 e seus desdobramentos, al\u00e9m das sugest\u00f5es dos presidentes regionais e os temas trazidos pelo CFB. O evento foi marcado pela busca por solu\u00e7\u00f5es conjuntas e pela constru\u00e7\u00e3o de diretrizes que visam fortalecer a atua\u00e7\u00e3o dos conselhos no contexto da biblioteconomia nacional.<\/p>\n<p dir=\"auto\">O F\u00f3rum de Presidentes, composto pelos Presidentes do CFB e dos CRBs, ou seus representantes legais, \u00e9 coordenado pelo Presidente do CFB. Suas reuni\u00f5es, de car\u00e1ter n\u00e3o deliberativo, s\u00e3o privadas, e suas decis\u00f5es s\u00e3o submetidas \u00e0 aprecia\u00e7\u00e3o do Plen\u00e1rio do CFB. Na abertura de cada sess\u00e3o, o presidente do F\u00f3rum prop\u00f5e a metodologia de condu\u00e7\u00e3o dos trabalhos. As reuni\u00f5es s\u00e3o registradas em ata pr\u00f3pria, lida e aprovada ao final de cada encontro, com um dos membros atuando como secret\u00e1rio. O F\u00f3rum ocorre ordinariamente uma vez por ano, com qu\u00f3rum m\u00ednimo formado pela maioria simples dos seus membros, para tratar de assuntos diretamente relacionados \u00e0 gest\u00e3o dos Conselhos.<\/p>\n<p dir=\"auto\">Nos dias 23 e 24 de mar\u00e7o (s\u00e1bado e domingo, respectivamente), ocorreu a Workshop do Sistema CFB\/CRBs, no Sal\u00e3o Brooklin, no Hotel Manhattan Plaza, em Bras\u00edlia. onde os Conselheiros Federais apresentaram as estruturas e din\u00e2micas do Conselho Federal aos atuais conselheiros das novas gest\u00f5es que tomaram posse em janeiro. Houve, tamb\u00e9m, momentos de compartilhamento de a\u00e7\u00f5es e debates sobre temas que permeiam a biblioteconomia brasileira.<\/p>\n<p dir=\"auto\">No dia 25 de mar\u00e7o (segunda-feira), aconteceu a Assembleia Geral do Sistema CFB\/CRB, no audit\u00f3rio da Sede do Conselho Federal de Contabilidade, localizado no Setor de Autarquias Sul, em Bras\u00edlia. A Assembleia consiste em um encontro anual no qual os presidentes dos Conselhos Regionais e seus representantes, juntamente com os Conselheiros Federais, se re\u00fanem para apresentar os resultados de suas Comiss\u00f5es e propostas de a\u00e7\u00f5es para o futuro. Tamb\u00e9m foram discutidos os \u00eaxitos das a\u00e7\u00f5es, as dificuldades encontradas e, principalmente, o compartilhamento de experi\u00eancias.<\/p>\n<p dir=\"auto\">Nos encontros, a Equipe do CRB-1 apresentou as a\u00e7\u00f5es desenvolvidas em 2023 e os projetos e atividades para a 20\u00aa Gest\u00e3o. pautadas na \u00e9tica profissional e no contato mais pr\u00f3ximo com os registrados pelos canais de comunica\u00e7\u00e3o do CRB-1 e na integra\u00e7\u00e3o com as demais jurisdi\u00e7\u00f5es que comp\u00f5em o Sistema CFB\/CRBs.<\/p>\n<p dir=\"auto\">\u200c<div id='gallery-1' class='gallery galleryid-8937 gallery-columns-3 gallery-size-thumbnail'><figure class='gallery-item'>\n\t\t\t<div class='gallery-icon landscape'>\n\t\t\t\t<a href='https:\/\/crb1.org.br\/site\/wp-content\/uploads\/2024\/04\/crb-1-participa-de-eventos-promovidos-pelo-conselho-federal-de-biblioteconomia.fwresultado.webp'><img decoding=\"async\" width=\"150\" height=\"150\" src=\"https:\/\/crb1.org.br\/site\/wp-content\/uploads\/2024\/04\/crb-1-participa-de-eventos-promovidos-pelo-conselho-federal-de-biblioteconomia.fwresultado-150x150.webp\" class=\"attachment-thumbnail size-thumbnail\" alt=\"\" \/><\/a>\n\t\t\t<\/div><\/figure><figure class='gallery-item'>\n\t\t\t<div class='gallery-icon landscape'>\n\t\t\t\t<a href='https:\/\/crb1.org.br\/site\/wp-content\/uploads\/2024\/04\/crb-1-participa-de-eventos-promovidos-pelo-conselho-federal-de-biblioteconomia-2.fwresultado.webp'><img decoding=\"async\" width=\"150\" height=\"150\" src=\"https:\/\/crb1.org.br\/site\/wp-content\/uploads\/2024\/04\/crb-1-participa-de-eventos-promovidos-pelo-conselho-federal-de-biblioteconomia-2.fwresultado-150x150.webp\" class=\"attachment-thumbnail size-thumbnail\" alt=\"\" \/><\/a>\n\t\t\t<\/div><\/figure>\n\t\t<\/div>\n<\/p>\n<p dir=\"auto\"><strong>Conselho Regional de Biblioteconomia da 1\u00aa Regi\u00e3o, com informa\u00e7\u00f5es do Conselho Federal de Biblioteconomia<\/strong><\/p>\n<\/div>\n<p>&nbsp;<\/p>\n","protected":false},"excerpt":{"rendered":"<p>Trata-se de evento de integra\u00e7\u00e3o do Sistema Conselho Federal de Biblioteconomia e Conselhos Regionais de Biblioteconomia (Sistema CFB\/CRBs) O Conselho Regional de Biblioteconomia da 1\u00aa Regi\u00e3o (CRB-1), participou de eventos promovidos pelo Conselho Federal de Biblioteconomia a saber: F\u00f3rum de Presidentes do Sistema Conselho Federal e Conselhos Regionais de Biblioteconomia 2024, Workshop e da Assembleia [&hellip;]<\/p>\n","protected":false},"author":2,"featured_media":8938,"comment_status":"closed","ping_status":"closed","sticky":false,"template":"","format":"standard","meta":{"site-sidebar-layout":"default","site-content-layout":"","ast-site-content-layout":"default","site-content-style":"default","site-sidebar-style":"default","ast-global-header-display":"","ast-banner-title-visibility":"","ast-main-header-display":"","ast-hfb-above-header-display":"","ast-hfb-below-header-display":"","ast-hfb-mobile-header-display":"","site-post-title":"","ast-breadcrumbs-content":"","ast-featured-img":"","footer-sml-layout":"","ast-disable-related-posts":"","theme-transparent-header-meta":"default","adv-header-id-meta":"","stick-header-meta":"","header-above-stick-meta":"","header-main-stick-meta":"","header-below-stick-meta":"","astra-migrate-meta-layouts":"set","ast-page-background-enabled":"default","ast-page-background-meta":{"desktop":{"background-color":"","background-image":"","background-repeat":"repeat","background-position":"center center","background-size":"auto","background-attachment":"scroll","background-type":"","background-media":"","overlay-type":"","overlay-color":"","overlay-opacity":"","overlay-gradient":""},"tablet":{"background-color":"","background-image":"","background-repeat":"repeat","background-position":"center center","background-size":"auto","background-attachment":"scroll","background-type":"","background-media":"","overlay-type":"","overlay-color":"","overlay-opacity":"","overlay-gradient":""},"mobile":{"background-color":"","background-image":"","background-repeat":"repeat","background-position":"center center","background-size":"auto","background-attachment":"scroll","background-type":"","background-media":"","overlay-type":"","overlay-color":"","overlay-opacity":"","overlay-gradient":""}},"ast-content-background-meta":{"desktop":{"background-color":"var(--ast-global-color-5)","background-image":"","background-repeat":"repeat","background-position":"center center","background-size":"auto","background-attachment":"scroll","background-type":"","background-media":"","overlay-type":"","overlay-color":"","overlay-opacity":"","overlay-gradient":""},"tablet":{"background-color":"var(--ast-global-color-5)","background-image":"","background-repeat":"repeat","background-position":"center center","background-size":"auto","background-attachment":"scroll","background-type":"","background-media":"","overlay-type":"","overlay-color":"","overlay-opacity":"","overlay-gradient":""},"mobile":{"background-color":"var(--ast-global-color-5)","background-image":"","background-repeat":"repeat","background-position":"center center","background-size":"auto","background-attachment":"scroll","background-type":"","background-media":"","overlay-type":"","overlay-color":"","overlay-opacity":"","overlay-gradient":""}},"footnotes":""},"categories":[21,1],"tags":[],"class_list":["post-8937","post","type-post","status-publish","format-standard","has-post-thumbnail","hentry","category-destaques","category-noticias"],"_links":{"self":[{"href":"https:\/\/crb1.org.br\/site\/wp-json\/wp\/v2\/posts\/8937","targetHints":{"allow":["GET"]}}],"collection":[{"href":"https:\/\/crb1.org.br\/site\/wp-json\/wp\/v2\/posts"}],"about":[{"href":"https:\/\/crb1.org.br\/site\/wp-json\/wp\/v2\/types\/post"}],"author":[{"embeddable":true,"href":"https:\/\/crb1.org.br\/site\/wp-json\/wp\/v2\/users\/2"}],"replies":[{"embeddable":true,"href":"https:\/\/crb1.org.br\/site\/wp-json\/wp\/v2\/comments?post=8937"}],"version-history":[{"count":0,"href":"https:\/\/crb1.org.br\/site\/wp-json\/wp\/v2\/posts\/8937\/revisions"}],"wp:featuredmedia":[{"embeddable":true,"href":"https:\/\/crb1.org.br\/site\/wp-json\/wp\/v2\/media\/8938"}],"wp:attachment":[{"href":"https:\/\/crb1.org.br\/site\/wp-json\/wp\/v2\/media?parent=8937"}],"wp:term":[{"taxonomy":"category","embeddable":true,"href":"https:\/\/crb1.org.br\/site\/wp-json\/wp\/v2\/categories?post=8937"},{"taxonomy":"post_tag","embeddable":true,"href":"https:\/\/crb1.org.br\/site\/wp-json\/wp\/v2\/tags?post=8937"}],"curies":[{"name":"wp","href":"https:\/\/api.w.org\/{rel}","templated":true}]}}