{"id":8947,"date":"2024-04-04T09:51:02","date_gmt":"2024-04-04T12:51:02","guid":{"rendered":"https:\/\/crb1.org.br\/site\/?p=8947"},"modified":"2024-04-05T11:29:07","modified_gmt":"2024-04-05T14:29:07","slug":"crb-1-participa-de-sessao-solene-em-homangem-ao-dia-da-bibliotecaria-e-do-bibliotecario-e-do-lancamento-da-frente-parlamentar-do-livro-leitura-e-escrita","status":"publish","type":"post","link":"https:\/\/crb1.org.br\/site\/2024\/04\/crb-1-participa-de-sessao-solene-em-homangem-ao-dia-da-bibliotecaria-e-do-bibliotecario-e-do-lancamento-da-frente-parlamentar-do-livro-leitura-e-escrita\/","title":{"rendered":"CRB-1 Participa De Sess\u00e3o Solene Em Homenagem Ao Dia Da Bibliotec\u00e1ria E Do Bibliotec\u00e1rio E Do Lan\u00e7amento Da Frente Parlamentar Do Livro, Leitura E Escrita"},"content":{"rendered":"\t\t<div data-elementor-type=\"wp-post\" data-elementor-id=\"8947\" class=\"elementor elementor-8947\" data-elementor-settings=\"{&quot;ha_cmc_init_switcher&quot;:&quot;no&quot;}\" data-elementor-post-type=\"post\">\n\t\t\t\t<div class=\"elementor-element elementor-element-4ad7f82d e-flex e-con-boxed e-con e-parent\" data-id=\"4ad7f82d\" data-element_type=\"container\" data-e-type=\"container\" data-settings=\"{&quot;_ha_eqh_enable&quot;:false}\">\n\t\t\t\t\t<div class=\"e-con-inner\">\n\t\t\t\t<div class=\"elementor-element elementor-element-7e0c1377 elementor-widget elementor-widget-text-editor\" data-id=\"7e0c1377\" data-element_type=\"widget\" data-e-type=\"widget\" data-widget_type=\"text-editor.default\">\n\t\t\t\t<div class=\"elementor-widget-container\">\n\t\t\t\t\t\t\t\t\t<p dir=\"auto\">O Conselho Regional de Biblioteconomia da 1\u00aa Regi\u00e3o (CRB-1), participou da Sess\u00e3o Solene em Homenagem ao Dia da Bibliotec\u00e1ria e do Bibliotec\u00e1rio no Brasil, comemorado em 12 de mar\u00e7o, foi requerida pela Deputada Federal Fernanda Melchionna (Psol\/RS). O CRB-1 esteve representado pelo Presidente, Johnathan Diniz, a Vice-Presidenta, Valde\u00edra Cardoso, a Diretora Administrativa, M\u00f4nica Landuyt, o Diretor T\u00e9cnico, Raphael Cavalcante, o Coordenador da Comiss\u00e3o de Divulga\u00e7\u00e3o e Valoriza\u00e7\u00e3o Profissional, Alyson Souza, o Conselheiro Bel Costa Lima, as Bibliotec\u00e1rias fiscais N\u00e1dia Silva e Gabriela Freitas e o Assessor Jur\u00eddico do CRB-, Edivam Barbosa.<\/p><p dir=\"auto\">O evento aconteceu no Plen\u00e1rio Ulisses Guimar\u00e3es, na C\u00e2mara dos Deputados. O Conselheiro Alyson Souza discursou no parlat\u00f3rio, representando os Conselhos Regionais de Biblioteconomia. Alyson enfatizou a atua\u00e7\u00e3o bibliotec\u00e1ria em uma era de intensas mudan\u00e7as e complexidades. O Conselheiro ressaltou que a atua\u00e7\u00e3o dos Conselhos Regionais \u00e9 um trabalho de coopera\u00e7\u00e3o m\u00fatua entre as bibliotec\u00e1rias e bibliotec\u00e1rios e sociedade civil.<\/p><p dir=\"auto\">No per\u00edodo da tarde, no Sal\u00e3o Nobre da C\u00e2mara dos Deputados, foi lan\u00e7ado a Frente Parlamentar do Livro, da Leitura e Escrita, evento tamb\u00e9m proposto pela Deputada Federal Fernanda Melchionna (Psol\/RS). O prop\u00f3sito fundamental dessa iniciativa vai al\u00e9m de simplesmente propor novas medidas legislativas; busca tamb\u00e9m acompanhar de perto e cobrar a efetiva implementa\u00e7\u00e3o das leis j\u00e1 existentes, que visam promover o desenvolvimento do livro e da leitura em todas as esferas da sociedade.<\/p><p dir=\"auto\">Durante o evento, a parlamentar enfatizou a import\u00e2ncia crucial do fortalecimento da economia do livro, salientando a necessidade de uma maior intera\u00e7\u00e3o e colabora\u00e7\u00e3o entre as C\u00e2maras Municipais e Assembleias Estaduais nesse sentido. Al\u00e9m disso, ressaltou-se a urg\u00eancia da plena implementa\u00e7\u00e3o do Plano Nacional do Livro e Leitura e da Pol\u00edtica Nacional do Livro, fundamentais para a consolida\u00e7\u00e3o de uma cultura de leitura no pa\u00eds.<\/p><p dir=\"auto\">O autor vencedor do Pr\u00eamio Jabuti na categoria Romance Liter\u00e1rio em 2021, Jeferson Ten\u00f3rio, discutiu a relev\u00e2ncia da promo\u00e7\u00e3o do acesso aos livros e \u00e0 leitura, enfatizando a import\u00e2ncia da preserva\u00e7\u00e3o das bibliotecas no Brasil. Al\u00e9m disso, ele criticou a censura sofrida por sua obra &#8220;O avesso da pele&#8221;. Em reconhecimento ao seu trabalho, as deputadas Fernanda Melchionna e S\u00e2mia Bomfim concederam a Ten\u00f3rio uma Mo\u00e7\u00e3o de Louvor.<\/p><p dir=\"auto\">O evento contou com a participa\u00e7\u00e3o de diversas entidades representativas do setor. O Diretor T\u00e9cnico do CRB-1, Raphael Cavalcante foi o mestre de cerim\u00f4nias do evento. O Presidente do CRB-1, Johnathan Diniz, falou em nome dos Regionais de Biblioteconomia e ressaltou a import\u00e2ncia do lan\u00e7amento da frente parlamentar e a import\u00e2ncia dos diversos setores do livro, leitura, literatura e bibliotecas estarem unidos neste ato.<\/p><p dir=\"auto\">Assista a transmiss\u00e3o da Sess\u00e3o Solene em Homenagem ao Dia da Bibliotec\u00e1ria e do Bibliotec\u00e1rio 2024:<\/p><div class=\"js-react-root\"><span class=\"loader-wrapper\"><span aria-expanded=\"false\" aria-haspopup=\"true\" data-testid=\"hover-card-trigger-wrapper\"><a class=\"css-118vsk3\" tabindex=\"0\" role=\"button\" href=\"https:\/\/www.youtube.com\/watch?v=BpmGJdR99Bs\" target=\"_blank\" rel=\"noopener\" data-testid=\"inline-card-resolved-view\"><span class=\"css-14tyax2\" data-testid=\"inline-card-icon-and-title\"><span class=\"css-1yitqmp\"><img decoding=\"async\" class=\"smart-link-icon css-fy7h5c\" src=\"https:\/\/www.youtube.com\/s\/desktop\/0646520c\/img\/favicon_32x32.png\" data-testid=\"inline-card-icon-and-title-image\" \/><\/span><span class=\"smart-link-title-wrapper css-0\">Homenagem ao Dia da Bibliotec\u00e1ria e do Bibliotec\u00e1rio &#8211; 26\/03\/2024<\/span><\/span><\/a><\/span><\/span><\/div><div>\u00a0<\/div><div>\u00a0<\/div><div><p><div id='gallery-1' class='gallery galleryid-8947 gallery-columns-4 gallery-size-thumbnail'><figure class='gallery-item'>\n\t\t\t<div class='gallery-icon landscape'>\n\t\t\t\t<a href='https:\/\/crb1.org.br\/site\/wp-content\/uploads\/2024\/04\/crb-1-participa-de-sessao-solene.fwresultado.webp'><img decoding=\"async\" width=\"150\" height=\"150\" src=\"https:\/\/crb1.org.br\/site\/wp-content\/uploads\/2024\/04\/crb-1-participa-de-sessao-solene.fwresultado-150x150.webp\" class=\"attachment-thumbnail size-thumbnail\" alt=\"\" \/><\/a>\n\t\t\t<\/div><\/figure><figure class='gallery-item'>\n\t\t\t<div class='gallery-icon portrait'>\n\t\t\t\t<a href='https:\/\/crb1.org.br\/site\/wp-content\/uploads\/2024\/04\/crb-1-participa-de-sessao-solene-2.fwresultado.webp'><img decoding=\"async\" width=\"150\" height=\"150\" src=\"https:\/\/crb1.org.br\/site\/wp-content\/uploads\/2024\/04\/crb-1-participa-de-sessao-solene-2.fwresultado-150x150.webp\" class=\"attachment-thumbnail size-thumbnail\" alt=\"\" \/><\/a>\n\t\t\t<\/div><\/figure><figure class='gallery-item'>\n\t\t\t<div class='gallery-icon portrait'>\n\t\t\t\t<a href='https:\/\/crb1.org.br\/site\/wp-content\/uploads\/2024\/04\/crb-1-participa-de-sessao-solene-3.fwresultado.webp'><img decoding=\"async\" width=\"150\" height=\"150\" src=\"https:\/\/crb1.org.br\/site\/wp-content\/uploads\/2024\/04\/crb-1-participa-de-sessao-solene-3.fwresultado-150x150.webp\" class=\"attachment-thumbnail size-thumbnail\" alt=\"\" \/><\/a>\n\t\t\t<\/div><\/figure><figure class='gallery-item'>\n\t\t\t<div class='gallery-icon portrait'>\n\t\t\t\t<a href='https:\/\/crb1.org.br\/site\/wp-content\/uploads\/2024\/04\/crb-1-participa-de-sessao-solene-4.fwresultado.webp'><img loading=\"lazy\" decoding=\"async\" width=\"150\" height=\"150\" src=\"https:\/\/crb1.org.br\/site\/wp-content\/uploads\/2024\/04\/crb-1-participa-de-sessao-solene-4.fwresultado-150x150.webp\" class=\"attachment-thumbnail size-thumbnail\" alt=\"\" \/><\/a>\n\t\t\t<\/div><\/figure>\n\t\t<\/div>\n<\/p><\/div><div>\u00a0<\/div><div><strong>Conselho Regional de Biblioteconomia da 1\u00aa Regi\u00e3o, com informa\u00e7\u00f5es da C\u00e2mara dos Deputados e C\u00e2mara Brasileira do Livro<\/strong><\/div>\t\t\t\t\t\t\t\t<\/div>\n\t\t\t\t<\/div>\n\t\t\t\t\t<\/div>\n\t\t\t\t<\/div>\n\t\t\t\t<\/div>\n\t\t","protected":false},"excerpt":{"rendered":"<p>O Conselho Regional de Biblioteconomia da 1\u00aa Regi\u00e3o (CRB-1), participou da Sess\u00e3o Solene em Homenagem ao Dia da Bibliotec\u00e1ria e do Bibliotec\u00e1rio no Brasil, comemorado em 12 de mar\u00e7o, foi requerida pela Deputada Federal Fernanda Melchionna (Psol\/RS). O CRB-1 esteve representado pelo Presidente, Johnathan Diniz, a Vice-Presidenta, Valde\u00edra Cardoso, a Diretora Administrativa, M\u00f4nica Landuyt, o [&hellip;]<\/p>\n","protected":false},"author":2,"featured_media":8948,"comment_status":"closed","ping_status":"closed","sticky":false,"template":"","format":"standard","meta":{"site-sidebar-layout":"default","site-content-layout":"","ast-site-content-layout":"default","site-content-style":"default","site-sidebar-style":"default","ast-global-header-display":"","ast-banner-title-visibility":"","ast-main-header-display":"","ast-hfb-above-header-display":"","ast-hfb-below-header-display":"","ast-hfb-mobile-header-display":"","site-post-title":"","ast-breadcrumbs-content":"","ast-featured-img":"","footer-sml-layout":"","ast-disable-related-posts":"","theme-transparent-header-meta":"default","adv-header-id-meta":"","stick-header-meta":"","header-above-stick-meta":"","header-main-stick-meta":"","header-below-stick-meta":"","astra-migrate-meta-layouts":"set","ast-page-background-enabled":"default","ast-page-background-meta":{"desktop":{"background-color":"","background-image":"","background-repeat":"repeat","background-position":"center center","background-size":"auto","background-attachment":"scroll","background-type":"","background-media":"","overlay-type":"","overlay-color":"","overlay-opacity":"","overlay-gradient":""},"tablet":{"background-color":"","background-image":"","background-repeat":"repeat","background-position":"center center","background-size":"auto","background-attachment":"scroll","background-type":"","background-media":"","overlay-type":"","overlay-color":"","overlay-opacity":"","overlay-gradient":""},"mobile":{"background-color":"","background-image":"","background-repeat":"repeat","background-position":"center center","background-size":"auto","background-attachment":"scroll","background-type":"","background-media":"","overlay-type":"","overlay-color":"","overlay-opacity":"","overlay-gradient":""}},"ast-content-background-meta":{"desktop":{"background-color":"var(--ast-global-color-5)","background-image":"","background-repeat":"repeat","background-position":"center center","background-size":"auto","background-attachment":"scroll","background-type":"","background-media":"","overlay-type":"","overlay-color":"","overlay-opacity":"","overlay-gradient":""},"tablet":{"background-color":"var(--ast-global-color-5)","background-image":"","background-repeat":"repeat","background-position":"center center","background-size":"auto","background-attachment":"scroll","background-type":"","background-media":"","overlay-type":"","overlay-color":"","overlay-opacity":"","overlay-gradient":""},"mobile":{"background-color":"var(--ast-global-color-5)","background-image":"","background-repeat":"repeat","background-position":"center center","background-size":"auto","background-attachment":"scroll","background-type":"","background-media":"","overlay-type":"","overlay-color":"","overlay-opacity":"","overlay-gradient":""}},"footnotes":""},"categories":[21,1],"tags":[],"class_list":["post-8947","post","type-post","status-publish","format-standard","has-post-thumbnail","hentry","category-destaques","category-noticias"],"_links":{"self":[{"href":"https:\/\/crb1.org.br\/site\/wp-json\/wp\/v2\/posts\/8947","targetHints":{"allow":["GET"]}}],"collection":[{"href":"https:\/\/crb1.org.br\/site\/wp-json\/wp\/v2\/posts"}],"about":[{"href":"https:\/\/crb1.org.br\/site\/wp-json\/wp\/v2\/types\/post"}],"author":[{"embeddable":true,"href":"https:\/\/crb1.org.br\/site\/wp-json\/wp\/v2\/users\/2"}],"replies":[{"embeddable":true,"href":"https:\/\/crb1.org.br\/site\/wp-json\/wp\/v2\/comments?post=8947"}],"version-history":[{"count":0,"href":"https:\/\/crb1.org.br\/site\/wp-json\/wp\/v2\/posts\/8947\/revisions"}],"wp:featuredmedia":[{"embeddable":true,"href":"https:\/\/crb1.org.br\/site\/wp-json\/wp\/v2\/media\/8948"}],"wp:attachment":[{"href":"https:\/\/crb1.org.br\/site\/wp-json\/wp\/v2\/media?parent=8947"}],"wp:term":[{"taxonomy":"category","embeddable":true,"href":"https:\/\/crb1.org.br\/site\/wp-json\/wp\/v2\/categories?post=8947"},{"taxonomy":"post_tag","embeddable":true,"href":"https:\/\/crb1.org.br\/site\/wp-json\/wp\/v2\/tags?post=8947"}],"curies":[{"name":"wp","href":"https:\/\/api.w.org\/{rel}","templated":true}]}}