{"id":9012,"date":"2024-04-24T11:26:18","date_gmt":"2024-04-24T14:26:18","guid":{"rendered":"https:\/\/crb1.org.br\/site\/?p=9012"},"modified":"2024-04-24T11:27:46","modified_gmt":"2024-04-24T14:27:46","slug":"crb-1-e-cfb-participam-de-eventos-em-comemoracao-aos-70-anos-do-ibict","status":"publish","type":"post","link":"https:\/\/crb1.org.br\/site\/2024\/04\/crb-1-e-cfb-participam-de-eventos-em-comemoracao-aos-70-anos-do-ibict\/","title":{"rendered":"CRB-1 E CFB Participam De Eventos Em Comemora\u00e7\u00e3o Aos 70 Anos Do IBICT"},"content":{"rendered":"<p dir=\"auto\">A Equipe do Conselho Regional de Biblioteconomia da 1\u00aa Regi\u00e3o (CRB-1) participou juntamente com o Presidente do Conselho Federal de Biblioteconomia, F\u00e1bio Lima Cordeiro, das comemora\u00e7\u00f5es dos 70 anos do Instituto Brasileiro de Informa\u00e7\u00e3o em Ci\u00eancia e Tecnologia (Ibict).<br \/>\nAs comemora\u00e7\u00f5es tiveram in\u00edcio no dia 15 de abril de 2024, com a reinaugura\u00e7\u00e3o da a Biblioteca \u201cLydia de Queiroz Sambaquy\u201d na sede do Instituto, em Bras\u00edlia, DF. A biblioteca foi inaugurada oficialmente pelo diretor do Ibict, Tiago Braga, e pela coordenadora de Servi\u00e7os Bibliogr\u00e1ficos da institui\u00e7\u00e3o (COBIB-Ibict), Ana Carolina Simionato Arakaki.<\/p>\n<p dir=\"auto\">Tiago Braga agradeceu a todos que colaboraram para a reinaugura\u00e7\u00e3o da biblioteca, mas, em especial, \u00e0 Ana Carolina que \u201cse doou, juntamente com sua equipe, durante v\u00e1rios meses, no processo de reestrutura\u00e7\u00e3o da biblioteca. O Presidente do CRB-1, Johnathan Diniz, e a Bibliotec\u00e1ria Fiscal, Gabriela Freitas, prestigiaram a reinaugura\u00e7\u00e3o da biblioteca. Na ocasi\u00e3o, o Presidente do CFB, F\u00e1bio Cordeiro e o Presidente do CRb-1, Johnathan Diniz, ressaltaram a import\u00e2ncia do Sistema CFB\/CRBs prestigiarem este momento simb\u00f3lico de reabertura de uma biblioteca, estando pronta a continuar cumprindo seu papel na \u00e1rea da biblioteconomia e das ci\u00eancias da informa\u00e7\u00e3o.<\/p>\n<p dir=\"auto\">No dia 16 de abril, Johnathan Diniz, acompanhado da Diretoria Administrativa, M\u00f4nica Landuyt, e a Bibliotec\u00e1ria Fiscal, Gabriela Freitas, prestigiaram a abertura da\u00a0<a title=\"\u200c\" href=\"https:\/\/www.youtube.com\/watch?v=McgvZlg5DRA\" target=\"_blank\" rel=\"nofollow noopener noreferrer ugc\">abertura da Confer\u00eancia Livre: Informa\u00e7\u00e3o em Ci\u00eancia, Tecnologia e Inova\u00e7\u00e3o<\/a>. Em continuidade \u00e0s comemora\u00e7\u00f5es dos 70 anos do Instituto, o evento foi marcado pela presen\u00e7a da ministra da Ci\u00eancia, Tecnologia e Inova\u00e7\u00e3o (MCTI), Luciana Santos, al\u00e9m de representantes do governo, universidades e unidades de pesquisa do MCTI.<\/p>\n<p dir=\"auto\">A Ministra ressaltou a atua\u00e7\u00e3o do Ibict na constru\u00e7\u00e3o de infraestruturas de informa\u00e7\u00e3o enquanto mecanismos de promo\u00e7\u00e3o do desenvolvimento nacional.<\/p>\n<p dir=\"auto\">O Sistema CFB\/CRBs parabenizam o Ibict pelos seus 70 anos, cuimprindo seu papel social que \u00e9 do acesso e da democratiza\u00e7\u00e3o da informa\u00e7\u00e3o. Que venham mais conquistas e comemora\u00e7\u00f5es vindouras!<\/p>\n<div id='gallery-1' class='gallery galleryid-9012 gallery-columns-4 gallery-size-thumbnail'><figure class='gallery-item'>\n\t\t\t<div class='gallery-icon portrait'>\n\t\t\t\t<a href='https:\/\/crb1.org.br\/site\/wp-content\/uploads\/2024\/04\/untitled-1.fwresultado.webp'><img decoding=\"async\" width=\"150\" height=\"150\" src=\"https:\/\/crb1.org.br\/site\/wp-content\/uploads\/2024\/04\/untitled-1.fwresultado-150x150.webp\" class=\"attachment-thumbnail size-thumbnail\" alt=\"\" \/><\/a>\n\t\t\t<\/div><\/figure><figure class='gallery-item'>\n\t\t\t<div class='gallery-icon portrait'>\n\t\t\t\t<a href='https:\/\/crb1.org.br\/site\/wp-content\/uploads\/2024\/04\/untitled-2.fwresultado.webp'><img decoding=\"async\" width=\"150\" height=\"150\" src=\"https:\/\/crb1.org.br\/site\/wp-content\/uploads\/2024\/04\/untitled-2.fwresultado-150x150.webp\" class=\"attachment-thumbnail size-thumbnail\" alt=\"\" \/><\/a>\n\t\t\t<\/div><\/figure><figure class='gallery-item'>\n\t\t\t<div class='gallery-icon portrait'>\n\t\t\t\t<a href='https:\/\/crb1.org.br\/site\/wp-content\/uploads\/2024\/04\/untitled-3.fwresultado.webp'><img decoding=\"async\" width=\"150\" height=\"150\" src=\"https:\/\/crb1.org.br\/site\/wp-content\/uploads\/2024\/04\/untitled-3.fwresultado-150x150.webp\" class=\"attachment-thumbnail size-thumbnail\" alt=\"\" \/><\/a>\n\t\t\t<\/div><\/figure><figure class='gallery-item'>\n\t\t\t<div class='gallery-icon portrait'>\n\t\t\t\t<a href='https:\/\/crb1.org.br\/site\/wp-content\/uploads\/2024\/04\/imagem-4.fwresultado.webp'><img loading=\"lazy\" decoding=\"async\" width=\"150\" height=\"150\" src=\"https:\/\/crb1.org.br\/site\/wp-content\/uploads\/2024\/04\/imagem-4.fwresultado-150x150.webp\" class=\"attachment-thumbnail size-thumbnail\" alt=\"\" \/><\/a>\n\t\t\t<\/div><\/figure>\n\t\t<\/div>\n\n<p dir=\"auto\"><em><strong>Conselho Regional de Biblioteconomia, com informa\u00e7\u00f5es do Conselho Federal de Biblioteconomia e Instituto Brasileiro de Informa\u00e7\u00e3o em Ci\u00eancia e Tecnologia<\/strong><\/em><\/p>\n","protected":false},"excerpt":{"rendered":"<p>A Equipe do Conselho Regional de Biblioteconomia da 1\u00aa Regi\u00e3o (CRB-1) participou juntamente com o Presidente do Conselho Federal de Biblioteconomia, F\u00e1bio Lima Cordeiro, das comemora\u00e7\u00f5es dos 70 anos do Instituto Brasileiro de Informa\u00e7\u00e3o em Ci\u00eancia e Tecnologia (Ibict). As comemora\u00e7\u00f5es tiveram in\u00edcio no dia 15 de abril de 2024, com a reinaugura\u00e7\u00e3o da a [&hellip;]<\/p>\n","protected":false},"author":2,"featured_media":9013,"comment_status":"closed","ping_status":"closed","sticky":false,"template":"","format":"standard","meta":{"site-sidebar-layout":"default","site-content-layout":"","ast-site-content-layout":"default","site-content-style":"default","site-sidebar-style":"default","ast-global-header-display":"","ast-banner-title-visibility":"","ast-main-header-display":"","ast-hfb-above-header-display":"","ast-hfb-below-header-display":"","ast-hfb-mobile-header-display":"","site-post-title":"","ast-breadcrumbs-content":"","ast-featured-img":"","footer-sml-layout":"","ast-disable-related-posts":"","theme-transparent-header-meta":"default","adv-header-id-meta":"","stick-header-meta":"","header-above-stick-meta":"","header-main-stick-meta":"","header-below-stick-meta":"","astra-migrate-meta-layouts":"set","ast-page-background-enabled":"default","ast-page-background-meta":{"desktop":{"background-color":"","background-image":"","background-repeat":"repeat","background-position":"center center","background-size":"auto","background-attachment":"scroll","background-type":"","background-media":"","overlay-type":"","overlay-color":"","overlay-opacity":"","overlay-gradient":""},"tablet":{"background-color":"","background-image":"","background-repeat":"repeat","background-position":"center center","background-size":"auto","background-attachment":"scroll","background-type":"","background-media":"","overlay-type":"","overlay-color":"","overlay-opacity":"","overlay-gradient":""},"mobile":{"background-color":"","background-image":"","background-repeat":"repeat","background-position":"center center","background-size":"auto","background-attachment":"scroll","background-type":"","background-media":"","overlay-type":"","overlay-color":"","overlay-opacity":"","overlay-gradient":""}},"ast-content-background-meta":{"desktop":{"background-color":"var(--ast-global-color-5)","background-image":"","background-repeat":"repeat","background-position":"center center","background-size":"auto","background-attachment":"scroll","background-type":"","background-media":"","overlay-type":"","overlay-color":"","overlay-opacity":"","overlay-gradient":""},"tablet":{"background-color":"var(--ast-global-color-5)","background-image":"","background-repeat":"repeat","background-position":"center center","background-size":"auto","background-attachment":"scroll","background-type":"","background-media":"","overlay-type":"","overlay-color":"","overlay-opacity":"","overlay-gradient":""},"mobile":{"background-color":"var(--ast-global-color-5)","background-image":"","background-repeat":"repeat","background-position":"center center","background-size":"auto","background-attachment":"scroll","background-type":"","background-media":"","overlay-type":"","overlay-color":"","overlay-opacity":"","overlay-gradient":""}},"footnotes":""},"categories":[21,1],"tags":[],"class_list":["post-9012","post","type-post","status-publish","format-standard","has-post-thumbnail","hentry","category-destaques","category-noticias"],"_links":{"self":[{"href":"https:\/\/crb1.org.br\/site\/wp-json\/wp\/v2\/posts\/9012","targetHints":{"allow":["GET"]}}],"collection":[{"href":"https:\/\/crb1.org.br\/site\/wp-json\/wp\/v2\/posts"}],"about":[{"href":"https:\/\/crb1.org.br\/site\/wp-json\/wp\/v2\/types\/post"}],"author":[{"embeddable":true,"href":"https:\/\/crb1.org.br\/site\/wp-json\/wp\/v2\/users\/2"}],"replies":[{"embeddable":true,"href":"https:\/\/crb1.org.br\/site\/wp-json\/wp\/v2\/comments?post=9012"}],"version-history":[{"count":0,"href":"https:\/\/crb1.org.br\/site\/wp-json\/wp\/v2\/posts\/9012\/revisions"}],"wp:featuredmedia":[{"embeddable":true,"href":"https:\/\/crb1.org.br\/site\/wp-json\/wp\/v2\/media\/9013"}],"wp:attachment":[{"href":"https:\/\/crb1.org.br\/site\/wp-json\/wp\/v2\/media?parent=9012"}],"wp:term":[{"taxonomy":"category","embeddable":true,"href":"https:\/\/crb1.org.br\/site\/wp-json\/wp\/v2\/categories?post=9012"},{"taxonomy":"post_tag","embeddable":true,"href":"https:\/\/crb1.org.br\/site\/wp-json\/wp\/v2\/tags?post=9012"}],"curies":[{"name":"wp","href":"https:\/\/api.w.org\/{rel}","templated":true}]}}