{"id":9147,"date":"2024-06-08T08:46:11","date_gmt":"2024-06-08T11:46:11","guid":{"rendered":"https:\/\/crb1.org.br\/site\/?p=9147"},"modified":"2024-06-08T08:46:11","modified_gmt":"2024-06-08T11:46:11","slug":"comunicado-diretoria-do-crb-1-emite-comunicado-acerca-da-divulgacao-da-vaga-de-bibliotecariao-do-colegio-sigma-asa-norte-brasilia","status":"publish","type":"post","link":"https:\/\/crb1.org.br\/site\/2024\/06\/comunicado-diretoria-do-crb-1-emite-comunicado-acerca-da-divulgacao-da-vaga-de-bibliotecariao-do-colegio-sigma-asa-norte-brasilia\/","title":{"rendered":"COMUNICADO &#8211; Diretoria do CRB-1 emite comunicado acerca da divulga\u00e7\u00e3o da vaga de bibliotec\u00e1ria(o) do Col\u00e9gio Sigma (Asa Norte\/Bras\u00edlia)"},"content":{"rendered":"<p dir=\"auto\"><em>Prezadas Bibliotec\u00e1rias e Prezados Bibliotec\u00e1rios,<\/em><\/p>\n<p dir=\"auto\">Diante das manifest\u00e7\u00f5es acerca da divulga\u00e7\u00e3o da oferta de vaga do\u00a0<strong>Col\u00e9gio Sigma (Asa Norte\/Bras\u00edlia)<\/strong>, ressaltamos a preocupa\u00e7\u00e3o de registradas e registrados no CRB-1 em rela\u00e7\u00e3o \u00e0 oferta de trabalho e \u00e0 urg\u00eancia na defini\u00e7\u00e3o do piso salarial da categoria de Bibliotec\u00e1rios.<\/p>\n<p dir=\"auto\">Entendemos plenamente a import\u00e2ncia do estabelecimento do piso salarial da categoria. No entanto, \u00e9 crucial salientar que esta atribui\u00e7\u00e3o compete aos\u00a0<strong>Sindicatos Profissionais<\/strong>. Os sindicatos t\u00eam como principal objetivo a defesa dos interesses dos profissionais filiados, buscando melhores condi\u00e7\u00f5es de trabalho e o estabelecimento de um piso salarial adequado. Lamentavelmente, na nossa regi\u00e3o, n\u00e3o existem sindicatos ativos e o CRB-1 n\u00e3o possui compet\u00eancia legal para atuar nessa quest\u00e3o, conforme determinado pela lei.<\/p>\n<p dir=\"auto\">O instrumento que temos \u00e0 disposi\u00e7\u00e3o e que apoiamos \u00e9 a\u00a0<strong>recomenda\u00e7\u00e3o salarial publicada pela Associa\u00e7\u00e3o de Bibliotec\u00e1rios do Distrito Federal (ABDF)<\/strong>, a qual emite valores para as diversas categorias de trabalho do bibliotec\u00e1rio. Para acessar essa recomenda\u00e7\u00e3o, clique neste link:\u00a0<a href=\"https:\/\/abdf.org.br\/images\/documentos\/2023_resolucao_salarial_abdf.pdf\" target=\"_blank\" rel=\"nofollow noopener noreferrer ugc\">https:\/\/abdf.org.br\/images\/documentos\/2023_resolucao_salarial_abdf.pdf<\/a><\/p>\n<p dir=\"auto\">Compreendemos a frustra\u00e7\u00e3o causada pelos valores oferecidos por escolas\/empresas. Contudo, devido \u00e0 nossa limita\u00e7\u00e3o legal, estamos impossibilitados de intervir diretamente nesse aspecto.<\/p>\n<p dir=\"auto\">O Conselho Regional de Biblioteconomia da 1\u00aa Regi\u00e3o (CRB-1) reafirma seu compromisso de facilitar o planejamento e a execu\u00e7\u00e3o de a\u00e7\u00f5es voltadas para a fiscaliza\u00e7\u00e3o do exerc\u00edcio da profiss\u00e3o de Bibliotec\u00e1rio na Regi\u00e3o Centro-Oeste.<\/p>\n<p dir=\"auto\">Agradecemos a todas e todos que entraram em contato conosco para alertar sobre a vaga em quest\u00e3o e asseguramos que tomaremos as medidas cab\u00edveis para questionar a institui\u00e7\u00e3o de ensino acerca das vagas que n\u00e3o estejam em conson\u00e2ncia com a compet\u00eancia e o reconhecimento do trabalho dos bibliotec\u00e1rios.<\/p>\n<p dir=\"auto\">Estamos \u00e0 disposi\u00e7\u00e3o para qualquer esclarecimento adicional.<\/p>\n<p dir=\"auto\"><em>Atenciosamente,<\/em><\/p>\n<p dir=\"auto\">\u200c<\/p>\n<p dir=\"auto\"><em><strong>Diretoria do Conselho Regional de Biblioteconomia da 1\u00aa Regi\u00e3o (CRB-1)<\/strong><\/em><\/p>\n","protected":false},"excerpt":{"rendered":"<p>Prezadas Bibliotec\u00e1rias e Prezados Bibliotec\u00e1rios, Diante das manifest\u00e7\u00f5es acerca da divulga\u00e7\u00e3o da oferta de vaga do\u00a0Col\u00e9gio Sigma (Asa Norte\/Bras\u00edlia), ressaltamos a preocupa\u00e7\u00e3o de registradas e registrados no CRB-1 em rela\u00e7\u00e3o \u00e0 oferta de trabalho e \u00e0 urg\u00eancia na defini\u00e7\u00e3o do piso salarial da categoria de Bibliotec\u00e1rios. Entendemos plenamente a import\u00e2ncia do estabelecimento do piso salarial [&hellip;]<\/p>\n","protected":false},"author":2,"featured_media":9148,"comment_status":"closed","ping_status":"closed","sticky":false,"template":"","format":"standard","meta":{"site-sidebar-layout":"default","site-content-layout":"","ast-site-content-layout":"default","site-content-style":"default","site-sidebar-style":"default","ast-global-header-display":"","ast-banner-title-visibility":"","ast-main-header-display":"","ast-hfb-above-header-display":"","ast-hfb-below-header-display":"","ast-hfb-mobile-header-display":"","site-post-title":"","ast-breadcrumbs-content":"","ast-featured-img":"","footer-sml-layout":"","ast-disable-related-posts":"","theme-transparent-header-meta":"default","adv-header-id-meta":"","stick-header-meta":"","header-above-stick-meta":"","header-main-stick-meta":"","header-below-stick-meta":"","astra-migrate-meta-layouts":"set","ast-page-background-enabled":"default","ast-page-background-meta":{"desktop":{"background-color":"","background-image":"","background-repeat":"repeat","background-position":"center center","background-size":"auto","background-attachment":"scroll","background-type":"","background-media":"","overlay-type":"","overlay-color":"","overlay-opacity":"","overlay-gradient":""},"tablet":{"background-color":"","background-image":"","background-repeat":"repeat","background-position":"center center","background-size":"auto","background-attachment":"scroll","background-type":"","background-media":"","overlay-type":"","overlay-color":"","overlay-opacity":"","overlay-gradient":""},"mobile":{"background-color":"","background-image":"","background-repeat":"repeat","background-position":"center center","background-size":"auto","background-attachment":"scroll","background-type":"","background-media":"","overlay-type":"","overlay-color":"","overlay-opacity":"","overlay-gradient":""}},"ast-content-background-meta":{"desktop":{"background-color":"var(--ast-global-color-5)","background-image":"","background-repeat":"repeat","background-position":"center center","background-size":"auto","background-attachment":"scroll","background-type":"","background-media":"","overlay-type":"","overlay-color":"","overlay-opacity":"","overlay-gradient":""},"tablet":{"background-color":"var(--ast-global-color-5)","background-image":"","background-repeat":"repeat","background-position":"center center","background-size":"auto","background-attachment":"scroll","background-type":"","background-media":"","overlay-type":"","overlay-color":"","overlay-opacity":"","overlay-gradient":""},"mobile":{"background-color":"var(--ast-global-color-5)","background-image":"","background-repeat":"repeat","background-position":"center center","background-size":"auto","background-attachment":"scroll","background-type":"","background-media":"","overlay-type":"","overlay-color":"","overlay-opacity":"","overlay-gradient":""}},"footnotes":""},"categories":[21,1],"tags":[],"class_list":["post-9147","post","type-post","status-publish","format-standard","has-post-thumbnail","hentry","category-destaques","category-noticias"],"_links":{"self":[{"href":"https:\/\/crb1.org.br\/site\/wp-json\/wp\/v2\/posts\/9147","targetHints":{"allow":["GET"]}}],"collection":[{"href":"https:\/\/crb1.org.br\/site\/wp-json\/wp\/v2\/posts"}],"about":[{"href":"https:\/\/crb1.org.br\/site\/wp-json\/wp\/v2\/types\/post"}],"author":[{"embeddable":true,"href":"https:\/\/crb1.org.br\/site\/wp-json\/wp\/v2\/users\/2"}],"replies":[{"embeddable":true,"href":"https:\/\/crb1.org.br\/site\/wp-json\/wp\/v2\/comments?post=9147"}],"version-history":[{"count":0,"href":"https:\/\/crb1.org.br\/site\/wp-json\/wp\/v2\/posts\/9147\/revisions"}],"wp:featuredmedia":[{"embeddable":true,"href":"https:\/\/crb1.org.br\/site\/wp-json\/wp\/v2\/media\/9148"}],"wp:attachment":[{"href":"https:\/\/crb1.org.br\/site\/wp-json\/wp\/v2\/media?parent=9147"}],"wp:term":[{"taxonomy":"category","embeddable":true,"href":"https:\/\/crb1.org.br\/site\/wp-json\/wp\/v2\/categories?post=9147"},{"taxonomy":"post_tag","embeddable":true,"href":"https:\/\/crb1.org.br\/site\/wp-json\/wp\/v2\/tags?post=9147"}],"curies":[{"name":"wp","href":"https:\/\/api.w.org\/{rel}","templated":true}]}}