{"id":9333,"date":"2024-07-25T08:56:17","date_gmt":"2024-07-25T11:56:17","guid":{"rendered":"https:\/\/crb1.org.br\/site\/?p=9333"},"modified":"2024-07-25T08:56:17","modified_gmt":"2024-07-25T11:56:17","slug":"oportunidade-ufg-lanca-edital-de-concurso-publico-para-contratacao-de-bibliotecariao","status":"publish","type":"post","link":"https:\/\/crb1.org.br\/site\/2024\/07\/oportunidade-ufg-lanca-edital-de-concurso-publico-para-contratacao-de-bibliotecariao\/","title":{"rendered":"Oportunidade &#8211; UFG lan\u00e7a Edital de Concurso P\u00fablico para Contrata\u00e7\u00e3o de Bibliotec\u00e1ria(O)"},"content":{"rendered":"<p dir=\"auto\">A Universidade Federal de Goi\u00e1s (UFG) divulgou Edital de Concurso P\u00fablico com 01 vaga para o Cargo de Bibliotec\u00e1rio-Documentalista. Confira as informa\u00e7\u00f5es abaixo:<\/p>\n<ul>\n<li>Cargo: Bibliotec\u00e1rio-Documentalista (1 vaga);<\/li>\n<li>Local de atua\u00e7\u00e3o: Regi\u00e3o Metropolitana de Goi\u00e2nia<\/li>\n<li>Renumera\u00e7\u00e3o: R$ 4.556,92<\/li>\n<li>Carga hor\u00e1ria semanal: 40h<\/li>\n<li>Per\u00edodo de Inscri\u00e7\u00f5es: 05\/08\/2024 a 28\/08\/2024<\/li>\n<li>Realiza\u00e7\u00e3o da Prova: 22\/09\/2024<\/li>\n<li>Link do Edital:\u00a0<a href=\"https:\/\/sistemas.institutoverbena.ufg.br\/2024\/concurso-tae-ufg\/\" target=\"_blank\" rel=\"nofollow noopener noreferrer ugc\">https:\/\/sistemas.institutoverbena.ufg.br\/2024\/concurso-tae-ufg\/<\/a><\/li>\n<\/ul>\n<p dir=\"auto\">\u200c<\/p>\n<p dir=\"auto\"><em><strong>Conselho Regional de Biblioteconomia da 1\u00aa Regi\u00e3o<\/strong><\/em><\/p>\n","protected":false},"excerpt":{"rendered":"<p>A Universidade Federal de Goi\u00e1s (UFG) divulgou Edital de Concurso P\u00fablico com 01 vaga para o Cargo de Bibliotec\u00e1rio-Documentalista. Confira as informa\u00e7\u00f5es abaixo: Cargo: Bibliotec\u00e1rio-Documentalista (1 vaga); Local de atua\u00e7\u00e3o: Regi\u00e3o Metropolitana de Goi\u00e2nia Renumera\u00e7\u00e3o: R$ 4.556,92 Carga hor\u00e1ria semanal: 40h Per\u00edodo de Inscri\u00e7\u00f5es: 05\/08\/2024 a 28\/08\/2024 Realiza\u00e7\u00e3o da Prova: 22\/09\/2024 Link do Edital:\u00a0https:\/\/sistemas.institutoverbena.ufg.br\/2024\/concurso-tae-ufg\/ \u200c [&hellip;]<\/p>\n","protected":false},"author":2,"featured_media":9334,"comment_status":"closed","ping_status":"closed","sticky":false,"template":"","format":"standard","meta":{"site-sidebar-layout":"default","site-content-layout":"","ast-site-content-layout":"default","site-content-style":"default","site-sidebar-style":"default","ast-global-header-display":"","ast-banner-title-visibility":"","ast-main-header-display":"","ast-hfb-above-header-display":"","ast-hfb-below-header-display":"","ast-hfb-mobile-header-display":"","site-post-title":"","ast-breadcrumbs-content":"","ast-featured-img":"","footer-sml-layout":"","ast-disable-related-posts":"","theme-transparent-header-meta":"default","adv-header-id-meta":"","stick-header-meta":"","header-above-stick-meta":"","header-main-stick-meta":"","header-below-stick-meta":"","astra-migrate-meta-layouts":"set","ast-page-background-enabled":"default","ast-page-background-meta":{"desktop":{"background-color":"","background-image":"","background-repeat":"repeat","background-position":"center center","background-size":"auto","background-attachment":"scroll","background-type":"","background-media":"","overlay-type":"","overlay-color":"","overlay-opacity":"","overlay-gradient":""},"tablet":{"background-color":"","background-image":"","background-repeat":"repeat","background-position":"center center","background-size":"auto","background-attachment":"scroll","background-type":"","background-media":"","overlay-type":"","overlay-color":"","overlay-opacity":"","overlay-gradient":""},"mobile":{"background-color":"","background-image":"","background-repeat":"repeat","background-position":"center center","background-size":"auto","background-attachment":"scroll","background-type":"","background-media":"","overlay-type":"","overlay-color":"","overlay-opacity":"","overlay-gradient":""}},"ast-content-background-meta":{"desktop":{"background-color":"var(--ast-global-color-5)","background-image":"","background-repeat":"repeat","background-position":"center center","background-size":"auto","background-attachment":"scroll","background-type":"","background-media":"","overlay-type":"","overlay-color":"","overlay-opacity":"","overlay-gradient":""},"tablet":{"background-color":"var(--ast-global-color-5)","background-image":"","background-repeat":"repeat","background-position":"center center","background-size":"auto","background-attachment":"scroll","background-type":"","background-media":"","overlay-type":"","overlay-color":"","overlay-opacity":"","overlay-gradient":""},"mobile":{"background-color":"var(--ast-global-color-5)","background-image":"","background-repeat":"repeat","background-position":"center center","background-size":"auto","background-attachment":"scroll","background-type":"","background-media":"","overlay-type":"","overlay-color":"","overlay-opacity":"","overlay-gradient":""}},"footnotes":""},"categories":[22],"tags":[],"class_list":["post-9333","post","type-post","status-publish","format-standard","has-post-thumbnail","hentry","category-oportunidades"],"_links":{"self":[{"href":"https:\/\/crb1.org.br\/site\/wp-json\/wp\/v2\/posts\/9333","targetHints":{"allow":["GET"]}}],"collection":[{"href":"https:\/\/crb1.org.br\/site\/wp-json\/wp\/v2\/posts"}],"about":[{"href":"https:\/\/crb1.org.br\/site\/wp-json\/wp\/v2\/types\/post"}],"author":[{"embeddable":true,"href":"https:\/\/crb1.org.br\/site\/wp-json\/wp\/v2\/users\/2"}],"replies":[{"embeddable":true,"href":"https:\/\/crb1.org.br\/site\/wp-json\/wp\/v2\/comments?post=9333"}],"version-history":[{"count":0,"href":"https:\/\/crb1.org.br\/site\/wp-json\/wp\/v2\/posts\/9333\/revisions"}],"wp:featuredmedia":[{"embeddable":true,"href":"https:\/\/crb1.org.br\/site\/wp-json\/wp\/v2\/media\/9334"}],"wp:attachment":[{"href":"https:\/\/crb1.org.br\/site\/wp-json\/wp\/v2\/media?parent=9333"}],"wp:term":[{"taxonomy":"category","embeddable":true,"href":"https:\/\/crb1.org.br\/site\/wp-json\/wp\/v2\/categories?post=9333"},{"taxonomy":"post_tag","embeddable":true,"href":"https:\/\/crb1.org.br\/site\/wp-json\/wp\/v2\/tags?post=9333"}],"curies":[{"name":"wp","href":"https:\/\/api.w.org\/{rel}","templated":true}]}}