{"id":9357,"date":"2024-08-19T08:40:16","date_gmt":"2024-08-19T11:40:16","guid":{"rendered":"https:\/\/crb1.org.br\/site\/?p=9357"},"modified":"2024-08-19T08:40:32","modified_gmt":"2024-08-19T11:40:32","slug":"crb-1-divulga-palestra-vocabularios-controlados-na-organizacao-e-representacao-da-informacao","status":"publish","type":"post","link":"https:\/\/crb1.org.br\/site\/2024\/08\/crb-1-divulga-palestra-vocabularios-controlados-na-organizacao-e-representacao-da-informacao\/","title":{"rendered":"CRB-1 DIVULGA &#8211; PALESTRA &#8220;VOCABUL\u00c1RIOS CONTROLADOS NA ORGANIZA\u00c7\u00c3O E REPRESENTA\u00c7\u00c3O DA INFORMA\u00c7\u00c3O&#8221;"},"content":{"rendered":"<p>O Laborat\u00f3rio de Estudos e Pr\u00e1ticas em Organiza\u00e7\u00e3o e Representa\u00e7\u00e3o da Informa\u00e7\u00e3o (LABORI), do Curso de Biblioteconomia da Universidade Federal de Goi\u00e1s (UFG) convida todas e todos a participarem da Palestra <em><strong>&#8220;Vocabul\u00e1rios controlados na organiza\u00e7\u00e3o e representa\u00e7\u00e3o da informa\u00e7\u00e3o&#8221;<\/strong><\/em>, a ser proferida pelo Prof. Dr. Mario Barit\u00e9 (UDELAR).<\/p>\n<p>Ser\u00e1 no dia <strong>02 de setembro de 2024<\/strong>, \u00e0s 9h, no audit\u00f3rio da Biblioteca Central da UFG, na Cidade de Goi\u00e2nia-GO. <strong>O evento \u00e9 presencial!<\/strong><\/p>\n<p><strong>Ser\u00e1 emitido certificado de participa\u00e7\u00e3o.<\/strong><\/p>\n<p><strong>Inscri\u00e7\u00f5es:<\/strong><\/p>\n<p><a href=\"https:\/\/docs.google.com\/forms\/d\/e\/1FAIpQLSecL0xGJdhEfZJF-a0Yc_7DppuypOEFEAPETqcl2qFNAm6RbA\/viewform?vc=0&#038;c=0&#038;w=1&#038;flr=0\">https:\/\/docs.google.com\/forms\/d\/e\/1FAIpQLSecL0xGJdhEfZJF-a0Yc_7DppuypOEFEAPETqcl2qFNAm6RbA\/viewform?vc=0&amp;c=0&amp;w=1&amp;flr=0<\/a><\/p>\n<p>Participe!<\/p>\n<p>&nbsp;<\/p>\n<p><em><strong>Conselho Regional de Biblioteconomia da 1\u00aa Regi\u00e3o<\/strong><\/em><\/p>\n","protected":false},"excerpt":{"rendered":"<p>O Laborat\u00f3rio de Estudos e Pr\u00e1ticas em Organiza\u00e7\u00e3o e Representa\u00e7\u00e3o da Informa\u00e7\u00e3o (LABORI), do Curso de Biblioteconomia da Universidade Federal de Goi\u00e1s (UFG) convida todas e todos a participarem da Palestra &#8220;Vocabul\u00e1rios controlados na organiza\u00e7\u00e3o e representa\u00e7\u00e3o da informa\u00e7\u00e3o&#8221;, a ser proferida pelo Prof. Dr. Mario Barit\u00e9 (UDELAR). Ser\u00e1 no dia 02 de setembro de [&hellip;]<\/p>\n","protected":false},"author":1,"featured_media":9358,"comment_status":"closed","ping_status":"closed","sticky":false,"template":"","format":"standard","meta":{"site-sidebar-layout":"default","site-content-layout":"","ast-site-content-layout":"default","site-content-style":"default","site-sidebar-style":"default","ast-global-header-display":"","ast-banner-title-visibility":"","ast-main-header-display":"","ast-hfb-above-header-display":"","ast-hfb-below-header-display":"","ast-hfb-mobile-header-display":"","site-post-title":"","ast-breadcrumbs-content":"","ast-featured-img":"","footer-sml-layout":"","ast-disable-related-posts":"","theme-transparent-header-meta":"default","adv-header-id-meta":"","stick-header-meta":"","header-above-stick-meta":"","header-main-stick-meta":"","header-below-stick-meta":"","astra-migrate-meta-layouts":"set","ast-page-background-enabled":"default","ast-page-background-meta":{"desktop":{"background-color":"","background-image":"","background-repeat":"repeat","background-position":"center center","background-size":"auto","background-attachment":"scroll","background-type":"","background-media":"","overlay-type":"","overlay-color":"","overlay-opacity":"","overlay-gradient":""},"tablet":{"background-color":"","background-image":"","background-repeat":"repeat","background-position":"center center","background-size":"auto","background-attachment":"scroll","background-type":"","background-media":"","overlay-type":"","overlay-color":"","overlay-opacity":"","overlay-gradient":""},"mobile":{"background-color":"","background-image":"","background-repeat":"repeat","background-position":"center center","background-size":"auto","background-attachment":"scroll","background-type":"","background-media":"","overlay-type":"","overlay-color":"","overlay-opacity":"","overlay-gradient":""}},"ast-content-background-meta":{"desktop":{"background-color":"var(--ast-global-color-5)","background-image":"","background-repeat":"repeat","background-position":"center center","background-size":"auto","background-attachment":"scroll","background-type":"","background-media":"","overlay-type":"","overlay-color":"","overlay-opacity":"","overlay-gradient":""},"tablet":{"background-color":"var(--ast-global-color-5)","background-image":"","background-repeat":"repeat","background-position":"center center","background-size":"auto","background-attachment":"scroll","background-type":"","background-media":"","overlay-type":"","overlay-color":"","overlay-opacity":"","overlay-gradient":""},"mobile":{"background-color":"var(--ast-global-color-5)","background-image":"","background-repeat":"repeat","background-position":"center center","background-size":"auto","background-attachment":"scroll","background-type":"","background-media":"","overlay-type":"","overlay-color":"","overlay-opacity":"","overlay-gradient":""}},"footnotes":""},"categories":[1],"tags":[],"class_list":["post-9357","post","type-post","status-publish","format-standard","has-post-thumbnail","hentry","category-noticias"],"_links":{"self":[{"href":"https:\/\/crb1.org.br\/site\/wp-json\/wp\/v2\/posts\/9357","targetHints":{"allow":["GET"]}}],"collection":[{"href":"https:\/\/crb1.org.br\/site\/wp-json\/wp\/v2\/posts"}],"about":[{"href":"https:\/\/crb1.org.br\/site\/wp-json\/wp\/v2\/types\/post"}],"author":[{"embeddable":true,"href":"https:\/\/crb1.org.br\/site\/wp-json\/wp\/v2\/users\/1"}],"replies":[{"embeddable":true,"href":"https:\/\/crb1.org.br\/site\/wp-json\/wp\/v2\/comments?post=9357"}],"version-history":[{"count":0,"href":"https:\/\/crb1.org.br\/site\/wp-json\/wp\/v2\/posts\/9357\/revisions"}],"wp:featuredmedia":[{"embeddable":true,"href":"https:\/\/crb1.org.br\/site\/wp-json\/wp\/v2\/media\/9358"}],"wp:attachment":[{"href":"https:\/\/crb1.org.br\/site\/wp-json\/wp\/v2\/media?parent=9357"}],"wp:term":[{"taxonomy":"category","embeddable":true,"href":"https:\/\/crb1.org.br\/site\/wp-json\/wp\/v2\/categories?post=9357"},{"taxonomy":"post_tag","embeddable":true,"href":"https:\/\/crb1.org.br\/site\/wp-json\/wp\/v2\/tags?post=9357"}],"curies":[{"name":"wp","href":"https:\/\/api.w.org\/{rel}","templated":true}]}}