{"id":9362,"date":"2024-08-26T07:51:48","date_gmt":"2024-08-26T10:51:48","guid":{"rendered":"https:\/\/crb1.org.br\/site\/?p=9362"},"modified":"2024-08-26T07:52:03","modified_gmt":"2024-08-26T10:52:03","slug":"crb-1-lancara-a-campanha-soubiblioteca-escolar-durante-a-i-feira-literaria-de-goias-flig","status":"publish","type":"post","link":"https:\/\/crb1.org.br\/site\/2024\/08\/crb-1-lancara-a-campanha-soubiblioteca-escolar-durante-a-i-feira-literaria-de-goias-flig\/","title":{"rendered":"CRB-1 Lan\u00e7ar\u00e1 a Campanha #SoubibliotecaEscolar durante a I Feira Liter\u00e1ria de Goi\u00e1s (FLIG)"},"content":{"rendered":"<p dir=\"auto\">Voc\u00ea conhece a Campanha\u00a0<a title=\"\u200c\" href=\"https:\/\/www.facebook.com\/hashtag\/soubibliotecaescolar?__eep__=6&amp;__cft__%5B0%5D=AZVcabq_0DmlUsIuFzDKGT-xX62JwrOOtD2W6mM5QjbRZ1vgwejf-V21dZ0UGZyGGupV6hQ-EFu9Z6Iztg-hPAiLAR1s9570X9tDqZS6e-5L6H5EFsOscKIRw6xiEyaMyRRH7f1AoMLg4amDuv4f1LhTJWiBHj3l3gQQT8KPcMrmLQ&amp;__tn__=*NK-R\" target=\"_blank\" rel=\"nofollow noopener noreferrer ugc\">#SouBibliotecaEscolar<\/a>?<\/p>\n<p dir=\"auto\">Por iniciativa do Sistema CFB\/CRBs, foi lan\u00e7ada a Campanha\u00a0<a title=\"\u200c\" href=\"https:\/\/www.facebook.com\/hashtag\/soubibliotecaescolar?__eep__=6&amp;__cft__%5B0%5D=AZVcabq_0DmlUsIuFzDKGT-xX62JwrOOtD2W6mM5QjbRZ1vgwejf-V21dZ0UGZyGGupV6hQ-EFu9Z6Iztg-hPAiLAR1s9570X9tDqZS6e-5L6H5EFsOscKIRw6xiEyaMyRRH7f1AoMLg4amDuv4f1LhTJWiBHj3l3gQQT8KPcMrmLQ&amp;__tn__=*NK-R\" target=\"_blank\" rel=\"nofollow noopener noreferrer ugc\">#SouBibliotecaEscolar<\/a>, durante a 26\u00aa Bienal Internacional do Livro de S\u00e3o Paulo, em de julho de 2022.<\/p>\n<p dir=\"auto\">Seu mote principal \u00e9 sensibilizar as autoridades p\u00fablicas e a sociedade civil pelo cumprimento da Lei n\u00ba 12.244\/2010 &#8211; Lei de Universaliza\u00e7\u00e3o das Bibliotecas Escolares.<\/p>\n<p dir=\"auto\">Em Outubro, o CRB-1 lan\u00e7ar\u00e1 a Campanha Sou Biblioteca Escolar durante a\u00a0<em><strong>I Feira Liter\u00e1ria de Goi\u00e1s (FLIG)<\/strong><\/em>, na cidade de Goi\u00e2nia-GO.<\/p>\n<p dir=\"auto\">Acompanhe em breve mais informa\u00e7\u00f5es sobre o lan\u00e7amento da Campanha!<\/p>\n<p dir=\"auto\">Utilize a hashtag\u00a0<a title=\"\u200c\" href=\"https:\/\/www.facebook.com\/hashtag\/soubibliotecaescolar?__eep__=6&amp;__cft__%5B0%5D=AZVcabq_0DmlUsIuFzDKGT-xX62JwrOOtD2W6mM5QjbRZ1vgwejf-V21dZ0UGZyGGupV6hQ-EFu9Z6Iztg-hPAiLAR1s9570X9tDqZS6e-5L6H5EFsOscKIRw6xiEyaMyRRH7f1AoMLg4amDuv4f1LhTJWiBHj3l3gQQT8KPcMrmLQ&amp;__tn__=*NK-R\" target=\"_blank\" rel=\"nofollow noopener noreferrer ugc\">#SouBibliotecaEscolar<\/a>\u00a0em suas redes sociais e participe conosco!<\/p>\n<p dir=\"auto\">Inscreva-se na Feira Liter\u00e1ria de Goi\u00e1s:\u00a0<a title=\"\u200c\" href=\"https:\/\/l.facebook.com\/l.php?u=https%3A%2F%2Feventos.ifgoiano.edu.br%2Fflig%2F%3Ffbclid%3DIwZXh0bgNhZW0CMTAAAR03ZpTZsxxivaKeyB7KxMcwN0cxBpUXXHlMoAmX76Y8rrshf_foydlpxJ0_aem_UnZxT5bBvLDDdSOlb7Dq6w&amp;h=AT0L2O0nAhknmr1juhabV4_dpF_2TYGxAHMMea5qCnqevH-sV3fv9ukqrj4YDrxmQm6iYodYipQYLnfxoTOeMZMYbPqPxBHzy1-kILofFJMUf4mAPpgFlcfQF2-UKi266t3M&amp;__tn__=-UK-R&amp;c%5B0%5D=AT0fxUYO8iawI5UNZMFxEGnbraAX_PENFEeVK9-4QN-CiC-_vJgtWJ7ydZSsTSowjDkqTHuM1AkmUXu9e9PEiaDE1NTkrKMUFomv-AbGCT8e4aqzqetGmdGJHi0KnjpeWnHT490Llab1lJkp26uTK_gnDXgO1UTGPLu1Dhu7RHXAoNx2tKT1AA\" target=\"_blank\" rel=\"nofollow noopener noreferrer ugc\">https:\/\/eventos.ifgoiano.edu.br\/flig\/<\/a><\/p>\n<p dir=\"auto\">Participe e aguarde em bree a programa\u00e7\u00e3o completa.<\/p>\n<p dir=\"auto\">\u200c<\/p>\n<p dir=\"auto\"><em><strong>Conselho Regional de Biblioteconomia da 1\u00aa Regi\u00e3o<\/strong><\/em><\/p>\n","protected":false},"excerpt":{"rendered":"<p>Voc\u00ea conhece a Campanha\u00a0#SouBibliotecaEscolar? Por iniciativa do Sistema CFB\/CRBs, foi lan\u00e7ada a Campanha\u00a0#SouBibliotecaEscolar, durante a 26\u00aa Bienal Internacional do Livro de S\u00e3o Paulo, em de julho de 2022. Seu mote principal \u00e9 sensibilizar as autoridades p\u00fablicas e a sociedade civil pelo cumprimento da Lei n\u00ba 12.244\/2010 &#8211; Lei de Universaliza\u00e7\u00e3o das Bibliotecas Escolares. Em Outubro, [&hellip;]<\/p>\n","protected":false},"author":2,"featured_media":9363,"comment_status":"closed","ping_status":"closed","sticky":false,"template":"","format":"standard","meta":{"site-sidebar-layout":"default","site-content-layout":"","ast-site-content-layout":"default","site-content-style":"default","site-sidebar-style":"default","ast-global-header-display":"","ast-banner-title-visibility":"","ast-main-header-display":"","ast-hfb-above-header-display":"","ast-hfb-below-header-display":"","ast-hfb-mobile-header-display":"","site-post-title":"","ast-breadcrumbs-content":"","ast-featured-img":"","footer-sml-layout":"","ast-disable-related-posts":"","theme-transparent-header-meta":"default","adv-header-id-meta":"","stick-header-meta":"","header-above-stick-meta":"","header-main-stick-meta":"","header-below-stick-meta":"","astra-migrate-meta-layouts":"set","ast-page-background-enabled":"default","ast-page-background-meta":{"desktop":{"background-color":"","background-image":"","background-repeat":"repeat","background-position":"center center","background-size":"auto","background-attachment":"scroll","background-type":"","background-media":"","overlay-type":"","overlay-color":"","overlay-opacity":"","overlay-gradient":""},"tablet":{"background-color":"","background-image":"","background-repeat":"repeat","background-position":"center center","background-size":"auto","background-attachment":"scroll","background-type":"","background-media":"","overlay-type":"","overlay-color":"","overlay-opacity":"","overlay-gradient":""},"mobile":{"background-color":"","background-image":"","background-repeat":"repeat","background-position":"center center","background-size":"auto","background-attachment":"scroll","background-type":"","background-media":"","overlay-type":"","overlay-color":"","overlay-opacity":"","overlay-gradient":""}},"ast-content-background-meta":{"desktop":{"background-color":"var(--ast-global-color-5)","background-image":"","background-repeat":"repeat","background-position":"center center","background-size":"auto","background-attachment":"scroll","background-type":"","background-media":"","overlay-type":"","overlay-color":"","overlay-opacity":"","overlay-gradient":""},"tablet":{"background-color":"var(--ast-global-color-5)","background-image":"","background-repeat":"repeat","background-position":"center center","background-size":"auto","background-attachment":"scroll","background-type":"","background-media":"","overlay-type":"","overlay-color":"","overlay-opacity":"","overlay-gradient":""},"mobile":{"background-color":"var(--ast-global-color-5)","background-image":"","background-repeat":"repeat","background-position":"center center","background-size":"auto","background-attachment":"scroll","background-type":"","background-media":"","overlay-type":"","overlay-color":"","overlay-opacity":"","overlay-gradient":""}},"footnotes":""},"categories":[21,1],"tags":[],"class_list":["post-9362","post","type-post","status-publish","format-standard","has-post-thumbnail","hentry","category-destaques","category-noticias"],"_links":{"self":[{"href":"https:\/\/crb1.org.br\/site\/wp-json\/wp\/v2\/posts\/9362","targetHints":{"allow":["GET"]}}],"collection":[{"href":"https:\/\/crb1.org.br\/site\/wp-json\/wp\/v2\/posts"}],"about":[{"href":"https:\/\/crb1.org.br\/site\/wp-json\/wp\/v2\/types\/post"}],"author":[{"embeddable":true,"href":"https:\/\/crb1.org.br\/site\/wp-json\/wp\/v2\/users\/2"}],"replies":[{"embeddable":true,"href":"https:\/\/crb1.org.br\/site\/wp-json\/wp\/v2\/comments?post=9362"}],"version-history":[{"count":0,"href":"https:\/\/crb1.org.br\/site\/wp-json\/wp\/v2\/posts\/9362\/revisions"}],"wp:featuredmedia":[{"embeddable":true,"href":"https:\/\/crb1.org.br\/site\/wp-json\/wp\/v2\/media\/9363"}],"wp:attachment":[{"href":"https:\/\/crb1.org.br\/site\/wp-json\/wp\/v2\/media?parent=9362"}],"wp:term":[{"taxonomy":"category","embeddable":true,"href":"https:\/\/crb1.org.br\/site\/wp-json\/wp\/v2\/categories?post=9362"},{"taxonomy":"post_tag","embeddable":true,"href":"https:\/\/crb1.org.br\/site\/wp-json\/wp\/v2\/tags?post=9362"}],"curies":[{"name":"wp","href":"https:\/\/api.w.org\/{rel}","templated":true}]}}