{"id":9368,"date":"2024-09-04T08:10:15","date_gmt":"2024-09-04T11:10:15","guid":{"rendered":"https:\/\/crb1.org.br\/site\/?p=9368"},"modified":"2024-09-04T08:13:47","modified_gmt":"2024-09-04T11:13:47","slug":"crb-1-convida-participe-da-feira-literaria-de-goias","status":"publish","type":"post","link":"https:\/\/crb1.org.br\/site\/2024\/09\/crb-1-convida-participe-da-feira-literaria-de-goias\/","title":{"rendered":"CRB-1 CONVIDA \u2013 PARTICIPE DA FEIRA LITER\u00c1RIA DE GOI\u00c1S \u200c"},"content":{"rendered":"<p dir=\"auto\"><em><strong>Prezadas Bibliotec\u00e1rias e Prezados Bibliotec\u00e1rios,<\/strong><\/em><\/p>\n<p dir=\"auto\">Temos o prazer de convid\u00e1-los para participar da\u00a0<em><strong>I Feira Liter\u00e1ria de Goi\u00e1s (Flig)<\/strong><\/em>, que ser\u00e1 realizada de 1 a 3 de outubro de 2024, no Centro Cultural Martim Cerer\u00ea, localizado na Tv. Bezerra de Menezes &#8211; St. Sul, em Goi\u00e2nia &#8211; GO, 74080-300. Este evento, intitulado\u00a0<em>&#8220;<strong>Entre cacos, doces e palavras: universo liter\u00e1rio goiano<\/strong>&#8220;<\/em>, homenagear\u00e1 a renomada poetisa goiana Cora Coralina. Este ano, o Instituto Federal Goiano (IF Goiano) est\u00e1 na presid\u00eancia dessa celebra\u00e7\u00e3o liter\u00e1ria e cultural, que conta com o apoio de diversas institui\u00e7\u00f5es p\u00fablicas e privadas do estado de Goi\u00e1s, al\u00e9m da Secretaria de Educa\u00e7\u00e3o Profissional e Tecnol\u00f3gica do Minist\u00e9rio da Educa\u00e7\u00e3o (Setec\/MEC).<\/p>\n<p dir=\"auto\">A Flig tem como objetivo valorizar, fomentar e difundir a Literatura em Goi\u00e1s. Estudantes, professores, profissionais do livro e a comunidade em geral s\u00e3o convidados a participar destes tr\u00eas dias de imers\u00e3o liter\u00e1ria. O evento contar\u00e1 com uma programa\u00e7\u00e3o diversificada, incluindo palestras, oficinas criativas, mesas-redondas, lan\u00e7amentos de livros, estandes de editoras e muito mais, tudo voltado para as artes, literatura e cultura.<\/p>\n<p dir=\"auto\">O Conselho Regional de Biblioteconomia da 1\u00aa Regi\u00e3o (CRB-1) \u00e9 parceiro do evento e estar\u00e1 promovendo v\u00e1rias atividades, incluindo palestras e o lan\u00e7amento da Campanha em prol das Bibliotecas Escolares.<\/p>\n<p dir=\"auto\">Como parte da programa\u00e7\u00e3o, destacamos a mesa &#8220;<em><strong>Pol\u00edticas de Acesso aos Livros, Leitura, Literatura e Bibliotecas<\/strong><\/em>&#8220;, que ocorrer\u00e1 no dia 2 de outubro de 2024, a partir das 15h30, no Teatro Ygu\u00e1, no Centro Cultural Martim Cerer\u00ea. Na ocasi\u00e3o,\u00a0<strong>lan\u00e7aremos a Campanha #SouBibliotecaEscolar<\/strong>, em defesa da Lei n\u00ba 12.244\/2010 no Estado de Goi\u00e1s, que marcar\u00e1 o in\u00edcio de diversas a\u00e7\u00f5es destinadas a sensibilizar gestores, governantes e a sociedade civil em defesa da Lei n\u00ba 12.244\/2010.\u00a0<strong>As atividades se estender\u00e3o das 15h30 \u00e0s 17h50.<\/strong><\/p>\n<p dir=\"auto\">Gostar\u00edamos de solicitar, por gentileza, que este convite seja compartilhado com seus familiares, amigos e colegas de trabalho.<\/p>\n<p dir=\"auto\">\u200c<\/p>\n<ul>\n<li><em><strong>Como fazer a inscri\u00e7\u00e3o na Flig?<\/strong><\/em><\/li>\n<\/ul>\n<p dir=\"auto\">As inscri\u00e7\u00f5es para o evento podem ser feitas no site\u00a0<a href=\"https:\/\/eventos.ifgoiano.edu.br\/flig\/\" target=\"_blank\" rel=\"nofollow noopener noreferrer ugc\">https:\/\/eventos.ifgoiano.edu.br\/flig\/<\/a>\u00a0. A entrada na Flig \u00e9 gratuita, mas as inscri\u00e7\u00f5es garantem a emiss\u00e3o do certificado de participa\u00e7\u00e3o. Ao se inscrever no Sistema de Eventos do IF Goiano, selecione &#8220;Reitoria&#8221; na op\u00e7\u00e3o &#8220;campus&#8221;. Ap\u00f3s a inscri\u00e7\u00e3o, marque a op\u00e7\u00e3o &#8220;usu\u00e1rio externo&#8221; para ser identificado no certificado de participa\u00e7\u00e3o.<\/p>\n<p dir=\"auto\">Contamos com sua presen\u00e7a!<\/p>\n<p dir=\"auto\"><em><strong>Conselho Regional de Biblioteconomia da 1\u00aa Regi\u00e3o<\/strong><\/em><\/p>\n","protected":false},"excerpt":{"rendered":"<p>Prezadas Bibliotec\u00e1rias e Prezados Bibliotec\u00e1rios, Temos o prazer de convid\u00e1-los para participar da\u00a0I Feira Liter\u00e1ria de Goi\u00e1s (Flig), que ser\u00e1 realizada de 1 a 3 de outubro de 2024, no Centro Cultural Martim Cerer\u00ea, localizado na Tv. Bezerra de Menezes &#8211; St. Sul, em Goi\u00e2nia &#8211; GO, 74080-300. Este evento, intitulado\u00a0&#8220;Entre cacos, doces e palavras: [&hellip;]<\/p>\n","protected":false},"author":2,"featured_media":9369,"comment_status":"closed","ping_status":"closed","sticky":false,"template":"","format":"standard","meta":{"site-sidebar-layout":"default","site-content-layout":"","ast-site-content-layout":"default","site-content-style":"default","site-sidebar-style":"default","ast-global-header-display":"","ast-banner-title-visibility":"","ast-main-header-display":"","ast-hfb-above-header-display":"","ast-hfb-below-header-display":"","ast-hfb-mobile-header-display":"","site-post-title":"","ast-breadcrumbs-content":"","ast-featured-img":"","footer-sml-layout":"","ast-disable-related-posts":"","theme-transparent-header-meta":"default","adv-header-id-meta":"","stick-header-meta":"","header-above-stick-meta":"","header-main-stick-meta":"","header-below-stick-meta":"","astra-migrate-meta-layouts":"set","ast-page-background-enabled":"default","ast-page-background-meta":{"desktop":{"background-color":"","background-image":"","background-repeat":"repeat","background-position":"center center","background-size":"auto","background-attachment":"scroll","background-type":"","background-media":"","overlay-type":"","overlay-color":"","overlay-opacity":"","overlay-gradient":""},"tablet":{"background-color":"","background-image":"","background-repeat":"repeat","background-position":"center center","background-size":"auto","background-attachment":"scroll","background-type":"","background-media":"","overlay-type":"","overlay-color":"","overlay-opacity":"","overlay-gradient":""},"mobile":{"background-color":"","background-image":"","background-repeat":"repeat","background-position":"center center","background-size":"auto","background-attachment":"scroll","background-type":"","background-media":"","overlay-type":"","overlay-color":"","overlay-opacity":"","overlay-gradient":""}},"ast-content-background-meta":{"desktop":{"background-color":"var(--ast-global-color-5)","background-image":"","background-repeat":"repeat","background-position":"center center","background-size":"auto","background-attachment":"scroll","background-type":"","background-media":"","overlay-type":"","overlay-color":"","overlay-opacity":"","overlay-gradient":""},"tablet":{"background-color":"var(--ast-global-color-5)","background-image":"","background-repeat":"repeat","background-position":"center center","background-size":"auto","background-attachment":"scroll","background-type":"","background-media":"","overlay-type":"","overlay-color":"","overlay-opacity":"","overlay-gradient":""},"mobile":{"background-color":"var(--ast-global-color-5)","background-image":"","background-repeat":"repeat","background-position":"center center","background-size":"auto","background-attachment":"scroll","background-type":"","background-media":"","overlay-type":"","overlay-color":"","overlay-opacity":"","overlay-gradient":""}},"footnotes":""},"categories":[21,1],"tags":[],"class_list":["post-9368","post","type-post","status-publish","format-standard","has-post-thumbnail","hentry","category-destaques","category-noticias"],"_links":{"self":[{"href":"https:\/\/crb1.org.br\/site\/wp-json\/wp\/v2\/posts\/9368","targetHints":{"allow":["GET"]}}],"collection":[{"href":"https:\/\/crb1.org.br\/site\/wp-json\/wp\/v2\/posts"}],"about":[{"href":"https:\/\/crb1.org.br\/site\/wp-json\/wp\/v2\/types\/post"}],"author":[{"embeddable":true,"href":"https:\/\/crb1.org.br\/site\/wp-json\/wp\/v2\/users\/2"}],"replies":[{"embeddable":true,"href":"https:\/\/crb1.org.br\/site\/wp-json\/wp\/v2\/comments?post=9368"}],"version-history":[{"count":0,"href":"https:\/\/crb1.org.br\/site\/wp-json\/wp\/v2\/posts\/9368\/revisions"}],"wp:featuredmedia":[{"embeddable":true,"href":"https:\/\/crb1.org.br\/site\/wp-json\/wp\/v2\/media\/9369"}],"wp:attachment":[{"href":"https:\/\/crb1.org.br\/site\/wp-json\/wp\/v2\/media?parent=9368"}],"wp:term":[{"taxonomy":"category","embeddable":true,"href":"https:\/\/crb1.org.br\/site\/wp-json\/wp\/v2\/categories?post=9368"},{"taxonomy":"post_tag","embeddable":true,"href":"https:\/\/crb1.org.br\/site\/wp-json\/wp\/v2\/tags?post=9368"}],"curies":[{"name":"wp","href":"https:\/\/api.w.org\/{rel}","templated":true}]}}