{"id":9373,"date":"2024-09-04T15:19:33","date_gmt":"2024-09-04T18:19:33","guid":{"rendered":"https:\/\/crb1.org.br\/site\/?p=9373"},"modified":"2024-09-04T15:19:33","modified_gmt":"2024-09-04T18:19:33","slug":"processo-seletivo-sad-semadesc-agraer","status":"publish","type":"post","link":"https:\/\/crb1.org.br\/site\/2024\/09\/processo-seletivo-sad-semadesc-agraer\/","title":{"rendered":"Processo Seletivo SAD\/SEMADESC\/AGRAER"},"content":{"rendered":"<p dir=\"auto\">1 vaga para o cargo de Gestor S\u00f3cio Organizacional Rural.<br \/>\n<em>\u00c1rea de forma\u00e7\u00e3o: Biblioteconomia<\/em><\/p>\n<p dir=\"auto\"><em>\u00c9 obrigat\u00f3rio o registro no CRB-1.<\/em><\/p>\n<p dir=\"auto\">Renumera\u00e7\u00e3o: R$ 7.248,47 (40h)<\/p>\n<p dir=\"auto\">Prazo para realizar a inscri\u00e7\u00e3o: 04 a 23 de setembro de 2024.<\/p>\n<p dir=\"auto\"><strong>Para mais informa\u00e7\u00f5es, acesse<\/strong> \u00a0 <span class=\"loader-wrapper\"><span aria-expanded=\"false\" aria-haspopup=\"true\" data-testid=\"hover-card-trigger-wrapper\"> <a href=\"https:\/\/www.concursos.ms.gov.br\/\"><img decoding=\"async\" class=\"smart-link-icon css-ijlt3r alignnone\" src=\"https:\/\/www.concursos.ms.gov.br\/wp-content\/themes\/fokma-3\/favicon.png\" alt=\"\" width=\"33\" height=\"33\" data-testid=\"inline-card-icon-and-title-image\" \/><\/a><\/span><\/span><span class=\"loader-wrapper\"><span aria-expanded=\"false\" aria-haspopup=\"true\" data-testid=\"hover-card-trigger-wrapper\"><a class=\"css-118vsk3\" tabindex=\"0\" role=\"button\" href=\"https:\/\/www.concursos.ms.gov.br\/\" data-testid=\"inline-card-resolved-view\"><span class=\"css-1cwva94\" data-testid=\"inline-card-icon-and-title\"><span class=\"smart-link-title-wrapper css-0\"> In\u00edcio<\/span><\/span><\/a><\/span><\/span><\/p>\n","protected":false},"excerpt":{"rendered":"<p>1 vaga para o cargo de Gestor S\u00f3cio Organizacional Rural. \u00c1rea de forma\u00e7\u00e3o: Biblioteconomia \u00c9 obrigat\u00f3rio o registro no CRB-1. Renumera\u00e7\u00e3o: R$ 7.248,47 (40h) Prazo para realizar a inscri\u00e7\u00e3o: 04 a 23 de setembro de 2024. Para mais informa\u00e7\u00f5es, acesse \u00a0 In\u00edcio<\/p>\n","protected":false},"author":2,"featured_media":9374,"comment_status":"closed","ping_status":"closed","sticky":false,"template":"","format":"standard","meta":{"site-sidebar-layout":"default","site-content-layout":"","ast-site-content-layout":"default","site-content-style":"default","site-sidebar-style":"default","ast-global-header-display":"","ast-banner-title-visibility":"","ast-main-header-display":"","ast-hfb-above-header-display":"","ast-hfb-below-header-display":"","ast-hfb-mobile-header-display":"","site-post-title":"","ast-breadcrumbs-content":"","ast-featured-img":"","footer-sml-layout":"","ast-disable-related-posts":"","theme-transparent-header-meta":"default","adv-header-id-meta":"","stick-header-meta":"","header-above-stick-meta":"","header-main-stick-meta":"","header-below-stick-meta":"","astra-migrate-meta-layouts":"set","ast-page-background-enabled":"default","ast-page-background-meta":{"desktop":{"background-color":"","background-image":"","background-repeat":"repeat","background-position":"center center","background-size":"auto","background-attachment":"scroll","background-type":"","background-media":"","overlay-type":"","overlay-color":"","overlay-opacity":"","overlay-gradient":""},"tablet":{"background-color":"","background-image":"","background-repeat":"repeat","background-position":"center center","background-size":"auto","background-attachment":"scroll","background-type":"","background-media":"","overlay-type":"","overlay-color":"","overlay-opacity":"","overlay-gradient":""},"mobile":{"background-color":"","background-image":"","background-repeat":"repeat","background-position":"center center","background-size":"auto","background-attachment":"scroll","background-type":"","background-media":"","overlay-type":"","overlay-color":"","overlay-opacity":"","overlay-gradient":""}},"ast-content-background-meta":{"desktop":{"background-color":"var(--ast-global-color-5)","background-image":"","background-repeat":"repeat","background-position":"center center","background-size":"auto","background-attachment":"scroll","background-type":"","background-media":"","overlay-type":"","overlay-color":"","overlay-opacity":"","overlay-gradient":""},"tablet":{"background-color":"var(--ast-global-color-5)","background-image":"","background-repeat":"repeat","background-position":"center center","background-size":"auto","background-attachment":"scroll","background-type":"","background-media":"","overlay-type":"","overlay-color":"","overlay-opacity":"","overlay-gradient":""},"mobile":{"background-color":"var(--ast-global-color-5)","background-image":"","background-repeat":"repeat","background-position":"center center","background-size":"auto","background-attachment":"scroll","background-type":"","background-media":"","overlay-type":"","overlay-color":"","overlay-opacity":"","overlay-gradient":""}},"footnotes":""},"categories":[22],"tags":[],"class_list":["post-9373","post","type-post","status-publish","format-standard","has-post-thumbnail","hentry","category-oportunidades"],"_links":{"self":[{"href":"https:\/\/crb1.org.br\/site\/wp-json\/wp\/v2\/posts\/9373","targetHints":{"allow":["GET"]}}],"collection":[{"href":"https:\/\/crb1.org.br\/site\/wp-json\/wp\/v2\/posts"}],"about":[{"href":"https:\/\/crb1.org.br\/site\/wp-json\/wp\/v2\/types\/post"}],"author":[{"embeddable":true,"href":"https:\/\/crb1.org.br\/site\/wp-json\/wp\/v2\/users\/2"}],"replies":[{"embeddable":true,"href":"https:\/\/crb1.org.br\/site\/wp-json\/wp\/v2\/comments?post=9373"}],"version-history":[{"count":0,"href":"https:\/\/crb1.org.br\/site\/wp-json\/wp\/v2\/posts\/9373\/revisions"}],"wp:featuredmedia":[{"embeddable":true,"href":"https:\/\/crb1.org.br\/site\/wp-json\/wp\/v2\/media\/9374"}],"wp:attachment":[{"href":"https:\/\/crb1.org.br\/site\/wp-json\/wp\/v2\/media?parent=9373"}],"wp:term":[{"taxonomy":"category","embeddable":true,"href":"https:\/\/crb1.org.br\/site\/wp-json\/wp\/v2\/categories?post=9373"},{"taxonomy":"post_tag","embeddable":true,"href":"https:\/\/crb1.org.br\/site\/wp-json\/wp\/v2\/tags?post=9373"}],"curies":[{"name":"wp","href":"https:\/\/api.w.org\/{rel}","templated":true}]}}