{"id":9376,"date":"2024-09-13T11:48:34","date_gmt":"2024-09-13T14:48:34","guid":{"rendered":"https:\/\/crb1.org.br\/site\/?p=9376"},"modified":"2024-09-13T11:58:29","modified_gmt":"2024-09-13T14:58:29","slug":"crb-1-participa-de-encontro-com-estudantes-da-universidade-federal-de-rondonopolis-em-visita-a-brasilia","status":"publish","type":"post","link":"https:\/\/crb1.org.br\/site\/2024\/09\/crb-1-participa-de-encontro-com-estudantes-da-universidade-federal-de-rondonopolis-em-visita-a-brasilia\/","title":{"rendered":"CRB-1 Participa de Encontro com Estudantes da Universidade Federal de Rondon\u00f3polis em Visita a Bras\u00edlia"},"content":{"rendered":"<p dir=\"auto\"><strong><em>Encontro ocorreu na Biblioteca Central da Universidade de Bras\u00edlia<\/em><\/strong><\/p>\n<p dir=\"auto\">Na segunda semana de setembro, um grupo de estudantes de Biblioteconomia da Universidade Federal de Rondon\u00f3polis (UFR), liderados pelas professoras Helo\u00e1 Oliveira e Monica Silva, esteve em excurs\u00e3o por Bras\u00edlia em visita a diversas institui\u00e7\u00f5es da capital federal. Por ocasi\u00e3o da visita \u00e0 Biblioteca Central da Universidade de Bras\u00edlia, o diretor-t\u00e9cnico do CRB-1, Raphael Cavalcante, teve a oportunidade de dialogar com os estudantes e apresentar as a\u00e7\u00f5es do Conselho.<\/p>\n<p dir=\"auto\">De acordo com Cavalcante, o encontro foi uma excelente oportunidade para dialogar com o alunado de Mato Grosso e tamb\u00e9m de estreitar la\u00e7os com as docentes da gradua\u00e7\u00e3o da UFR, profissionais de suma import\u00e2ncia para a forma\u00e7\u00e3o das pr\u00f3ximas gera\u00e7\u00f5es de bibliotec\u00e1rias e bibliotec\u00e1rios. Por sua vez, a professora Helo\u00e1 tamb\u00e9m elogiou a iniciativa do CRB-1 em manter a aproxima\u00e7\u00e3o com a escola de Rondon\u00f3polis. No \u00faltimo m\u00eas de junho, o pr\u00f3prio presidente do CRB-1, Johnathan Diniz, esteve em palestra na institui\u00e7\u00e3o em conjunto com Val Cardoso, vice-presidente do Conselho e tamb\u00e9m docente da UFR.<\/p>\n<p dir=\"auto\">Faz-se necess\u00e1rio registrar os agradecimentos do CRB-1 \u00e0 equipe de profissionais da Biblioteca Central da Universidade de Bras\u00edlia, que puderam encaixar a participa\u00e7\u00e3o do Conselho na visita t\u00e9cnica dos estudantes \u00e0 institui\u00e7\u00e3o.<\/p>\n<div id='gallery-1' class='gallery galleryid-9376 gallery-columns-3 gallery-size-thumbnail'><figure class='gallery-item'>\n\t\t\t<div class='gallery-icon landscape'>\n\t\t\t\t<a href='https:\/\/crb1.org.br\/site\/wp-content\/uploads\/2024\/09\/imagem-3resultado.webp'><img decoding=\"async\" width=\"150\" height=\"150\" src=\"https:\/\/crb1.org.br\/site\/wp-content\/uploads\/2024\/09\/imagem-3resultado-150x150.webp\" class=\"attachment-thumbnail size-thumbnail\" alt=\"\" \/><\/a>\n\t\t\t<\/div><\/figure><figure class='gallery-item'>\n\t\t\t<div class='gallery-icon landscape'>\n\t\t\t\t<a href='https:\/\/crb1.org.br\/site\/wp-content\/uploads\/2024\/09\/imagem-2resultado.webp'><img decoding=\"async\" width=\"150\" height=\"150\" src=\"https:\/\/crb1.org.br\/site\/wp-content\/uploads\/2024\/09\/imagem-2resultado-150x150.webp\" class=\"attachment-thumbnail size-thumbnail\" alt=\"\" \/><\/a>\n\t\t\t<\/div><\/figure><figure class='gallery-item'>\n\t\t\t<div class='gallery-icon portrait'>\n\t\t\t\t<a href='https:\/\/crb1.org.br\/site\/wp-content\/uploads\/2024\/09\/imagem-1resultado.webp'><img decoding=\"async\" width=\"150\" height=\"150\" src=\"https:\/\/crb1.org.br\/site\/wp-content\/uploads\/2024\/09\/imagem-1resultado-150x150.webp\" class=\"attachment-thumbnail size-thumbnail\" alt=\"\" \/><\/a>\n\t\t\t<\/div><\/figure>\n\t\t<\/div>\n\n","protected":false},"excerpt":{"rendered":"<p>Encontro ocorreu na Biblioteca Central da Universidade de Bras\u00edlia Na segunda semana de setembro, um grupo de estudantes de Biblioteconomia da Universidade Federal de Rondon\u00f3polis (UFR), liderados pelas professoras Helo\u00e1 Oliveira e Monica Silva, esteve em excurs\u00e3o por Bras\u00edlia em visita a diversas institui\u00e7\u00f5es da capital federal. Por ocasi\u00e3o da visita \u00e0 Biblioteca Central da [&hellip;]<\/p>\n","protected":false},"author":2,"featured_media":9380,"comment_status":"closed","ping_status":"closed","sticky":false,"template":"","format":"standard","meta":{"site-sidebar-layout":"default","site-content-layout":"","ast-site-content-layout":"default","site-content-style":"default","site-sidebar-style":"default","ast-global-header-display":"","ast-banner-title-visibility":"","ast-main-header-display":"","ast-hfb-above-header-display":"","ast-hfb-below-header-display":"","ast-hfb-mobile-header-display":"","site-post-title":"","ast-breadcrumbs-content":"","ast-featured-img":"","footer-sml-layout":"","ast-disable-related-posts":"","theme-transparent-header-meta":"default","adv-header-id-meta":"","stick-header-meta":"","header-above-stick-meta":"","header-main-stick-meta":"","header-below-stick-meta":"","astra-migrate-meta-layouts":"set","ast-page-background-enabled":"default","ast-page-background-meta":{"desktop":{"background-color":"","background-image":"","background-repeat":"repeat","background-position":"center center","background-size":"auto","background-attachment":"scroll","background-type":"","background-media":"","overlay-type":"","overlay-color":"","overlay-opacity":"","overlay-gradient":""},"tablet":{"background-color":"","background-image":"","background-repeat":"repeat","background-position":"center center","background-size":"auto","background-attachment":"scroll","background-type":"","background-media":"","overlay-type":"","overlay-color":"","overlay-opacity":"","overlay-gradient":""},"mobile":{"background-color":"","background-image":"","background-repeat":"repeat","background-position":"center center","background-size":"auto","background-attachment":"scroll","background-type":"","background-media":"","overlay-type":"","overlay-color":"","overlay-opacity":"","overlay-gradient":""}},"ast-content-background-meta":{"desktop":{"background-color":"var(--ast-global-color-5)","background-image":"","background-repeat":"repeat","background-position":"center center","background-size":"auto","background-attachment":"scroll","background-type":"","background-media":"","overlay-type":"","overlay-color":"","overlay-opacity":"","overlay-gradient":""},"tablet":{"background-color":"var(--ast-global-color-5)","background-image":"","background-repeat":"repeat","background-position":"center center","background-size":"auto","background-attachment":"scroll","background-type":"","background-media":"","overlay-type":"","overlay-color":"","overlay-opacity":"","overlay-gradient":""},"mobile":{"background-color":"var(--ast-global-color-5)","background-image":"","background-repeat":"repeat","background-position":"center center","background-size":"auto","background-attachment":"scroll","background-type":"","background-media":"","overlay-type":"","overlay-color":"","overlay-opacity":"","overlay-gradient":""}},"footnotes":""},"categories":[21,1],"tags":[],"class_list":["post-9376","post","type-post","status-publish","format-standard","has-post-thumbnail","hentry","category-destaques","category-noticias"],"_links":{"self":[{"href":"https:\/\/crb1.org.br\/site\/wp-json\/wp\/v2\/posts\/9376","targetHints":{"allow":["GET"]}}],"collection":[{"href":"https:\/\/crb1.org.br\/site\/wp-json\/wp\/v2\/posts"}],"about":[{"href":"https:\/\/crb1.org.br\/site\/wp-json\/wp\/v2\/types\/post"}],"author":[{"embeddable":true,"href":"https:\/\/crb1.org.br\/site\/wp-json\/wp\/v2\/users\/2"}],"replies":[{"embeddable":true,"href":"https:\/\/crb1.org.br\/site\/wp-json\/wp\/v2\/comments?post=9376"}],"version-history":[{"count":0,"href":"https:\/\/crb1.org.br\/site\/wp-json\/wp\/v2\/posts\/9376\/revisions"}],"wp:featuredmedia":[{"embeddable":true,"href":"https:\/\/crb1.org.br\/site\/wp-json\/wp\/v2\/media\/9380"}],"wp:attachment":[{"href":"https:\/\/crb1.org.br\/site\/wp-json\/wp\/v2\/media?parent=9376"}],"wp:term":[{"taxonomy":"category","embeddable":true,"href":"https:\/\/crb1.org.br\/site\/wp-json\/wp\/v2\/categories?post=9376"},{"taxonomy":"post_tag","embeddable":true,"href":"https:\/\/crb1.org.br\/site\/wp-json\/wp\/v2\/tags?post=9376"}],"curies":[{"name":"wp","href":"https:\/\/api.w.org\/{rel}","templated":true}]}}