{"id":9390,"date":"2024-09-23T08:21:40","date_gmt":"2024-09-23T11:21:40","guid":{"rendered":"https:\/\/crb1.org.br\/site\/?p=9390"},"modified":"2024-09-23T08:21:40","modified_gmt":"2024-09-23T11:21:40","slug":"crb-1-convida-participe-da-feira-literaria-de-goias-2","status":"publish","type":"post","link":"https:\/\/crb1.org.br\/site\/2024\/09\/crb-1-convida-participe-da-feira-literaria-de-goias-2\/","title":{"rendered":"CRB-1 Convida &#8211; Participe da Feira Liter\u00e1ria de Goi\u00e1s"},"content":{"rendered":"<p dir=\"auto\"><em><strong>Prezadas Bibliotec\u00e1rias e Prezados Bibliotec\u00e1rios,<\/strong><\/em><\/p>\n<p dir=\"auto\">Temos o prazer de convid\u00e1-los para participar da\u00a0<em><strong>I Feira Liter\u00e1ria de Goi\u00e1s (Flig)<\/strong><\/em>, que acontecer\u00e1 de 1 a 3 de outubro de 2024, no Centro Cultural Martim Cerer\u00ea, localizado na Tv. Bezerra de Menezes &#8211; St. Sul, em Goi\u00e2nia &#8211; GO, 74080-300.<\/p>\n<p dir=\"auto\">A Flig, homenagear\u00e1 a poetisa goiana Cora Coralina e tem como tema: &#8220;<em><strong>Entre cacos, doces e palavras: universo liter\u00e1rio goiano<\/strong><\/em>&#8220;. A Flig tem por objetivo valorizar, fomentar e difundir a Literatura em Goi\u00e1s. Estudantes, professores, profissionais do livro e a comunidade em geral ser\u00e3o convidados a participar desses tr\u00eas dias de imers\u00e3o liter\u00e1ria. A arquitetura organizacional do evento contar\u00e1 com palestras, oficinas criativas, mesas-redondas, lan\u00e7amento de livros, estandes com livros, etc. A organiza\u00e7\u00e3o do evento est\u00e1 elaborando uma programa\u00e7\u00e3o repleta de eventos focados nas artes, literatura e cultura.<\/p>\n<p dir=\"auto\">O CRB-1 promover\u00e1, no dia 02 de outubro de 2024, a partir das 15h30min, a mesa\u00a0<em><strong>&#8220;Pol\u00edticas de Acesso aos Livros, Leitura, Literatura e Bibliotecas&#8221;<\/strong><\/em>\u00a0no Teatro Ygu\u00e1 (dentro das depend\u00eancias do Centro Cultural Martim Cerer\u00ea). Logo ap\u00f3s a mesa, ser\u00e1 lan\u00e7ada a\u00a0<em><strong>Campanha Sou Biblioteca Escolar<\/strong><\/em>, que dar\u00e1 in\u00edcio a diversas outras a\u00e7\u00f5es, na tentativa de sensibilizar gestores, governantes e sociedade civil em prol da Lei n\u00ba 12.244\/2010. O hor\u00e1rio das atividades ser\u00e1 das 15h30 \u00e0s 17h50.<\/p>\n<p dir=\"auto\">Dentre os palestrantes est\u00e3o:<\/p>\n<ul>\n<li><strong>F\u00e1bio Lima Cordeiro (CFB)<\/strong><\/li>\n<li><strong>Keyla Rosa de Faria (FEBAB)<\/strong><\/li>\n<li><strong>Maria das Gra\u00e7as Monteiro Castro (UFG\/CBBE &#8211; FEBAB)<\/strong><\/li>\n<li><strong>Andr\u00e9a Pereira dos Santos (UFG)<\/strong><\/li>\n<li><strong>Keila Matida de Melo (UFG)<\/strong><\/li>\n<li><strong>Antonio Gon\u00e7alves Rocha Junior (SIMSED GYN)<\/strong><\/li>\n<\/ul>\n<p dir=\"auto\"><em><strong>Media\u00e7\u00e3o: Johnathan Diniz (CRB-1)<\/strong><\/em><\/p>\n<p dir=\"auto\">Ser\u00e3o distribu\u00eddas camisetas da Campanha (quantidade limitada) e haver\u00e1 sorteio de livros da Escritora Homenageada da Flig, Cora Coralina.<\/p>\n<p dir=\"auto\">\u200c<\/p>\n<ul>\n<li><em><strong>Como fazer a inscri\u00e7\u00e3o na Flig?<\/strong><\/em><\/li>\n<\/ul>\n<p dir=\"auto\">As inscri\u00e7\u00f5es para o evento podem ser feitas no site\u00a0<a href=\"https:\/\/eventos.ifgoiano.edu.br\/flig\/\" target=\"_blank\" rel=\"nofollow noopener noreferrer ugc\">https:\/\/eventos.ifgoiano.edu.br\/flig\/<\/a>\u00a0. A entrada na Flig \u00e9 gratuita, mas as inscri\u00e7\u00f5es garantem a emiss\u00e3o do certificado de participa\u00e7\u00e3o. Ao se inscrever no Sistema de Eventos do IF Goiano, na op\u00e7\u00e3o\u00a0<em>&#8220;campus&#8221;<\/em>, selecionar\u00a0<em>&#8220;Reitoria&#8221;<\/em>. Ap\u00f3s realizar a inscri\u00e7\u00e3o, pode ser marcado a op\u00e7\u00e3o\u00a0<em>&#8220;usu\u00e1rio externo&#8221;<\/em>, para ser identificado no certificado de participa\u00e7\u00e3o. O certificado de apresenta\u00e7\u00e3o ser\u00e1 confeccionado pela organiza\u00e7\u00e3o da Flig.<\/p>\n<p dir=\"auto\">Contamos com sua presen\u00e7a!<\/p>\n<p dir=\"auto\">Participe!<\/p>\n<p dir=\"auto\"><em><strong>Conselho Regional de Biblioteconomia da 1\u00aa Regi\u00e3o<\/strong><\/em><\/p>\n","protected":false},"excerpt":{"rendered":"<p>Prezadas Bibliotec\u00e1rias e Prezados Bibliotec\u00e1rios, Temos o prazer de convid\u00e1-los para participar da\u00a0I Feira Liter\u00e1ria de Goi\u00e1s (Flig), que acontecer\u00e1 de 1 a 3 de outubro de 2024, no Centro Cultural Martim Cerer\u00ea, localizado na Tv. Bezerra de Menezes &#8211; St. Sul, em Goi\u00e2nia &#8211; GO, 74080-300. A Flig, homenagear\u00e1 a poetisa goiana Cora Coralina [&hellip;]<\/p>\n","protected":false},"author":2,"featured_media":9391,"comment_status":"closed","ping_status":"closed","sticky":false,"template":"","format":"standard","meta":{"site-sidebar-layout":"default","site-content-layout":"","ast-site-content-layout":"default","site-content-style":"default","site-sidebar-style":"default","ast-global-header-display":"","ast-banner-title-visibility":"","ast-main-header-display":"","ast-hfb-above-header-display":"","ast-hfb-below-header-display":"","ast-hfb-mobile-header-display":"","site-post-title":"","ast-breadcrumbs-content":"","ast-featured-img":"","footer-sml-layout":"","ast-disable-related-posts":"","theme-transparent-header-meta":"default","adv-header-id-meta":"","stick-header-meta":"","header-above-stick-meta":"","header-main-stick-meta":"","header-below-stick-meta":"","astra-migrate-meta-layouts":"set","ast-page-background-enabled":"default","ast-page-background-meta":{"desktop":{"background-color":"","background-image":"","background-repeat":"repeat","background-position":"center center","background-size":"auto","background-attachment":"scroll","background-type":"","background-media":"","overlay-type":"","overlay-color":"","overlay-opacity":"","overlay-gradient":""},"tablet":{"background-color":"","background-image":"","background-repeat":"repeat","background-position":"center center","background-size":"auto","background-attachment":"scroll","background-type":"","background-media":"","overlay-type":"","overlay-color":"","overlay-opacity":"","overlay-gradient":""},"mobile":{"background-color":"","background-image":"","background-repeat":"repeat","background-position":"center center","background-size":"auto","background-attachment":"scroll","background-type":"","background-media":"","overlay-type":"","overlay-color":"","overlay-opacity":"","overlay-gradient":""}},"ast-content-background-meta":{"desktop":{"background-color":"var(--ast-global-color-5)","background-image":"","background-repeat":"repeat","background-position":"center center","background-size":"auto","background-attachment":"scroll","background-type":"","background-media":"","overlay-type":"","overlay-color":"","overlay-opacity":"","overlay-gradient":""},"tablet":{"background-color":"var(--ast-global-color-5)","background-image":"","background-repeat":"repeat","background-position":"center center","background-size":"auto","background-attachment":"scroll","background-type":"","background-media":"","overlay-type":"","overlay-color":"","overlay-opacity":"","overlay-gradient":""},"mobile":{"background-color":"var(--ast-global-color-5)","background-image":"","background-repeat":"repeat","background-position":"center center","background-size":"auto","background-attachment":"scroll","background-type":"","background-media":"","overlay-type":"","overlay-color":"","overlay-opacity":"","overlay-gradient":""}},"footnotes":""},"categories":[21,1],"tags":[],"class_list":["post-9390","post","type-post","status-publish","format-standard","has-post-thumbnail","hentry","category-destaques","category-noticias"],"_links":{"self":[{"href":"https:\/\/crb1.org.br\/site\/wp-json\/wp\/v2\/posts\/9390","targetHints":{"allow":["GET"]}}],"collection":[{"href":"https:\/\/crb1.org.br\/site\/wp-json\/wp\/v2\/posts"}],"about":[{"href":"https:\/\/crb1.org.br\/site\/wp-json\/wp\/v2\/types\/post"}],"author":[{"embeddable":true,"href":"https:\/\/crb1.org.br\/site\/wp-json\/wp\/v2\/users\/2"}],"replies":[{"embeddable":true,"href":"https:\/\/crb1.org.br\/site\/wp-json\/wp\/v2\/comments?post=9390"}],"version-history":[{"count":0,"href":"https:\/\/crb1.org.br\/site\/wp-json\/wp\/v2\/posts\/9390\/revisions"}],"wp:featuredmedia":[{"embeddable":true,"href":"https:\/\/crb1.org.br\/site\/wp-json\/wp\/v2\/media\/9391"}],"wp:attachment":[{"href":"https:\/\/crb1.org.br\/site\/wp-json\/wp\/v2\/media?parent=9390"}],"wp:term":[{"taxonomy":"category","embeddable":true,"href":"https:\/\/crb1.org.br\/site\/wp-json\/wp\/v2\/categories?post=9390"},{"taxonomy":"post_tag","embeddable":true,"href":"https:\/\/crb1.org.br\/site\/wp-json\/wp\/v2\/tags?post=9390"}],"curies":[{"name":"wp","href":"https:\/\/api.w.org\/{rel}","templated":true}]}}