{"id":9480,"date":"2024-10-23T14:49:30","date_gmt":"2024-10-23T17:49:30","guid":{"rendered":"https:\/\/crb1.org.br\/site\/?p=9480"},"modified":"2024-10-23T14:52:09","modified_gmt":"2024-10-23T17:52:09","slug":"conselho-federal-de-biblioteconomia-elege-conselheiros-para-a-20a-gestao","status":"publish","type":"post","link":"https:\/\/crb1.org.br\/site\/2024\/10\/conselho-federal-de-biblioteconomia-elege-conselheiros-para-a-20a-gestao\/","title":{"rendered":"Conselho Federal de Biblioteconomia elege Conselheiros para a 20\u00aa Gest\u00e3o"},"content":{"rendered":"\t\t<div data-elementor-type=\"wp-post\" data-elementor-id=\"9480\" class=\"elementor elementor-9480\" data-elementor-settings=\"{&quot;ha_cmc_init_switcher&quot;:&quot;no&quot;}\" data-elementor-post-type=\"post\">\n\t\t\t\t<div class=\"elementor-element elementor-element-4a3683c8 e-flex e-con-boxed e-con e-parent\" data-id=\"4a3683c8\" data-element_type=\"container\" data-e-type=\"container\" data-settings=\"{&quot;_ha_eqh_enable&quot;:false}\">\n\t\t\t\t\t<div class=\"e-con-inner\">\n\t\t\t\t<div class=\"elementor-element elementor-element-7f50a5d elementor-widget elementor-widget-text-editor\" data-id=\"7f50a5d\" data-element_type=\"widget\" data-e-type=\"widget\" data-widget_type=\"text-editor.default\">\n\t\t\t\t<div class=\"elementor-widget-container\">\n\t\t\t\t\t\t\t\t\t<h5><strong><em data-renderer-mark=\"true\">Delegados Eleitores dos Regionais se reuniram em Bras\u00edlia,DF no \u00faltimo dia 19 de outubro para elei\u00e7\u00e3o do pr\u00f3ximo plen\u00e1rio do CFB (tri\u00eanio 2025\/2027)<\/em><\/strong><\/h5><p data-renderer-start-pos=\"235\">\u00a0<\/p><p data-renderer-start-pos=\"235\">O Conselho Federal de Biblioteconomia (CFB) elegeu, no \u00faltimo s\u00e1bado, 19 de outubro de 2024, os novos conselheiros para a sua 20\u00aa gest\u00e3o, que abrange o tri\u00eanio 2025-2027. O processo contou com a participa\u00e7\u00e3o dos delegados eleitores dos Conselhos Regionais de Biblioteconomia (CRBs), que votaram para compor o novo plen\u00e1rio do CFB. A elei\u00e7\u00e3o seguiu crit\u00e9rios rigorosos, incluindo a escolha de oito conselheiros eleitos e sete docentes sorteados entre representantes dos cursos de biblioteconomia do pa\u00eds. A composi\u00e7\u00e3o do Plen\u00e1rio do CFB est\u00e1 prevista na Lei Federal n\u00ba 4.084\/1962, que regulamenta a profiss\u00e3o de bibliotec\u00e1rio no Brasil.<\/p><p data-renderer-start-pos=\"872\">Os crit\u00e9rios para a candidatura incluem, entre outros, no m\u00ednimo tr\u00eas anos de registro profissional definitivo e experi\u00eancia na \u00e1rea. A nova gest\u00e3o eleita dever\u00e1 tomar posse no in\u00edcio de 2025, com o compromisso de fortalecer a profiss\u00e3o e defender pol\u00edticas p\u00fablicas voltadas para bibliotecas e bibliotec\u00e1rios.<\/p><p data-renderer-start-pos=\"1184\">Esse processo \u00e9 fundamental para o futuro da biblioteconomia no Brasil, promovendo a representatividade da categoria nos pr\u00f3ximos anos.<\/p><p data-renderer-start-pos=\"1321\"><strong data-renderer-mark=\"true\">Conhe\u00e7a os eleitos (por ordem de CRB):<\/strong><\/p><p data-renderer-start-pos=\"1361\"><strong data-renderer-mark=\"true\">T\u00e9cnicos:<\/strong><\/p><ul class=\"ak-ul\" data-indent-level=\"1\"><li><p data-renderer-start-pos=\"1374\">F\u00e1bio Lima Cordeiro (CRB-1);<\/p><\/li><li><p data-renderer-start-pos=\"1406\">Rita de C\u00e1ssia Alencar (CRB-3);<\/p><\/li><li><p data-renderer-start-pos=\"1441\">Andrea Batista de Souza (CRB-4);<\/p><\/li><li><p data-renderer-start-pos=\"1477\">Lucimar Oliveira Carneiro da Silva (CRB-5);<\/p><\/li><li><p data-renderer-start-pos=\"1524\">Alessandra Atti (CRB-8);<\/p><\/li><li><p data-renderer-start-pos=\"1552\">Maria Marta Sienna (CRB-9);<\/p><\/li><li><p data-renderer-start-pos=\"1583\">Alexsander Borges Ribeiro (CRB-10);<\/p><\/li><li><p data-renderer-start-pos=\"1622\">Orestes Trevisol Neto (CRB-14).<\/p><\/li><\/ul><p data-renderer-start-pos=\"1657\"><strong data-renderer-mark=\"true\">Suplentes:<\/strong><\/p><ul class=\"ak-ul\" data-indent-level=\"1\"><li><p data-renderer-start-pos=\"1671\">Leonardo de Oliveira Cavalcante (CRB-15) \u2013 1\u00ba Suplente;<\/p><\/li><li><p data-renderer-start-pos=\"1730\">K\u00e1tia L\u00facia Pacheco (CRB-6) \u2013 2\u00aa Suplente;<\/p><\/li><li><p data-renderer-start-pos=\"1776\">Rita de C\u00e1ssia Viana de Almeida (CRB-2) \u2013 3\u00aa Suplente.<\/p><\/li><\/ul><p data-renderer-start-pos=\"1834\"><strong data-renderer-mark=\"true\">Conselheiros representantes dos cursos de Biblioteconomia (docentes de Institui\u00e7\u00f5es de Ensino Superior &#8211; IES):<\/strong><\/p><ul class=\"ak-ul\" data-indent-level=\"1\"><li><p data-renderer-start-pos=\"1948\">Hamilton Vieira de Oliveira \u2013 UFPA;<\/p><\/li><li><p data-renderer-start-pos=\"1987\">Val\u00e9ria Aparecida Bari \u2013 UFS;<\/p><\/li><li><p data-renderer-start-pos=\"2020\">Dalgiza Andrade Oliveira \u2013 UFMG;<\/p><\/li><li><p data-renderer-start-pos=\"2056\">Kelly Castelo Branco da Silva Melo \u2013 UNIRIO;<\/p><\/li><li><p data-renderer-start-pos=\"2104\">Aldinar Martins Bottentuit \u2013 UFMA;<\/p><\/li><li><p data-renderer-start-pos=\"2142\">Daniella C\u00e2mara Pizarro \u2013 UDESC;<\/p><\/li><li><p data-renderer-start-pos=\"2178\">Rosa Zuleide Lima de Brito \u2013 UFPB.<\/p><\/li><\/ul><p data-renderer-start-pos=\"2216\">Para mais informa\u00e7\u00f5es, consulte o Di\u00e1rio Oficial da Uni\u00e3o (DOU): <a class=\"css-1rn59kg\" title=\"https:\/\/in.gov.br\/web\/dou\/-\/aviso-de-homologacao-591802801.\" href=\"https:\/\/in.gov.br\/web\/dou\/-\/aviso-de-homologacao-591802801.\" data-testid=\"link-with-safety\" data-renderer-mark=\"true\">https:\/\/in.gov.br\/web\/dou\/-\/aviso-de-homologacao-591802801.<\/a><\/p><p data-renderer-start-pos=\"2342\">\u00a0<\/p><p data-renderer-start-pos=\"2342\"><em data-renderer-mark=\"true\"><strong data-renderer-mark=\"true\">Conselho Regional de Biblioteconomia da 1\u00aa Regi\u00e3o<\/strong><\/em><\/p>\t\t\t\t\t\t\t\t<\/div>\n\t\t\t\t<\/div>\n\t\t\t\t\t<\/div>\n\t\t\t\t<\/div>\n\t\t\t\t<\/div>\n\t\t","protected":false},"excerpt":{"rendered":"<p>Delegados Eleitores dos Regionais se reuniram em Bras\u00edlia,DF no \u00faltimo dia 19 de outubro para elei\u00e7\u00e3o do pr\u00f3ximo plen\u00e1rio do CFB (tri\u00eanio 2025\/2027) \u00a0 O Conselho Federal de Biblioteconomia (CFB) elegeu, no \u00faltimo s\u00e1bado, 19 de outubro de 2024, os novos conselheiros para a sua 20\u00aa gest\u00e3o, que abrange o tri\u00eanio 2025-2027. O processo contou [&hellip;]<\/p>\n","protected":false},"author":2,"featured_media":9481,"comment_status":"closed","ping_status":"closed","sticky":false,"template":"","format":"standard","meta":{"site-sidebar-layout":"default","site-content-layout":"","ast-site-content-layout":"default","site-content-style":"default","site-sidebar-style":"default","ast-global-header-display":"","ast-banner-title-visibility":"","ast-main-header-display":"","ast-hfb-above-header-display":"","ast-hfb-below-header-display":"","ast-hfb-mobile-header-display":"","site-post-title":"","ast-breadcrumbs-content":"","ast-featured-img":"","footer-sml-layout":"","ast-disable-related-posts":"","theme-transparent-header-meta":"default","adv-header-id-meta":"","stick-header-meta":"","header-above-stick-meta":"","header-main-stick-meta":"","header-below-stick-meta":"","astra-migrate-meta-layouts":"set","ast-page-background-enabled":"default","ast-page-background-meta":{"desktop":{"background-color":"","background-image":"","background-repeat":"repeat","background-position":"center center","background-size":"auto","background-attachment":"scroll","background-type":"","background-media":"","overlay-type":"","overlay-color":"","overlay-opacity":"","overlay-gradient":""},"tablet":{"background-color":"","background-image":"","background-repeat":"repeat","background-position":"center center","background-size":"auto","background-attachment":"scroll","background-type":"","background-media":"","overlay-type":"","overlay-color":"","overlay-opacity":"","overlay-gradient":""},"mobile":{"background-color":"","background-image":"","background-repeat":"repeat","background-position":"center center","background-size":"auto","background-attachment":"scroll","background-type":"","background-media":"","overlay-type":"","overlay-color":"","overlay-opacity":"","overlay-gradient":""}},"ast-content-background-meta":{"desktop":{"background-color":"var(--ast-global-color-5)","background-image":"","background-repeat":"repeat","background-position":"center center","background-size":"auto","background-attachment":"scroll","background-type":"","background-media":"","overlay-type":"","overlay-color":"","overlay-opacity":"","overlay-gradient":""},"tablet":{"background-color":"var(--ast-global-color-5)","background-image":"","background-repeat":"repeat","background-position":"center center","background-size":"auto","background-attachment":"scroll","background-type":"","background-media":"","overlay-type":"","overlay-color":"","overlay-opacity":"","overlay-gradient":""},"mobile":{"background-color":"var(--ast-global-color-5)","background-image":"","background-repeat":"repeat","background-position":"center center","background-size":"auto","background-attachment":"scroll","background-type":"","background-media":"","overlay-type":"","overlay-color":"","overlay-opacity":"","overlay-gradient":""}},"footnotes":""},"categories":[21,1],"tags":[],"class_list":["post-9480","post","type-post","status-publish","format-standard","has-post-thumbnail","hentry","category-destaques","category-noticias"],"_links":{"self":[{"href":"https:\/\/crb1.org.br\/site\/wp-json\/wp\/v2\/posts\/9480","targetHints":{"allow":["GET"]}}],"collection":[{"href":"https:\/\/crb1.org.br\/site\/wp-json\/wp\/v2\/posts"}],"about":[{"href":"https:\/\/crb1.org.br\/site\/wp-json\/wp\/v2\/types\/post"}],"author":[{"embeddable":true,"href":"https:\/\/crb1.org.br\/site\/wp-json\/wp\/v2\/users\/2"}],"replies":[{"embeddable":true,"href":"https:\/\/crb1.org.br\/site\/wp-json\/wp\/v2\/comments?post=9480"}],"version-history":[{"count":0,"href":"https:\/\/crb1.org.br\/site\/wp-json\/wp\/v2\/posts\/9480\/revisions"}],"wp:featuredmedia":[{"embeddable":true,"href":"https:\/\/crb1.org.br\/site\/wp-json\/wp\/v2\/media\/9481"}],"wp:attachment":[{"href":"https:\/\/crb1.org.br\/site\/wp-json\/wp\/v2\/media?parent=9480"}],"wp:term":[{"taxonomy":"category","embeddable":true,"href":"https:\/\/crb1.org.br\/site\/wp-json\/wp\/v2\/categories?post=9480"},{"taxonomy":"post_tag","embeddable":true,"href":"https:\/\/crb1.org.br\/site\/wp-json\/wp\/v2\/tags?post=9480"}],"curies":[{"name":"wp","href":"https:\/\/api.w.org\/{rel}","templated":true}]}}