{"id":9496,"date":"2024-10-28T18:00:19","date_gmt":"2024-10-28T21:00:19","guid":{"rendered":"https:\/\/crb1.org.br\/site\/?p=9496"},"modified":"2024-10-28T11:12:10","modified_gmt":"2024-10-28T14:12:10","slug":"o-cineasta-e-a-bibliotecaria-notas-de-amizade","status":"publish","type":"post","link":"https:\/\/crb1.org.br\/site\/2024\/10\/o-cineasta-e-a-bibliotecaria-notas-de-amizade\/","title":{"rendered":"O Cineasta e a Bibliotec\u00e1ria: Notas de Amizade"},"content":{"rendered":"\t\t<div data-elementor-type=\"wp-post\" data-elementor-id=\"9496\" class=\"elementor elementor-9496\" data-elementor-settings=\"{&quot;ha_cmc_init_switcher&quot;:&quot;no&quot;}\" data-elementor-post-type=\"post\">\n\t\t\t\t<div class=\"elementor-element elementor-element-6c406b29 e-flex e-con-boxed e-con e-parent\" data-id=\"6c406b29\" data-element_type=\"container\" data-e-type=\"container\" data-settings=\"{&quot;_ha_eqh_enable&quot;:false}\">\n\t\t\t\t\t<div class=\"e-con-inner\">\n\t\t\t\t<div class=\"elementor-element elementor-element-5cb55d42 elementor-widget elementor-widget-text-editor\" data-id=\"5cb55d42\" data-element_type=\"widget\" data-e-type=\"widget\" data-widget_type=\"text-editor.default\">\n\t\t\t\t<div class=\"elementor-widget-container\">\n\t\t\t\t\t\t\t\t\t<h5><strong><em data-renderer-mark=\"true\">Conhe\u00e7a a hist\u00f3ria da amizade entre Vladimir Carvalho e a Bibliotec\u00e1ria Hilda Braga<\/em><\/strong><\/h5><p data-renderer-start-pos=\"136\">\u00a0<\/p><p data-renderer-start-pos=\"136\">Esta semana Bras\u00edlia perdeu um dos nomes basilares de seu pante\u00e3o cultural. Aos 89 anos, faleceu o cineasta <strong data-renderer-mark=\"true\">Vladimir Carvalho<\/strong>, um dos documentaristas mais importantes do cinema brasileiro e um dos artistas mais queridos da capital federal. Ali\u00e1s, foi esta boa fama que o ligou \u00e0 bibliotec\u00e1ria <strong data-renderer-mark=\"true\">Hilda Braga<\/strong> (em posi\u00e7\u00e3o sentada na imagem).<\/p><p data-renderer-start-pos=\"474\">Quem nos conta a hist\u00f3ria \u00e9 K\u00e1tia Braga, filha de Hilda, tamb\u00e9m bibliotec\u00e1ria e admiradora da obra de Vladimir. Tudo come\u00e7a com a cria\u00e7\u00e3o da Funda\u00e7\u00e3o Cinemem\u00f3ria, em 1994, institui\u00e7\u00e3o criada por Vlad, sediada em uma casa na W3 Sul, para onde leva todo o seu acervo. Na ocasi\u00e3o, o cineasta, em entrevista ao <em data-renderer-mark=\"true\">Correio Braziliense<\/em>, comentou sobre a necessidade de organizar o acervo e de como isto levaria tempo. Hilda leu a mat\u00e9ria e guardou aquela informa\u00e7\u00e3o. Tempos depois, a bibliotec\u00e1ria aposentada, entusiasta da s\u00e9tima arte, encontrou Vladimir ocasionalmente no <em data-renderer-mark=\"true\">Cine Bras\u00edlia<\/em> e n\u00e3o titubeou em se apresentar e se colocar \u00e0 disposi\u00e7\u00e3o para ajud\u00e1-lo na empreitada. Estava selada a amizade.<\/p><p data-renderer-start-pos=\"1166\">A partir de ent\u00e3o, todos os anos Vladimir ligava para Hilda a fim de deix\u00e1-la a par dos acontecimentos e tentar marcar o in\u00edcio das atividades. O ensaio durou cerca de sete anos, at\u00e9 que Hilda decidiu dar in\u00edcio \u00e0 organiza\u00e7\u00e3o do acervo, materializando o projeto. O processamento t\u00e9cnico se dava da seguinte maneira: a bibliotec\u00e1ria ia at\u00e9 \u00e0 Funda\u00e7\u00e3o, fazia a cataloga\u00e7\u00e3o em fichas e transferia para uma base de dados no antigo Microisis. Detalhe: Vlad era avesso a computadores e Hilda alimentava a base de sua pr\u00f3pria resid\u00eancia.<\/p><p data-renderer-start-pos=\"1698\">V\u00e1rios meses se passaram at\u00e9 que Hilda finalizasse o trabalho. Finda a atividade, a bibliotec\u00e1ria seguiu \u00e0 disposi\u00e7\u00e3o para ajudar o cineasta com a manuten\u00e7\u00e3o do cat\u00e1logo e eventualmente auxili\u00e1-lo em pesquisas. Em vida, Vladimir doou o acervo da Funda\u00e7\u00e3o Cinemem\u00f3ria \u00e0 <em data-renderer-mark=\"true\">Universidade de Bras\u00edlia<\/em>, institui\u00e7\u00e3o da qual foi docente. Para Hilda ficaram as boas lembran\u00e7as e a satisfa\u00e7\u00e3o de ter contribu\u00eddo em um projeto t\u00e3o importante.<\/p><p data-renderer-start-pos=\"2129\"><em data-renderer-mark=\"true\"><strong data-renderer-mark=\"true\">Conselho Regional de Biblioteconomia da 1\u00aa Regi\u00e3o<\/strong><\/em><\/p>\t\t\t\t\t\t\t\t<\/div>\n\t\t\t\t<\/div>\n\t\t\t\t\t<\/div>\n\t\t\t\t<\/div>\n\t\t\t\t<\/div>\n\t\t","protected":false},"excerpt":{"rendered":"<p>Conhe\u00e7a a hist\u00f3ria da amizade entre Vladimir Carvalho e a Bibliotec\u00e1ria Hilda Braga \u00a0 Esta semana Bras\u00edlia perdeu um dos nomes basilares de seu pante\u00e3o cultural. Aos 89 anos, faleceu o cineasta Vladimir Carvalho, um dos documentaristas mais importantes do cinema brasileiro e um dos artistas mais queridos da capital federal. Ali\u00e1s, foi esta boa [&hellip;]<\/p>\n","protected":false},"author":2,"featured_media":9497,"comment_status":"closed","ping_status":"closed","sticky":false,"template":"","format":"standard","meta":{"site-sidebar-layout":"default","site-content-layout":"","ast-site-content-layout":"default","site-content-style":"default","site-sidebar-style":"default","ast-global-header-display":"","ast-banner-title-visibility":"","ast-main-header-display":"","ast-hfb-above-header-display":"","ast-hfb-below-header-display":"","ast-hfb-mobile-header-display":"","site-post-title":"","ast-breadcrumbs-content":"","ast-featured-img":"","footer-sml-layout":"","ast-disable-related-posts":"","theme-transparent-header-meta":"default","adv-header-id-meta":"","stick-header-meta":"","header-above-stick-meta":"","header-main-stick-meta":"","header-below-stick-meta":"","astra-migrate-meta-layouts":"set","ast-page-background-enabled":"default","ast-page-background-meta":{"desktop":{"background-color":"","background-image":"","background-repeat":"repeat","background-position":"center center","background-size":"auto","background-attachment":"scroll","background-type":"","background-media":"","overlay-type":"","overlay-color":"","overlay-opacity":"","overlay-gradient":""},"tablet":{"background-color":"","background-image":"","background-repeat":"repeat","background-position":"center center","background-size":"auto","background-attachment":"scroll","background-type":"","background-media":"","overlay-type":"","overlay-color":"","overlay-opacity":"","overlay-gradient":""},"mobile":{"background-color":"","background-image":"","background-repeat":"repeat","background-position":"center center","background-size":"auto","background-attachment":"scroll","background-type":"","background-media":"","overlay-type":"","overlay-color":"","overlay-opacity":"","overlay-gradient":""}},"ast-content-background-meta":{"desktop":{"background-color":"var(--ast-global-color-5)","background-image":"","background-repeat":"repeat","background-position":"center center","background-size":"auto","background-attachment":"scroll","background-type":"","background-media":"","overlay-type":"","overlay-color":"","overlay-opacity":"","overlay-gradient":""},"tablet":{"background-color":"var(--ast-global-color-5)","background-image":"","background-repeat":"repeat","background-position":"center center","background-size":"auto","background-attachment":"scroll","background-type":"","background-media":"","overlay-type":"","overlay-color":"","overlay-opacity":"","overlay-gradient":""},"mobile":{"background-color":"var(--ast-global-color-5)","background-image":"","background-repeat":"repeat","background-position":"center center","background-size":"auto","background-attachment":"scroll","background-type":"","background-media":"","overlay-type":"","overlay-color":"","overlay-opacity":"","overlay-gradient":""}},"footnotes":""},"categories":[1],"tags":[],"class_list":["post-9496","post","type-post","status-publish","format-standard","has-post-thumbnail","hentry","category-noticias"],"_links":{"self":[{"href":"https:\/\/crb1.org.br\/site\/wp-json\/wp\/v2\/posts\/9496","targetHints":{"allow":["GET"]}}],"collection":[{"href":"https:\/\/crb1.org.br\/site\/wp-json\/wp\/v2\/posts"}],"about":[{"href":"https:\/\/crb1.org.br\/site\/wp-json\/wp\/v2\/types\/post"}],"author":[{"embeddable":true,"href":"https:\/\/crb1.org.br\/site\/wp-json\/wp\/v2\/users\/2"}],"replies":[{"embeddable":true,"href":"https:\/\/crb1.org.br\/site\/wp-json\/wp\/v2\/comments?post=9496"}],"version-history":[{"count":0,"href":"https:\/\/crb1.org.br\/site\/wp-json\/wp\/v2\/posts\/9496\/revisions"}],"wp:featuredmedia":[{"embeddable":true,"href":"https:\/\/crb1.org.br\/site\/wp-json\/wp\/v2\/media\/9497"}],"wp:attachment":[{"href":"https:\/\/crb1.org.br\/site\/wp-json\/wp\/v2\/media?parent=9496"}],"wp:term":[{"taxonomy":"category","embeddable":true,"href":"https:\/\/crb1.org.br\/site\/wp-json\/wp\/v2\/categories?post=9496"},{"taxonomy":"post_tag","embeddable":true,"href":"https:\/\/crb1.org.br\/site\/wp-json\/wp\/v2\/tags?post=9496"}],"curies":[{"name":"wp","href":"https:\/\/api.w.org\/{rel}","templated":true}]}}