{"id":9507,"date":"2024-10-31T08:16:28","date_gmt":"2024-10-31T11:16:28","guid":{"rendered":"https:\/\/crb1.org.br\/site\/?p=9507"},"modified":"2024-10-31T08:16:28","modified_gmt":"2024-10-31T11:16:28","slug":"arquivo-publico-do-df-nomeia-bibliotecaria-apos-acao-do-crb-1","status":"publish","type":"post","link":"https:\/\/crb1.org.br\/site\/2024\/10\/arquivo-publico-do-df-nomeia-bibliotecaria-apos-acao-do-crb-1\/","title":{"rendered":"Arquivo P\u00fablico do DF nomeia bibliotec\u00e1ria ap\u00f3s a\u00e7\u00e3o do CRB-1"},"content":{"rendered":"<p data-renderer-start-pos=\"130\"><em data-renderer-mark=\"true\">Joc\u00e9lia Martins tem atuado na institui\u00e7\u00e3o desde agosto de 2024<\/em><\/p>\n<p data-renderer-start-pos=\"204\">No final de 2023, um representante do Arquivo P\u00fablico do Distrito Federal participou de sess\u00e3o plen\u00e1ria de julgamento promovida pelo Conselho Regional de Biblioteconomia- 1\u00aa Regi\u00e3o (CRB-1) em decorr\u00eancia de processo administrativo oriundo do auto de infra\u00e7\u00e3o exarado ap\u00f3s constata\u00e7\u00e3o de aus\u00eancia de profissional bibliotec\u00e1rio na biblioteca mantida pela institui\u00e7\u00e3o.<\/p>\n<p data-renderer-start-pos=\"571\">Na ocasi\u00e3o, o \u00f3rg\u00e3o se comprometeu a sanar a situa\u00e7\u00e3o a partir da nomea\u00e7\u00e3o de um profissional que atendesse aos requisitos. O Plen\u00e1rio do CRB-1 concordou em conceder ao Arquivo um prazo para a solu\u00e7\u00e3o do problema. Finalmente, em julho de 2024, houve a nomea\u00e7\u00e3o da bibliotec\u00e1ria Joc\u00e9lia Martins, uma das aprovadas no concurso para o cargo de Gestora de Pol\u00edticas P\u00fablicas e Gest\u00e3o Governamental (PPGG) \u2014 Especialidade Biblioteconomia, carreira transversal do Governo do Distrito Federal.<\/p>\n<p data-renderer-start-pos=\"1059\">O CRB-1 parabeniza o Arquivo P\u00fablico pela nomea\u00e7\u00e3o da profissional apta a gerir a biblioteca da institui\u00e7\u00e3o e tamb\u00e9m estende \u00e0 Joc\u00e9lia os parab\u00e9ns pela conquista. Coincidentemente, a profissional \u00e9 conselheira da 20\u00aa Gest\u00e3o do Conselho, fun\u00e7\u00e3o que desempenha com louvor.<\/p>\n<p data-renderer-start-pos=\"1331\"><em data-renderer-mark=\"true\"><strong data-renderer-mark=\"true\">Conselho Regional de Biblioteconomia da 1\u00aa Regi\u00e3o<\/strong><\/em><\/p>\n","protected":false},"excerpt":{"rendered":"<p>Joc\u00e9lia Martins tem atuado na institui\u00e7\u00e3o desde agosto de 2024 No final de 2023, um representante do Arquivo P\u00fablico do Distrito Federal participou de sess\u00e3o plen\u00e1ria de julgamento promovida pelo Conselho Regional de Biblioteconomia- 1\u00aa Regi\u00e3o (CRB-1) em decorr\u00eancia de processo administrativo oriundo do auto de infra\u00e7\u00e3o exarado ap\u00f3s constata\u00e7\u00e3o de aus\u00eancia de profissional bibliotec\u00e1rio [&hellip;]<\/p>\n","protected":false},"author":2,"featured_media":9508,"comment_status":"closed","ping_status":"closed","sticky":false,"template":"","format":"standard","meta":{"site-sidebar-layout":"default","site-content-layout":"","ast-site-content-layout":"default","site-content-style":"default","site-sidebar-style":"default","ast-global-header-display":"","ast-banner-title-visibility":"","ast-main-header-display":"","ast-hfb-above-header-display":"","ast-hfb-below-header-display":"","ast-hfb-mobile-header-display":"","site-post-title":"","ast-breadcrumbs-content":"","ast-featured-img":"","footer-sml-layout":"","ast-disable-related-posts":"","theme-transparent-header-meta":"default","adv-header-id-meta":"","stick-header-meta":"","header-above-stick-meta":"","header-main-stick-meta":"","header-below-stick-meta":"","astra-migrate-meta-layouts":"set","ast-page-background-enabled":"default","ast-page-background-meta":{"desktop":{"background-color":"","background-image":"","background-repeat":"repeat","background-position":"center center","background-size":"auto","background-attachment":"scroll","background-type":"","background-media":"","overlay-type":"","overlay-color":"","overlay-opacity":"","overlay-gradient":""},"tablet":{"background-color":"","background-image":"","background-repeat":"repeat","background-position":"center center","background-size":"auto","background-attachment":"scroll","background-type":"","background-media":"","overlay-type":"","overlay-color":"","overlay-opacity":"","overlay-gradient":""},"mobile":{"background-color":"","background-image":"","background-repeat":"repeat","background-position":"center center","background-size":"auto","background-attachment":"scroll","background-type":"","background-media":"","overlay-type":"","overlay-color":"","overlay-opacity":"","overlay-gradient":""}},"ast-content-background-meta":{"desktop":{"background-color":"var(--ast-global-color-5)","background-image":"","background-repeat":"repeat","background-position":"center center","background-size":"auto","background-attachment":"scroll","background-type":"","background-media":"","overlay-type":"","overlay-color":"","overlay-opacity":"","overlay-gradient":""},"tablet":{"background-color":"var(--ast-global-color-5)","background-image":"","background-repeat":"repeat","background-position":"center center","background-size":"auto","background-attachment":"scroll","background-type":"","background-media":"","overlay-type":"","overlay-color":"","overlay-opacity":"","overlay-gradient":""},"mobile":{"background-color":"var(--ast-global-color-5)","background-image":"","background-repeat":"repeat","background-position":"center center","background-size":"auto","background-attachment":"scroll","background-type":"","background-media":"","overlay-type":"","overlay-color":"","overlay-opacity":"","overlay-gradient":""}},"footnotes":""},"categories":[1],"tags":[],"class_list":["post-9507","post","type-post","status-publish","format-standard","has-post-thumbnail","hentry","category-noticias"],"_links":{"self":[{"href":"https:\/\/crb1.org.br\/site\/wp-json\/wp\/v2\/posts\/9507","targetHints":{"allow":["GET"]}}],"collection":[{"href":"https:\/\/crb1.org.br\/site\/wp-json\/wp\/v2\/posts"}],"about":[{"href":"https:\/\/crb1.org.br\/site\/wp-json\/wp\/v2\/types\/post"}],"author":[{"embeddable":true,"href":"https:\/\/crb1.org.br\/site\/wp-json\/wp\/v2\/users\/2"}],"replies":[{"embeddable":true,"href":"https:\/\/crb1.org.br\/site\/wp-json\/wp\/v2\/comments?post=9507"}],"version-history":[{"count":0,"href":"https:\/\/crb1.org.br\/site\/wp-json\/wp\/v2\/posts\/9507\/revisions"}],"wp:featuredmedia":[{"embeddable":true,"href":"https:\/\/crb1.org.br\/site\/wp-json\/wp\/v2\/media\/9508"}],"wp:attachment":[{"href":"https:\/\/crb1.org.br\/site\/wp-json\/wp\/v2\/media?parent=9507"}],"wp:term":[{"taxonomy":"category","embeddable":true,"href":"https:\/\/crb1.org.br\/site\/wp-json\/wp\/v2\/categories?post=9507"},{"taxonomy":"post_tag","embeddable":true,"href":"https:\/\/crb1.org.br\/site\/wp-json\/wp\/v2\/tags?post=9507"}],"curies":[{"name":"wp","href":"https:\/\/api.w.org\/{rel}","templated":true}]}}