{"id":9515,"date":"2024-11-06T10:08:25","date_gmt":"2024-11-06T13:08:25","guid":{"rendered":"https:\/\/crb1.org.br\/site\/?p=9515"},"modified":"2024-11-06T10:08:25","modified_gmt":"2024-11-06T13:08:25","slug":"cronica-vladimir-carvalho-simplicidade-e-conhecimento-por-uma-bibliotecaria","status":"publish","type":"post","link":"https:\/\/crb1.org.br\/site\/2024\/11\/cronica-vladimir-carvalho-simplicidade-e-conhecimento-por-uma-bibliotecaria\/","title":{"rendered":"CR\u00d4NICA &#8211; Vladimir Carvalho &#8211; simplicidade e conhecimento (por uma bibliotec\u00e1ria)"},"content":{"rendered":"<p data-renderer-start-pos=\"86\">Ele n\u00e3o foi apenas um \u201c<em data-renderer-mark=\"true\">Conterr\u00e2neo Velho de Guerra<\/em>\u201d, para muito al\u00e9m, um \u00edcone da cultura brasileira, do cinema e dos movimentos pol\u00edticos e sociais, um s\u00e1bio da simplicidade e agente de ensinamentos.<\/p>\n<p data-renderer-start-pos=\"288\"><strong data-renderer-mark=\"true\">Vladimir Carvalho<\/strong>, com seu biotipo franzino, sorriso aberto, gestos leves e olhos de \u00e1guia &#8211; fez hist\u00f3ria, encantou e comp\u00f4s al\u00e9m de tantas pel\u00edculas formou um raro acervo material e imaterial que nos deixa como um rico legado.<\/p>\n<p data-renderer-start-pos=\"517\">Meu vizinho de estado, pois era paraibano e eu cearense, de SQS (103\/104), de encontros no supermercado, de eventos culturais. Detentor de um esp\u00edrito acolhedor e cordial. Era um homem \u201canal\u00f3gico\u201d, pois ele n\u00e3o era usu\u00e1rio de redes sociais, de e-mails, de WhatsApp, para qu\u00ea? Sua comunica\u00e7\u00e3o verbal, seu olhar, seu saber escutar, j\u00e1 falavam por ele, portanto, n\u00e3o precisava suplicar nada, o universo naturalmente conspirava a seu favor.<\/p>\n<p data-renderer-start-pos=\"955\">Vladimir Carvalho, contava hist\u00f3rias de resist\u00eancias do regime militar reinantes no in\u00edcio da d\u00e9cada de 1970, falava de temores, de horrores, mas, de amizades e de \u201ccausos\u201d tamb\u00e9m. Bem humorado, ele recordava as viv\u00eancias e os desafios das bandas do rock de Bras\u00edlia com quem manteve uma estreita rela\u00e7\u00e3o de conviv\u00eancia e trajet\u00f3ria na produ\u00e7\u00e3o do filme <em data-renderer-mark=\"true\"><strong data-renderer-mark=\"true\">ROCK BRAS\u00cdLIA ERA DE OURO<\/strong><\/em>, do qual ele assim resumiu: \u201cEles cantaram uma gera\u00e7\u00e3o, agora \u00e9 a vez de contar sua hist\u00f3ria\u201d. E assim o fez!\u00a0 \u00a0Um apaixonado pela Universidade de Bras\u00edlia, pelas andan\u00e7as, um contador de hist\u00f3rias, um andarilho da cultura, da paz, do afeto e da gentileza.<\/p>\n<p data-renderer-start-pos=\"1593\">Contou-me minuciosamente a transfer\u00eancia do nosso querido amigo, colega e bibliotec\u00e1rio, ex-professor da UnB, editor, <strong data-renderer-mark=\"true\">Briquet de Lemos<\/strong>. Foi Vladimir Carvalho quem colaborou para que o cap\u00edtulo que escrevi sobre esse ex-diretor do IBICT, sa\u00edsse t\u00e3o bem. Vladimir fez quest\u00e3o de me entregar em m\u00e3os um texto manuscrito e ainda me presenteou com um DVD, vers\u00e3o original do filme sobre o Rock Bras\u00edlia, uma rel\u00edquia que guardo com muito afeto.<\/p>\n<p data-renderer-start-pos=\"2034\">Conhecer seu acervo de imensa preciosidade foi um encanto. Durante uma m\u00e1gica manh\u00e3, viajei em suas mem\u00f3rias guardadas numa casa na W3 Sul, como ele a referenciava, \u201c<em data-renderer-mark=\"true\">em frente ao \u2018Santander Select<\/em>\u201d, foi em sua agrad\u00e1vel companhia que tive o privil\u00e9gio de ouvir de sua sagrada e afinada voz, uma verdadeira aula de hist\u00f3ria e de cinema. Manh\u00e3 especial que ele demonstrou orgulho de sua extensa produ\u00e7\u00e3o cinematogr\u00e1fica, mas, revelou naturalmente, um certo temor em rela\u00e7\u00e3o ao destino daquele raro e precioso patrim\u00f4nio cultural.<\/p>\n<p data-renderer-start-pos=\"2563\">Sua enorme gentileza e humildade somada a tamanha sabedoria e conhecimento, ultrapassava a vaidade do ser humano: Doutor? \u201c<em data-renderer-mark=\"true\">N\u00e3o, eu sou um mestre do cinema, da vida<\/em>\u201d.<\/p>\n<p data-renderer-start-pos=\"2730\">Das tantas coisas boas da vida, sem d\u00favida as mais simples e de simplicidade ele entendia muito bem, ele transmitia em poucas palavras, e assim nos fazia conhec\u00ea-lo melhor e identificar mais alguns de seus in\u00fameros talentos; amante da boa gastronomia, sabia apreciar quem cozinha bem e assim se pronunciou: \u201c<em data-renderer-mark=\"true\">cozinhar \u00e9 uma arte Ana Suely<\/em>\u201d.<\/p>\n<p data-renderer-start-pos=\"3071\">Ensinamentos, foram in\u00fameros: \u201c<em data-renderer-mark=\"true\">Arquivista n\u00e3o, voc\u00ea \u00e9 arquivologista, voc\u00ea fez arquivologia, assim como o economista fez economia<\/em>\u201d. Ficava encantada com cada aula proferida por ele em breves palavras.<\/p>\n<p data-renderer-start-pos=\"3273\">Querido amigo, conterr\u00e2neo, professor, nobre cineasta, desejo que continues a andarilhar em seus sonhos, passeios, paisagens, imagina\u00e7\u00e3o e a construir belezas em outra dimens\u00e3o, com a mesma leveza e luz de uma manh\u00e3 que tanto me encantou e que hoje n\u00e3o passa de uma bela e saudosa recorda\u00e7\u00e3o guardada para sempre em minha mem\u00f3ria afetiva.<\/p>\n<p data-renderer-start-pos=\"3613\">Que o sonho da sua cinemateca se concretize, resplande\u00e7a, encante e transmita suas hist\u00f3rias \u00e0s gera\u00e7\u00f5es vindouras.<\/p>\n<p data-renderer-start-pos=\"3730\">\n<p data-renderer-start-pos=\"3732\"><em data-renderer-mark=\"true\"><strong data-renderer-mark=\"true\">Ana Suely P. Lopes. Dra. em Ci\u00eancias da Informa\u00e7\u00e3o \u2013 jornalismo e estudos midi\u00e1ticos, Mestre em Patrim\u00f4nio Cultural, Bibliotec\u00e1ria, Arquivista e Escritora.<\/strong><\/em><\/p>\n","protected":false},"excerpt":{"rendered":"<p>Ele n\u00e3o foi apenas um \u201cConterr\u00e2neo Velho de Guerra\u201d, para muito al\u00e9m, um \u00edcone da cultura brasileira, do cinema e dos movimentos pol\u00edticos e sociais, um s\u00e1bio da simplicidade e agente de ensinamentos. Vladimir Carvalho, com seu biotipo franzino, sorriso aberto, gestos leves e olhos de \u00e1guia &#8211; fez hist\u00f3ria, encantou e comp\u00f4s al\u00e9m de [&hellip;]<\/p>\n","protected":false},"author":2,"featured_media":9516,"comment_status":"closed","ping_status":"closed","sticky":false,"template":"","format":"standard","meta":{"site-sidebar-layout":"default","site-content-layout":"","ast-site-content-layout":"default","site-content-style":"default","site-sidebar-style":"default","ast-global-header-display":"","ast-banner-title-visibility":"","ast-main-header-display":"","ast-hfb-above-header-display":"","ast-hfb-below-header-display":"","ast-hfb-mobile-header-display":"","site-post-title":"","ast-breadcrumbs-content":"","ast-featured-img":"","footer-sml-layout":"","ast-disable-related-posts":"","theme-transparent-header-meta":"default","adv-header-id-meta":"","stick-header-meta":"","header-above-stick-meta":"","header-main-stick-meta":"","header-below-stick-meta":"","astra-migrate-meta-layouts":"set","ast-page-background-enabled":"default","ast-page-background-meta":{"desktop":{"background-color":"","background-image":"","background-repeat":"repeat","background-position":"center center","background-size":"auto","background-attachment":"scroll","background-type":"","background-media":"","overlay-type":"","overlay-color":"","overlay-opacity":"","overlay-gradient":""},"tablet":{"background-color":"","background-image":"","background-repeat":"repeat","background-position":"center center","background-size":"auto","background-attachment":"scroll","background-type":"","background-media":"","overlay-type":"","overlay-color":"","overlay-opacity":"","overlay-gradient":""},"mobile":{"background-color":"","background-image":"","background-repeat":"repeat","background-position":"center center","background-size":"auto","background-attachment":"scroll","background-type":"","background-media":"","overlay-type":"","overlay-color":"","overlay-opacity":"","overlay-gradient":""}},"ast-content-background-meta":{"desktop":{"background-color":"var(--ast-global-color-5)","background-image":"","background-repeat":"repeat","background-position":"center center","background-size":"auto","background-attachment":"scroll","background-type":"","background-media":"","overlay-type":"","overlay-color":"","overlay-opacity":"","overlay-gradient":""},"tablet":{"background-color":"var(--ast-global-color-5)","background-image":"","background-repeat":"repeat","background-position":"center center","background-size":"auto","background-attachment":"scroll","background-type":"","background-media":"","overlay-type":"","overlay-color":"","overlay-opacity":"","overlay-gradient":""},"mobile":{"background-color":"var(--ast-global-color-5)","background-image":"","background-repeat":"repeat","background-position":"center center","background-size":"auto","background-attachment":"scroll","background-type":"","background-media":"","overlay-type":"","overlay-color":"","overlay-opacity":"","overlay-gradient":""}},"footnotes":""},"categories":[1],"tags":[],"class_list":["post-9515","post","type-post","status-publish","format-standard","has-post-thumbnail","hentry","category-noticias"],"_links":{"self":[{"href":"https:\/\/crb1.org.br\/site\/wp-json\/wp\/v2\/posts\/9515","targetHints":{"allow":["GET"]}}],"collection":[{"href":"https:\/\/crb1.org.br\/site\/wp-json\/wp\/v2\/posts"}],"about":[{"href":"https:\/\/crb1.org.br\/site\/wp-json\/wp\/v2\/types\/post"}],"author":[{"embeddable":true,"href":"https:\/\/crb1.org.br\/site\/wp-json\/wp\/v2\/users\/2"}],"replies":[{"embeddable":true,"href":"https:\/\/crb1.org.br\/site\/wp-json\/wp\/v2\/comments?post=9515"}],"version-history":[{"count":0,"href":"https:\/\/crb1.org.br\/site\/wp-json\/wp\/v2\/posts\/9515\/revisions"}],"wp:featuredmedia":[{"embeddable":true,"href":"https:\/\/crb1.org.br\/site\/wp-json\/wp\/v2\/media\/9516"}],"wp:attachment":[{"href":"https:\/\/crb1.org.br\/site\/wp-json\/wp\/v2\/media?parent=9515"}],"wp:term":[{"taxonomy":"category","embeddable":true,"href":"https:\/\/crb1.org.br\/site\/wp-json\/wp\/v2\/categories?post=9515"},{"taxonomy":"post_tag","embeddable":true,"href":"https:\/\/crb1.org.br\/site\/wp-json\/wp\/v2\/tags?post=9515"}],"curies":[{"name":"wp","href":"https:\/\/api.w.org\/{rel}","templated":true}]}}