{"id":9518,"date":"2024-11-06T17:36:16","date_gmt":"2024-11-06T20:36:16","guid":{"rendered":"https:\/\/crb1.org.br\/site\/?p=9518"},"modified":"2024-11-06T17:41:26","modified_gmt":"2024-11-06T20:41:26","slug":"reuniao-publica-discute-a-situacao-das-bibliotecas-escolares-no-distrito-federal","status":"publish","type":"post","link":"https:\/\/crb1.org.br\/site\/2024\/11\/reuniao-publica-discute-a-situacao-das-bibliotecas-escolares-no-distrito-federal\/","title":{"rendered":"Reuni\u00e3o P\u00fablica Discute a Situa\u00e7\u00e3o das Bibliotecas Escolares no Distrito Federal"},"content":{"rendered":"<p data-renderer-start-pos=\"83\"><em data-renderer-mark=\"true\">Reuni\u00e3o foi proposta pelo Deputado Distrital Gabriel Magno a pedido do Conselho Regional de Biblioteconomia da 1\u00aa Regi\u00e3o (CRB-1)<\/em><\/p>\n<p data-renderer-start-pos=\"215\">Na noite da \u00faltima segunda-feira (4), o Conselho Regional de Biblioteconomia da 1\u00aa Regi\u00e3o (CRB-1) marcou presen\u00e7a na reuni\u00e3o p\u00fablica organizada pela Comiss\u00e3o de Educa\u00e7\u00e3o, Sa\u00fade e Cultura, presidida pelo deputado distrital Gabriel Magno (PT-DF) sob o tema \u201c<em data-renderer-mark=\"true\"><strong data-renderer-mark=\"true\">A aus\u00eancia de bibliotec\u00e1rias(os) nas escolas do DF<\/strong><\/em>\u201d, a fim de discutir a escassez de profissionais da \u00e1rea nas bibliotecas escolares\u00a0 mantidas pela Secretaria de Estado de Educa\u00e7\u00e3o do Distrito Federal (SEEDF). \u00c0 mesa, al\u00e9m do presidente do CRB-1 Johnathan Diniz e do deputado Gabriel, tamb\u00e9m estiveram presentes o presidente do Conselho Federal de Biblioteconomia (CFB), F\u00e1bio Cordeiro, e a diretora do Sindicato dos Professores do Distrito Federal (SINPRO-DF), Elbia Pires de Almeida. A SEEDF tamb\u00e9m foi convidada a participar, mas n\u00e3o enviou representantes.<\/p>\n<p data-renderer-start-pos=\"1032\">Dando in\u00edcio ao debate, o deputado Gabriel Magno apresentou o longo hist\u00f3rico da aus\u00eancia de bibliotec\u00e1rios na rede de ensino p\u00fablico do DF e enfatizou que as bibliotecas, ora mantidas, trazem em seus quadros professores readaptados \u2014 aptos a trabalharem o \u00e2mbito pedag\u00f3gico, mas sem a forma\u00e7\u00e3o necess\u00e1ria para substitu\u00edrem bibliotec\u00e1rios. O parlamentar tamb\u00e9m pontuou que h\u00e1 previs\u00e3o, no projeto de Lei Or\u00e7ament\u00e1ria do DF para 2025, a nomea\u00e7\u00e3o de novos servidores para para a SEEDF, dentre os quais podem ser inclu\u00eddos os 56 bibliotec\u00e1rios aprovados no \u00faltimo concurso para provimento do cargo.<\/p>\n<p data-renderer-start-pos=\"1629\">Por sua vez, o presidente do CRB-1, Johnathan Diniz, elencou o hist\u00f3rico de a\u00e7\u00f5es promovidas pelo Conselho junto ao Governo do Distrito Federal para sanar a quest\u00e3o. Al\u00e9m do di\u00e1logo estabelecido h\u00e1 d\u00e9cadas, que se mostrou infrut\u00edfero, o CRB-1 autuou e julgou a Secretaria de Educa\u00e7\u00e3o pela aus\u00eancia de bibliotec\u00e1rios nas mais de 400 bibliotecas da rede de ensino, impetrou uma representa\u00e7\u00e3o no Tribunal de Contas do Distrito Federal (TCDF), al\u00e9m da apresenta\u00e7\u00e3o de a\u00e7\u00e3o conjunta com o CFB no Minist\u00e9rio P\u00fablico. Por fim, fez o an\u00fancio oficial do lan\u00e7amento da campanha \u201c#<em data-renderer-mark=\"true\"><strong data-renderer-mark=\"true\">SouBibliotecaEscolar<\/strong><\/em>\u201d, mantida pelo Sistema CFB\/CRBs, no Distrito Federal.<\/p>\n<p data-renderer-start-pos=\"2275\">Em sequ\u00eancia, o presidente do CFB, F\u00e1bio Cordeiro, apresentou dados do censo educacional, dando conta que cerca de 40% das bibliotecas pertencentes a escolas p\u00fablicas do Distrito Federal possuem bibliotec\u00e1rias ou auxiliares de biblioteca. O presidente apontou a falibilidade de tais dados, considerando que a SEEDF possui, atualmente, apenas 8 bibliotec\u00e1rios em seu quadro e que auxiliares de bibliotecas n\u00e3o substituem bibliotec\u00e1rios.<\/p>\n<p data-renderer-start-pos=\"2712\">J\u00e1 a representante do SINPRO-DF, \u00c9lbia Almeida, posicionou-se a favor da presen\u00e7a de bibliotec\u00e1rios nas bibliotecas escolares do GDF e refor\u00e7ou que os professores n\u00e3o querem substituir tais profissionais; ambos apresentam fun\u00e7\u00f5es complementares e a comunidade escolar se engrandeceria se houvesse o n\u00famero adequado de bibliotec\u00e1rios na rede de ensino. Colocou-se \u00e0 disposi\u00e7\u00e3o para levar demandas dos profissionais da \u00e1rea aos f\u00f3runs que discutem o ensino p\u00fablico do DF.<\/p>\n<p data-renderer-start-pos=\"3183\">O CRB-1 agradece a participa\u00e7\u00e3o de todos os convidados, \u00e0 plateia formada por diversos bibliotec\u00e1rios aprovados no \u00faltimo concurso para o provimento do cargo na Secretaria de Educa\u00e7\u00e3o, e ao deputado Gabriel Magno, apoiador de causa t\u00e3o relevante para a evolu\u00e7\u00e3o do ensino p\u00fablico do Distrito Federal.<\/p>\n<p data-renderer-start-pos=\"3485\">Assista a Reuni\u00e3o P\u00fablica:<\/p>\n<div class=\"ast-oembed-container \" style=\"height: 100%;\"><iframe title=\"Reuni\u00e3o P\u00fablica - A aus\u00eancia de bibliotec\u00e1rios escolares no Distrito Federal - 19H00 - 04\/11\/2024\" width=\"500\" height=\"281\" src=\"https:\/\/www.youtube.com\/embed\/wR_pYWeB_64?feature=oembed\" frameborder=\"0\" allow=\"accelerometer; autoplay; clipboard-write; encrypted-media; gyroscope; picture-in-picture; web-share\" referrerpolicy=\"strict-origin-when-cross-origin\" allowfullscreen><\/iframe><\/div>\n<p data-renderer-start-pos=\"3567\"><em data-renderer-mark=\"true\"><strong data-renderer-mark=\"true\">Conselho Regional de Biblioteconomia da 1\u00aa Regi\u00e3o<\/strong><\/em><\/p>\n","protected":false},"excerpt":{"rendered":"<p>Reuni\u00e3o foi proposta pelo Deputado Distrital Gabriel Magno a pedido do Conselho Regional de Biblioteconomia da 1\u00aa Regi\u00e3o (CRB-1) Na noite da \u00faltima segunda-feira (4), o Conselho Regional de Biblioteconomia da 1\u00aa Regi\u00e3o (CRB-1) marcou presen\u00e7a na reuni\u00e3o p\u00fablica organizada pela Comiss\u00e3o de Educa\u00e7\u00e3o, Sa\u00fade e Cultura, presidida pelo deputado distrital Gabriel Magno (PT-DF) sob [&hellip;]<\/p>\n","protected":false},"author":2,"featured_media":9519,"comment_status":"closed","ping_status":"closed","sticky":false,"template":"","format":"standard","meta":{"site-sidebar-layout":"default","site-content-layout":"","ast-site-content-layout":"default","site-content-style":"default","site-sidebar-style":"default","ast-global-header-display":"","ast-banner-title-visibility":"","ast-main-header-display":"","ast-hfb-above-header-display":"","ast-hfb-below-header-display":"","ast-hfb-mobile-header-display":"","site-post-title":"","ast-breadcrumbs-content":"","ast-featured-img":"","footer-sml-layout":"","ast-disable-related-posts":"","theme-transparent-header-meta":"default","adv-header-id-meta":"","stick-header-meta":"","header-above-stick-meta":"","header-main-stick-meta":"","header-below-stick-meta":"","astra-migrate-meta-layouts":"set","ast-page-background-enabled":"default","ast-page-background-meta":{"desktop":{"background-color":"","background-image":"","background-repeat":"repeat","background-position":"center center","background-size":"auto","background-attachment":"scroll","background-type":"","background-media":"","overlay-type":"","overlay-color":"","overlay-opacity":"","overlay-gradient":""},"tablet":{"background-color":"","background-image":"","background-repeat":"repeat","background-position":"center center","background-size":"auto","background-attachment":"scroll","background-type":"","background-media":"","overlay-type":"","overlay-color":"","overlay-opacity":"","overlay-gradient":""},"mobile":{"background-color":"","background-image":"","background-repeat":"repeat","background-position":"center center","background-size":"auto","background-attachment":"scroll","background-type":"","background-media":"","overlay-type":"","overlay-color":"","overlay-opacity":"","overlay-gradient":""}},"ast-content-background-meta":{"desktop":{"background-color":"var(--ast-global-color-5)","background-image":"","background-repeat":"repeat","background-position":"center center","background-size":"auto","background-attachment":"scroll","background-type":"","background-media":"","overlay-type":"","overlay-color":"","overlay-opacity":"","overlay-gradient":""},"tablet":{"background-color":"var(--ast-global-color-5)","background-image":"","background-repeat":"repeat","background-position":"center center","background-size":"auto","background-attachment":"scroll","background-type":"","background-media":"","overlay-type":"","overlay-color":"","overlay-opacity":"","overlay-gradient":""},"mobile":{"background-color":"var(--ast-global-color-5)","background-image":"","background-repeat":"repeat","background-position":"center center","background-size":"auto","background-attachment":"scroll","background-type":"","background-media":"","overlay-type":"","overlay-color":"","overlay-opacity":"","overlay-gradient":""}},"footnotes":""},"categories":[1],"tags":[],"class_list":["post-9518","post","type-post","status-publish","format-standard","has-post-thumbnail","hentry","category-noticias"],"_links":{"self":[{"href":"https:\/\/crb1.org.br\/site\/wp-json\/wp\/v2\/posts\/9518","targetHints":{"allow":["GET"]}}],"collection":[{"href":"https:\/\/crb1.org.br\/site\/wp-json\/wp\/v2\/posts"}],"about":[{"href":"https:\/\/crb1.org.br\/site\/wp-json\/wp\/v2\/types\/post"}],"author":[{"embeddable":true,"href":"https:\/\/crb1.org.br\/site\/wp-json\/wp\/v2\/users\/2"}],"replies":[{"embeddable":true,"href":"https:\/\/crb1.org.br\/site\/wp-json\/wp\/v2\/comments?post=9518"}],"version-history":[{"count":0,"href":"https:\/\/crb1.org.br\/site\/wp-json\/wp\/v2\/posts\/9518\/revisions"}],"wp:featuredmedia":[{"embeddable":true,"href":"https:\/\/crb1.org.br\/site\/wp-json\/wp\/v2\/media\/9519"}],"wp:attachment":[{"href":"https:\/\/crb1.org.br\/site\/wp-json\/wp\/v2\/media?parent=9518"}],"wp:term":[{"taxonomy":"category","embeddable":true,"href":"https:\/\/crb1.org.br\/site\/wp-json\/wp\/v2\/categories?post=9518"},{"taxonomy":"post_tag","embeddable":true,"href":"https:\/\/crb1.org.br\/site\/wp-json\/wp\/v2\/tags?post=9518"}],"curies":[{"name":"wp","href":"https:\/\/api.w.org\/{rel}","templated":true}]}}