{"id":9533,"date":"2024-11-12T11:13:06","date_gmt":"2024-11-12T14:13:06","guid":{"rendered":"https:\/\/crb1.org.br\/site\/?p=9533"},"modified":"2024-11-12T11:13:06","modified_gmt":"2024-11-12T14:13:06","slug":"briquet-de-lemos-um-intelectual-e-empreendedor-da-biblioteconomia-por-uma-bibliotecaria","status":"publish","type":"post","link":"https:\/\/crb1.org.br\/site\/2024\/11\/briquet-de-lemos-um-intelectual-e-empreendedor-da-biblioteconomia-por-uma-bibliotecaria\/","title":{"rendered":"Briquet de Lemos: um intelectual e empreendedor da biblioteconomia (por uma bibliotec\u00e1ria)"},"content":{"rendered":"<p data-renderer-start-pos=\"95\"><strong data-renderer-mark=\"true\">Briquet de lemos<\/strong> \u00e9, sem d\u00favida um homem de muitas faces: bibliotec\u00e1rio, editor, professor, livreiro e para al\u00e9m pai de dois membros da banda de rock de Bras\u00edlia. Ele tem uma longa hist\u00f3ria na biblioteconomia de Bras\u00edlia e do Brasil. Com destaque na Universidade de Bras\u00edlia, nas publica\u00e7\u00f5es, na evolu\u00e7\u00e3o tecnol\u00f3gica enquanto diretor do IBICT, ele nunca parou. \u00a0Sua trajet\u00f3ria \u00e9 deverasmente extensa para ser contada numa pequena cr\u00f4nica, mas, farei o poss\u00edvel para descrev\u00ea-lo em poucas e profundas palavras conforme sua ess\u00eancia.<\/p>\n<p data-renderer-start-pos=\"627\">Tive o privil\u00e9gio de conhec\u00ea-lo melhor ap\u00f3s receber um convite pelo caro amigo Milton Shintaku para a elabora\u00e7\u00e3o do cap\u00edtulo de um livro alusivo aos 70 anos do IBICT, a escrever sobre esse ilustre e ex-diretor daquela institui\u00e7\u00e3o.<\/p>\n<p data-renderer-start-pos=\"859\">Escrever sobre Briquet de Lemos \u00e9 juntar as pontas dos meus sonhos de estudante de Biblioteconomia com as pontas de minha vida adulta. Quando entrei no curso de Biblioteconomia da Universidade Federal do Cear\u00e1, em 1981, Briquet de Lemos j\u00e1 era um nome que reluzia e inspirava calouros e veteranos.<\/p>\n<p data-renderer-start-pos=\"1158\">Antonio Agenor Briquet de Lemos \u00e9 um dos mais fecundos autores da Ci\u00eancia da Informa\u00e7\u00e3o no Brasil.\u00a0 Autor de textos fundantes para a constru\u00e7\u00e3o da mem\u00f3ria, da visibilidade e da legitimidade acad\u00eamica na Biblioteconomia. Suas obras cont\u00eam reflex\u00f5es que perpassam v\u00e1rias \u00e1reas do conhecimento. H\u00e1 nele um agudo pensamento cr\u00edtico que se move pelo desejo de superar a in\u00e9rcia e a hesita\u00e7\u00e3o dos profissionais e pesquisadores da \u00e1rea diante do avan\u00e7o das tecnologias de informa\u00e7\u00e3o.<\/p>\n<p data-renderer-start-pos=\"1636\">Natural de Teresina (PI), ele passou a inf\u00e2ncia vendo o pai fabricar livros. Fundou a editora Briquet de Lemos, em parceria com Lucia Villar, sua mulher, tamb\u00e9m bibliotec\u00e1ria, se especializou em um campo at\u00e9 ent\u00e3o n\u00e3o desbravado: o de obras especializadas em biblioteconomia, ci\u00eancia da informa\u00e7\u00e3o e arquivologia, que lhe permitiu traduzir e publicar t\u00edtulos in\u00e9ditos no Brasil.<\/p>\n<p data-renderer-start-pos=\"2016\">Descobri que Briquet \u00e9 tamb\u00e9m poeta, autor de dois t\u00edtulos publicados, O Gesto Desfeito (1987) e Olhar do Sil\u00eancio (1989). O poema que d\u00e1 t\u00edtulo a um dos livros tem ep\u00edgrafe de Shakespeare: Olhar do sil\u00eancio, os quais tive o privil\u00e9gio de acess\u00e1-lo.<\/p>\n<p data-renderer-start-pos=\"2267\">Como amigo, e Professor na UnB Briquet de Lemos conheceu e criou uma amizade com o saudoso amigo e imortal Vladimir Carvalho, que se desdobrou em feitos criativos que comp\u00f5em a hist\u00f3ria de Bras\u00edlia, da UnB, do rock brasiliense e deles mesmos. Um dos mais importantes documentaristas brasileiros assim o descreveu:<\/p>\n<blockquote>\n<p data-renderer-start-pos=\"2583\"><em data-renderer-mark=\"true\">Desde esse momento pude inteirar-me da import\u00e2ncia de Briquet e de sua atua\u00e7\u00e3o no curso de Biblioteconomia da UnB, ao lado de mestres igualmente renomados como Rubem Borba de Morais, Edson Nery da Fonseca e Jo\u00e3o Evangelista de Andrade Filho, todos eles humanistas de carteirinha. E depois como diretor da Editora da UnB, com a mesma profici\u00eancia com se conduziu em sua \u00e1rea de conhecimento, atuando n\u00e3o s\u00f3 no Brasil como em in\u00fameras miss\u00f5es no exterior.<\/em><\/p>\n<\/blockquote>\n<p data-renderer-start-pos=\"3039\">Diante desse conjunto de atributos, torna-se dif\u00edcil resumir o perfil dessa figura p\u00fablica, que faz tudo de mais sagrado que se possa imaginar para contribuir com a evolu\u00e7\u00e3o da academia.\u00a0 Antonio Agenor Briquet de Lemos \u00e9, portanto, um intelectual, uma pessoa culta e que muito se destaca por seus feitos, principalmente, em colabora\u00e7\u00e3o com a comunidade cient\u00edfica. Mostra-se, por meio de sua trajet\u00f3ria, um empreendedor, um vision\u00e1rio, um ente que faz e \u00e9 reverenciado por seu comprometimento com a biblioteconomia e o desenvolvimento da educa\u00e7\u00e3o brasileira. In\u00fameras s\u00e3o as suas refer\u00eancias, sejam elas em mat\u00e9rias impressas, virtuais ou por meio de entrevistas, que trazem em seu bojo sua vasta experi\u00eancia.<\/p>\n<p data-renderer-start-pos=\"3751\">\n<p data-renderer-start-pos=\"3753\">Acesse o e-book <a class=\"css-1rn59kg\" title=\"https:\/\/www.gov.br\/ibict\/pt-br\/acesso-a-informacao\/institucional\/CUNHAorg_Ibict70anosumregatehistricodaquelesquefizeramoinstituto_2023.pdf\" href=\"https:\/\/www.gov.br\/ibict\/pt-br\/acesso-a-informacao\/institucional\/CUNHAorg_Ibict70anosumregatehistricodaquelesquefizeramoinstituto_2023.pdf\" data-testid=\"link-with-safety\" data-renderer-mark=\"true\"><strong data-renderer-mark=\"true\">aqui<\/strong><\/a><strong data-renderer-mark=\"true\">.<\/strong> Para acessar a mat\u00e9ria completa segue refer\u00eancia:<\/p>\n<p data-renderer-start-pos=\"3826\">LOPES, Ana Suely Pinho. Antonio Agenor Briquet de Lemos: um reposit\u00f3rio de saberes e fazimentos. In: CUNHA, Daniela A. P. (org.). <strong data-renderer-mark=\"true\">Ibict 70 anos<\/strong>: um resgate hist\u00f3rico daqueles que fizeram o instituto.\u00a0 Bras\u00edlia, DF:\u00a0 Ibict, 2023. Cap. 6, p. 112-137. DOI:10.22477\/9786589167457.cap6.<\/p>\n<p data-renderer-start-pos=\"4109\">\n<p data-renderer-start-pos=\"4111\"><em data-renderer-mark=\"true\"><strong data-renderer-mark=\"true\">Ana Suely P. Lopes. Dra. em Ci\u00eancias da Informa\u00e7\u00e3o \u2013 jornalismo e estudos midi\u00e1ticos, Mestre em Patrim\u00f4nio Cultural, Bibliotec\u00e1ria, Arquivista e Escritora.<\/strong><\/em><\/p>\n","protected":false},"excerpt":{"rendered":"<p>Briquet de lemos \u00e9, sem d\u00favida um homem de muitas faces: bibliotec\u00e1rio, editor, professor, livreiro e para al\u00e9m pai de dois membros da banda de rock de Bras\u00edlia. Ele tem uma longa hist\u00f3ria na biblioteconomia de Bras\u00edlia e do Brasil. Com destaque na Universidade de Bras\u00edlia, nas publica\u00e7\u00f5es, na evolu\u00e7\u00e3o tecnol\u00f3gica enquanto diretor do IBICT, [&hellip;]<\/p>\n","protected":false},"author":2,"featured_media":9534,"comment_status":"closed","ping_status":"closed","sticky":false,"template":"","format":"standard","meta":{"site-sidebar-layout":"default","site-content-layout":"","ast-site-content-layout":"default","site-content-style":"default","site-sidebar-style":"default","ast-global-header-display":"","ast-banner-title-visibility":"","ast-main-header-display":"","ast-hfb-above-header-display":"","ast-hfb-below-header-display":"","ast-hfb-mobile-header-display":"","site-post-title":"","ast-breadcrumbs-content":"","ast-featured-img":"","footer-sml-layout":"","ast-disable-related-posts":"","theme-transparent-header-meta":"default","adv-header-id-meta":"","stick-header-meta":"","header-above-stick-meta":"","header-main-stick-meta":"","header-below-stick-meta":"","astra-migrate-meta-layouts":"set","ast-page-background-enabled":"default","ast-page-background-meta":{"desktop":{"background-color":"","background-image":"","background-repeat":"repeat","background-position":"center center","background-size":"auto","background-attachment":"scroll","background-type":"","background-media":"","overlay-type":"","overlay-color":"","overlay-opacity":"","overlay-gradient":""},"tablet":{"background-color":"","background-image":"","background-repeat":"repeat","background-position":"center center","background-size":"auto","background-attachment":"scroll","background-type":"","background-media":"","overlay-type":"","overlay-color":"","overlay-opacity":"","overlay-gradient":""},"mobile":{"background-color":"","background-image":"","background-repeat":"repeat","background-position":"center center","background-size":"auto","background-attachment":"scroll","background-type":"","background-media":"","overlay-type":"","overlay-color":"","overlay-opacity":"","overlay-gradient":""}},"ast-content-background-meta":{"desktop":{"background-color":"var(--ast-global-color-5)","background-image":"","background-repeat":"repeat","background-position":"center center","background-size":"auto","background-attachment":"scroll","background-type":"","background-media":"","overlay-type":"","overlay-color":"","overlay-opacity":"","overlay-gradient":""},"tablet":{"background-color":"var(--ast-global-color-5)","background-image":"","background-repeat":"repeat","background-position":"center center","background-size":"auto","background-attachment":"scroll","background-type":"","background-media":"","overlay-type":"","overlay-color":"","overlay-opacity":"","overlay-gradient":""},"mobile":{"background-color":"var(--ast-global-color-5)","background-image":"","background-repeat":"repeat","background-position":"center center","background-size":"auto","background-attachment":"scroll","background-type":"","background-media":"","overlay-type":"","overlay-color":"","overlay-opacity":"","overlay-gradient":""}},"footnotes":""},"categories":[1],"tags":[],"class_list":["post-9533","post","type-post","status-publish","format-standard","has-post-thumbnail","hentry","category-noticias"],"_links":{"self":[{"href":"https:\/\/crb1.org.br\/site\/wp-json\/wp\/v2\/posts\/9533","targetHints":{"allow":["GET"]}}],"collection":[{"href":"https:\/\/crb1.org.br\/site\/wp-json\/wp\/v2\/posts"}],"about":[{"href":"https:\/\/crb1.org.br\/site\/wp-json\/wp\/v2\/types\/post"}],"author":[{"embeddable":true,"href":"https:\/\/crb1.org.br\/site\/wp-json\/wp\/v2\/users\/2"}],"replies":[{"embeddable":true,"href":"https:\/\/crb1.org.br\/site\/wp-json\/wp\/v2\/comments?post=9533"}],"version-history":[{"count":0,"href":"https:\/\/crb1.org.br\/site\/wp-json\/wp\/v2\/posts\/9533\/revisions"}],"wp:featuredmedia":[{"embeddable":true,"href":"https:\/\/crb1.org.br\/site\/wp-json\/wp\/v2\/media\/9534"}],"wp:attachment":[{"href":"https:\/\/crb1.org.br\/site\/wp-json\/wp\/v2\/media?parent=9533"}],"wp:term":[{"taxonomy":"category","embeddable":true,"href":"https:\/\/crb1.org.br\/site\/wp-json\/wp\/v2\/categories?post=9533"},{"taxonomy":"post_tag","embeddable":true,"href":"https:\/\/crb1.org.br\/site\/wp-json\/wp\/v2\/tags?post=9533"}],"curies":[{"name":"wp","href":"https:\/\/api.w.org\/{rel}","templated":true}]}}