{"id":9556,"date":"2024-11-29T13:58:47","date_gmt":"2024-11-29T16:58:47","guid":{"rendered":"https:\/\/crb1.org.br\/site\/?p=9556"},"modified":"2024-12-10T08:40:44","modified_gmt":"2024-12-10T11:40:44","slug":"crb-1-participa-da-cerimonia-de-aniversario-da-biblioteca-do-ministerio-da-saude","status":"publish","type":"post","link":"https:\/\/crb1.org.br\/site\/2024\/11\/crb-1-participa-da-cerimonia-de-aniversario-da-biblioteca-do-ministerio-da-saude\/","title":{"rendered":"CRB-1 participa da cerim\u00f4nia de anivers\u00e1rio da Biblioteca do Minist\u00e9rio da Sa\u00fade"},"content":{"rendered":"<p data-renderer-start-pos=\"133\"><em data-renderer-mark=\"true\">Conselheira do CRB-1, Joc\u00e9lia Martins de OIiveira, prestigiou o evento que contou com a presen\u00e7a do Bibliotec\u00e1rio Briquet de Lemos<\/em><\/p>\n<p data-renderer-start-pos=\"265\">O Conselho Regional de Biblioteconomia da 1\u00aa Regi\u00e3o (CRB-1) esteve presente na cerim\u00f4nia em comemora\u00e7\u00e3o aos 71 anos da Biblioteca do Minist\u00e9rio da Sa\u00fade. Fundada em 1953, a biblioteca desempenha um papel essencial ao oferecer servi\u00e7os de coleta, pesquisa e dissemina\u00e7\u00e3o de informa\u00e7\u00f5es que subsidiam as a\u00e7\u00f5es em sa\u00fade p\u00fablica no Brasil.<\/p>\n<p data-renderer-start-pos=\"602\">O evento foi realizado no dia 25 de novembro de 2024 nas depend\u00eancias da biblioteca, localizada no edif\u00edcio-sede do Minist\u00e9rio da Sa\u00fade, na Esplanada dos Minist\u00e9rios, em Bras\u00edlia (DF). A celebra\u00e7\u00e3o reuniu diversas personalidades e prestou homenagens significativas, incluindo um tributo ao bibliotec\u00e1rio <strong data-renderer-mark=\"true\">Briquet de Lemos<\/strong>, reconhecido por sua contribui\u00e7\u00e3o \u00e0 \u00e1rea. O CRB-1 foi representado pela conselheira <strong data-renderer-mark=\"true\">Joc\u00e9lia Martins de Oliveira,<\/strong> que destacou a import\u00e2ncia da biblioteca para o fortalecimento da biblioteconomia e da pesquisa no pa\u00eds.<\/p>\n<p data-renderer-start-pos=\"1142\">O CRB-1 parabeniza a Biblioteca do Minist\u00e9rio da Sa\u00fade pela excel\u00eancia em seus servi\u00e7os e pela relev\u00e2ncia de sua atua\u00e7\u00e3o, que beneficia tanto a comunidade acad\u00eamica quanto a sociedade em geral, contribuindo significativamente para a promo\u00e7\u00e3o da sa\u00fade p\u00fablica no Brasil.<\/p>\n<p data-renderer-start-pos=\"1413\"><em data-renderer-mark=\"true\"><strong data-renderer-mark=\"true\">Conselho Regional de Biblioteconomia da 1\u00aa Regi\u00e3o<\/strong><\/em><\/p>\n","protected":false},"excerpt":{"rendered":"<p>Conselheira do CRB-1, Joc\u00e9lia Martins de OIiveira, prestigiou o evento que contou com a presen\u00e7a do Bibliotec\u00e1rio Briquet de Lemos O Conselho Regional de Biblioteconomia da 1\u00aa Regi\u00e3o (CRB-1) esteve presente na cerim\u00f4nia em comemora\u00e7\u00e3o aos 71 anos da Biblioteca do Minist\u00e9rio da Sa\u00fade. Fundada em 1953, a biblioteca desempenha um papel essencial ao oferecer [&hellip;]<\/p>\n","protected":false},"author":2,"featured_media":9557,"comment_status":"closed","ping_status":"closed","sticky":false,"template":"","format":"standard","meta":{"site-sidebar-layout":"default","site-content-layout":"","ast-site-content-layout":"default","site-content-style":"default","site-sidebar-style":"default","ast-global-header-display":"","ast-banner-title-visibility":"","ast-main-header-display":"","ast-hfb-above-header-display":"","ast-hfb-below-header-display":"","ast-hfb-mobile-header-display":"","site-post-title":"","ast-breadcrumbs-content":"","ast-featured-img":"","footer-sml-layout":"","ast-disable-related-posts":"","theme-transparent-header-meta":"default","adv-header-id-meta":"","stick-header-meta":"","header-above-stick-meta":"","header-main-stick-meta":"","header-below-stick-meta":"","astra-migrate-meta-layouts":"set","ast-page-background-enabled":"default","ast-page-background-meta":{"desktop":{"background-color":"","background-image":"","background-repeat":"repeat","background-position":"center center","background-size":"auto","background-attachment":"scroll","background-type":"","background-media":"","overlay-type":"","overlay-color":"","overlay-opacity":"","overlay-gradient":""},"tablet":{"background-color":"","background-image":"","background-repeat":"repeat","background-position":"center center","background-size":"auto","background-attachment":"scroll","background-type":"","background-media":"","overlay-type":"","overlay-color":"","overlay-opacity":"","overlay-gradient":""},"mobile":{"background-color":"","background-image":"","background-repeat":"repeat","background-position":"center center","background-size":"auto","background-attachment":"scroll","background-type":"","background-media":"","overlay-type":"","overlay-color":"","overlay-opacity":"","overlay-gradient":""}},"ast-content-background-meta":{"desktop":{"background-color":"var(--ast-global-color-5)","background-image":"","background-repeat":"repeat","background-position":"center center","background-size":"auto","background-attachment":"scroll","background-type":"","background-media":"","overlay-type":"","overlay-color":"","overlay-opacity":"","overlay-gradient":""},"tablet":{"background-color":"var(--ast-global-color-5)","background-image":"","background-repeat":"repeat","background-position":"center center","background-size":"auto","background-attachment":"scroll","background-type":"","background-media":"","overlay-type":"","overlay-color":"","overlay-opacity":"","overlay-gradient":""},"mobile":{"background-color":"var(--ast-global-color-5)","background-image":"","background-repeat":"repeat","background-position":"center center","background-size":"auto","background-attachment":"scroll","background-type":"","background-media":"","overlay-type":"","overlay-color":"","overlay-opacity":"","overlay-gradient":""}},"footnotes":""},"categories":[1],"tags":[],"class_list":["post-9556","post","type-post","status-publish","format-standard","has-post-thumbnail","hentry","category-noticias"],"_links":{"self":[{"href":"https:\/\/crb1.org.br\/site\/wp-json\/wp\/v2\/posts\/9556","targetHints":{"allow":["GET"]}}],"collection":[{"href":"https:\/\/crb1.org.br\/site\/wp-json\/wp\/v2\/posts"}],"about":[{"href":"https:\/\/crb1.org.br\/site\/wp-json\/wp\/v2\/types\/post"}],"author":[{"embeddable":true,"href":"https:\/\/crb1.org.br\/site\/wp-json\/wp\/v2\/users\/2"}],"replies":[{"embeddable":true,"href":"https:\/\/crb1.org.br\/site\/wp-json\/wp\/v2\/comments?post=9556"}],"version-history":[{"count":0,"href":"https:\/\/crb1.org.br\/site\/wp-json\/wp\/v2\/posts\/9556\/revisions"}],"wp:featuredmedia":[{"embeddable":true,"href":"https:\/\/crb1.org.br\/site\/wp-json\/wp\/v2\/media\/9557"}],"wp:attachment":[{"href":"https:\/\/crb1.org.br\/site\/wp-json\/wp\/v2\/media?parent=9556"}],"wp:term":[{"taxonomy":"category","embeddable":true,"href":"https:\/\/crb1.org.br\/site\/wp-json\/wp\/v2\/categories?post=9556"},{"taxonomy":"post_tag","embeddable":true,"href":"https:\/\/crb1.org.br\/site\/wp-json\/wp\/v2\/tags?post=9556"}],"curies":[{"name":"wp","href":"https:\/\/api.w.org\/{rel}","templated":true}]}}