{"id":9559,"date":"2024-11-29T18:00:11","date_gmt":"2024-11-29T21:00:11","guid":{"rendered":"https:\/\/crb1.org.br\/site\/?p=9559"},"modified":"2024-11-29T14:17:30","modified_gmt":"2024-11-29T17:17:30","slug":"descricao-editar-conselheiro-do-crb-1-participa-de-workshop-promovido-pela-ifla-na-america-latina-nas-cidades-de-buenos-aires-argentina-e-santiago-chile","status":"publish","type":"post","link":"https:\/\/crb1.org.br\/site\/2024\/11\/descricao-editar-conselheiro-do-crb-1-participa-de-workshop-promovido-pela-ifla-na-america-latina-nas-cidades-de-buenos-aires-argentina-e-santiago-chile\/","title":{"rendered":"Conselheiro do CRB-1 Participa de Workshop Promovido pela IFLA na Am\u00e9rica Latina nas Cidades de Buenos Aires (Argentina) e Santiago (Chile)"},"content":{"rendered":"<p data-renderer-start-pos=\"142\">Na \u00faltima segunda-feira (25), terminou a participa\u00e7\u00e3o do conselheiro do CRB-1, <em data-renderer-mark=\"true\"><strong data-renderer-mark=\"true\">Raphael Cavalcante<\/strong><\/em>, no Workshop da IFLA sobre a Constru\u00e7\u00e3o de um Campo Bibliotec\u00e1rio Forte e Sustent\u00e1vel na Am\u00e9rica Latina e no Caribe. O evento ocorreu entre os dias 20 e 25 de novembro de 2024, nas cidades de Buenos Aires e Santiago, contando com representantes da IFLA LAC, a divis\u00e3o regional da IFLA que abrange pa\u00edses da Am\u00e9rica Latina e do Caribe.<\/p>\n<p data-renderer-start-pos=\"576\">IFLA \u00e9 a sigla em ingl\u00eas para Federa\u00e7\u00e3o Internacional de Associa\u00e7\u00f5es e Institui\u00e7\u00f5es Bibliotec\u00e1rias, organismo internacional, fundado em 1927, que representa os interesses dos servi\u00e7os de biblioteca e informa\u00e7\u00e3o e dos seus usu\u00e1rios. O evento destacado teve o objetivo de debater como as institui\u00e7\u00f5es e a atua\u00e7\u00e3o profissional bibliotec\u00e1ria podem atingir o m\u00e1ximo potencial para impulsionar mudan\u00e7as positivas em todos os n\u00edveis, agora e no futuro, especialmente a partir de parcerias e de forma coletiva.<\/p>\n<p data-renderer-start-pos=\"1080\">De acordo com Raphael Cavalcante, a oportunidade de participar do evento foi bastante produtiva \u00e0 medida que possibilitou o aprendizado de ferramentas voltadas para a negocia\u00e7\u00e3o com gestores p\u00fablicos e demais atores para o desenvolvimento de bibliotecas. Ademais, o conselheiro tamb\u00e9m pode observar a semelhan\u00e7a entre dificuldades enfrentadas pelo Brasil e por outros pa\u00edses da regi\u00e3o no campo bibliotec\u00e1rio.<\/p>\n<p data-renderer-start-pos=\"1490\">Finalmente, nq sede da ONU, no Chile, Raphael proferiu o discurso transcrito abaixo, relatando um pouco da sua experi\u00eancia:<\/p>\n<blockquote>\n<p data-renderer-start-pos=\"1616\"><em data-renderer-mark=\"true\">\u201cBom dia a todos e todos! Quando comecei a trabalhar na C\u00e2mara dos Deputados, uma das mais importantes institui\u00e7\u00f5es do Brasil, senti a necessidade de devolver aos cidad\u00e3os toda as coisas positivas que a educa\u00e7\u00e3o p\u00fablica havia me possibilitado. E eu poderia fazer isto a partir do meu exerc\u00edcio profissional como bibliotec\u00e1rio. Ent\u00e3o, com o apoio da diretora da Biblioteca da C\u00e2mara, Janice Silveira, participei de uma s\u00e9rie de projetos que descobri depois que se relacionavam \u00e0 Agenda 2030: bibliografias sobre temas sociais como racismo e a quest\u00e3o ind\u00edgena; , biblioteca humana \u2014 uma pr\u00e1tica em que as pessoas narram suas experi\u00eancias de vida, o projeto Biblioteca da C\u00e2mara convida, no qual convidados abordam temas sociais voltados para cidadania \u2014 foi o caso de Catia Lindemann, uma bibliotec\u00e1ria dedicada \u00e0s bibliotecas prisionais. Na minha experi\u00eancia pessoal, o que mais me emocionou foi o convite da editora da C\u00e2mara dos Deputados para poder fazer media\u00e7\u00e3o de leitura para jovens apenadas. No Brasil e em toda a Am\u00e9rica Latina, diante de todas as desigualdades e injusti\u00e7as hist\u00f3ricas, penso que as bibliotecas s\u00f3 fazem sentido se forem voltadas o desenvolvimento social e sustent\u00e1vel. Por fim, gostaria de lembrar o coletivo Liga Bibliotec\u00e1ria, fundado por mim, que me permitiu conhecer bibliotec\u00e1rios fant\u00e1sticos como Gilvanedja Mendes, Andreia Souza da Silva, Ricardo Queiroz, Cida Fernandez e Chico de Paula, que me ensinaram tudo o que sei. Muito obrigado!\u201d<\/em><\/p>\n<\/blockquote>\n<p data-renderer-start-pos=\"3094\">O CRB-1 se orgulha da proje\u00e7\u00e3o alcan\u00e7ada por Raphael Cavalcante e espera que o contato estabelecido pelo bibliotec\u00e1rio junto \u00e0 IFLA possa trazer boas pr\u00e1ticas a serem aplicadas no Centro-Oeste.<\/p>\n<p data-renderer-start-pos=\"3289\"><em data-renderer-mark=\"true\"><strong data-renderer-mark=\"true\">Conselho Regional de Biblioteconomia da 1\u00aa Regi\u00e3o<\/strong><\/em><\/p>\n","protected":false},"excerpt":{"rendered":"<p>Na \u00faltima segunda-feira (25), terminou a participa\u00e7\u00e3o do conselheiro do CRB-1, Raphael Cavalcante, no Workshop da IFLA sobre a Constru\u00e7\u00e3o de um Campo Bibliotec\u00e1rio Forte e Sustent\u00e1vel na Am\u00e9rica Latina e no Caribe. O evento ocorreu entre os dias 20 e 25 de novembro de 2024, nas cidades de Buenos Aires e Santiago, contando com [&hellip;]<\/p>\n","protected":false},"author":2,"featured_media":9561,"comment_status":"closed","ping_status":"closed","sticky":false,"template":"","format":"standard","meta":{"site-sidebar-layout":"default","site-content-layout":"","ast-site-content-layout":"default","site-content-style":"default","site-sidebar-style":"default","ast-global-header-display":"","ast-banner-title-visibility":"","ast-main-header-display":"","ast-hfb-above-header-display":"","ast-hfb-below-header-display":"","ast-hfb-mobile-header-display":"","site-post-title":"","ast-breadcrumbs-content":"","ast-featured-img":"","footer-sml-layout":"","ast-disable-related-posts":"","theme-transparent-header-meta":"default","adv-header-id-meta":"","stick-header-meta":"","header-above-stick-meta":"","header-main-stick-meta":"","header-below-stick-meta":"","astra-migrate-meta-layouts":"set","ast-page-background-enabled":"default","ast-page-background-meta":{"desktop":{"background-color":"","background-image":"","background-repeat":"repeat","background-position":"center center","background-size":"auto","background-attachment":"scroll","background-type":"","background-media":"","overlay-type":"","overlay-color":"","overlay-opacity":"","overlay-gradient":""},"tablet":{"background-color":"","background-image":"","background-repeat":"repeat","background-position":"center center","background-size":"auto","background-attachment":"scroll","background-type":"","background-media":"","overlay-type":"","overlay-color":"","overlay-opacity":"","overlay-gradient":""},"mobile":{"background-color":"","background-image":"","background-repeat":"repeat","background-position":"center center","background-size":"auto","background-attachment":"scroll","background-type":"","background-media":"","overlay-type":"","overlay-color":"","overlay-opacity":"","overlay-gradient":""}},"ast-content-background-meta":{"desktop":{"background-color":"var(--ast-global-color-5)","background-image":"","background-repeat":"repeat","background-position":"center center","background-size":"auto","background-attachment":"scroll","background-type":"","background-media":"","overlay-type":"","overlay-color":"","overlay-opacity":"","overlay-gradient":""},"tablet":{"background-color":"var(--ast-global-color-5)","background-image":"","background-repeat":"repeat","background-position":"center center","background-size":"auto","background-attachment":"scroll","background-type":"","background-media":"","overlay-type":"","overlay-color":"","overlay-opacity":"","overlay-gradient":""},"mobile":{"background-color":"var(--ast-global-color-5)","background-image":"","background-repeat":"repeat","background-position":"center center","background-size":"auto","background-attachment":"scroll","background-type":"","background-media":"","overlay-type":"","overlay-color":"","overlay-opacity":"","overlay-gradient":""}},"footnotes":""},"categories":[1],"tags":[],"class_list":["post-9559","post","type-post","status-publish","format-standard","has-post-thumbnail","hentry","category-noticias"],"_links":{"self":[{"href":"https:\/\/crb1.org.br\/site\/wp-json\/wp\/v2\/posts\/9559","targetHints":{"allow":["GET"]}}],"collection":[{"href":"https:\/\/crb1.org.br\/site\/wp-json\/wp\/v2\/posts"}],"about":[{"href":"https:\/\/crb1.org.br\/site\/wp-json\/wp\/v2\/types\/post"}],"author":[{"embeddable":true,"href":"https:\/\/crb1.org.br\/site\/wp-json\/wp\/v2\/users\/2"}],"replies":[{"embeddable":true,"href":"https:\/\/crb1.org.br\/site\/wp-json\/wp\/v2\/comments?post=9559"}],"version-history":[{"count":0,"href":"https:\/\/crb1.org.br\/site\/wp-json\/wp\/v2\/posts\/9559\/revisions"}],"wp:featuredmedia":[{"embeddable":true,"href":"https:\/\/crb1.org.br\/site\/wp-json\/wp\/v2\/media\/9561"}],"wp:attachment":[{"href":"https:\/\/crb1.org.br\/site\/wp-json\/wp\/v2\/media?parent=9559"}],"wp:term":[{"taxonomy":"category","embeddable":true,"href":"https:\/\/crb1.org.br\/site\/wp-json\/wp\/v2\/categories?post=9559"},{"taxonomy":"post_tag","embeddable":true,"href":"https:\/\/crb1.org.br\/site\/wp-json\/wp\/v2\/tags?post=9559"}],"curies":[{"name":"wp","href":"https:\/\/api.w.org\/{rel}","templated":true}]}}