{"id":9664,"date":"2024-12-13T17:37:03","date_gmt":"2024-12-13T20:37:03","guid":{"rendered":"https:\/\/crb1.org.br\/site\/?p=9664"},"modified":"2024-12-13T17:37:03","modified_gmt":"2024-12-13T20:37:03","slug":"crb-1-realiza-visita-a-sede-da-fundacao-palmares-em-brasilia-df","status":"publish","type":"post","link":"https:\/\/crb1.org.br\/site\/2024\/12\/crb-1-realiza-visita-a-sede-da-fundacao-palmares-em-brasilia-df\/","title":{"rendered":"CRB-1 realiza visita \u00e0 sede da Funda\u00e7\u00e3o Palmares em Bras\u00edlia-DF"},"content":{"rendered":"<p data-renderer-start-pos=\"66\">No dia 06 de dezembro de 2024, o Presidente do CRB-1, Johnathan Diniz, e a Bibliotec\u00e1ria Fiscal, N\u00e1dia Silva, visitaram a sede da Funda\u00e7\u00e3o Cultural Palmares, localizada no Setor de Autarquias Sul, em Bras\u00edlia-DF.<\/p>\n<p data-renderer-start-pos=\"280\">A visita, realizada a convite da Bibliotec\u00e1ria da Funda\u00e7\u00e3o, <strong data-renderer-mark=\"true\">Marcela Costa<\/strong>, incluiu a apresenta\u00e7\u00e3o da <strong data-renderer-mark=\"true\">Biblioteca Oliveira Silveira<\/strong>, um importante s\u00edmbolo da reconstru\u00e7\u00e3o da Palmares e de valoriza\u00e7\u00e3o da cultura afro-brasileira. Sob a lideran\u00e7a de Marcela, o acervo da biblioteca est\u00e1 sendo catalogado com uma nova classifica\u00e7\u00e3o afrocentrada, destacando seu car\u00e1ter especializado. O projeto conta com a parceria da Professora Doutora Franci\u00e9le Gar\u00e7\u00eas, da Universidade Federal de Rond\u00f4nia.<\/p>\n<p data-renderer-start-pos=\"767\">O CRB-1 parabeniza a bibliotec\u00e1ria Marcela Costa pelo trabalho desenvolvido e sa\u00fada a Funda\u00e7\u00e3o Palmares pelo compromisso com a preserva\u00e7\u00e3o da mem\u00f3ria da cultura afro-brasileira.<\/p>\n<p data-renderer-start-pos=\"946\"><em data-renderer-mark=\"true\"><strong data-renderer-mark=\"true\">Conselho Regional de Biblioteconomia da 1\u00aa Regi\u00e3o<\/strong><\/em><\/p>\n","protected":false},"excerpt":{"rendered":"<p>No dia 06 de dezembro de 2024, o Presidente do CRB-1, Johnathan Diniz, e a Bibliotec\u00e1ria Fiscal, N\u00e1dia Silva, visitaram a sede da Funda\u00e7\u00e3o Cultural Palmares, localizada no Setor de Autarquias Sul, em Bras\u00edlia-DF. A visita, realizada a convite da Bibliotec\u00e1ria da Funda\u00e7\u00e3o, Marcela Costa, incluiu a apresenta\u00e7\u00e3o da Biblioteca Oliveira Silveira, um importante s\u00edmbolo [&hellip;]<\/p>\n","protected":false},"author":2,"featured_media":9665,"comment_status":"closed","ping_status":"closed","sticky":false,"template":"","format":"standard","meta":{"site-sidebar-layout":"default","site-content-layout":"","ast-site-content-layout":"default","site-content-style":"default","site-sidebar-style":"default","ast-global-header-display":"","ast-banner-title-visibility":"","ast-main-header-display":"","ast-hfb-above-header-display":"","ast-hfb-below-header-display":"","ast-hfb-mobile-header-display":"","site-post-title":"","ast-breadcrumbs-content":"","ast-featured-img":"","footer-sml-layout":"","ast-disable-related-posts":"","theme-transparent-header-meta":"default","adv-header-id-meta":"","stick-header-meta":"","header-above-stick-meta":"","header-main-stick-meta":"","header-below-stick-meta":"","astra-migrate-meta-layouts":"set","ast-page-background-enabled":"default","ast-page-background-meta":{"desktop":{"background-color":"","background-image":"","background-repeat":"repeat","background-position":"center center","background-size":"auto","background-attachment":"scroll","background-type":"","background-media":"","overlay-type":"","overlay-color":"","overlay-opacity":"","overlay-gradient":""},"tablet":{"background-color":"","background-image":"","background-repeat":"repeat","background-position":"center center","background-size":"auto","background-attachment":"scroll","background-type":"","background-media":"","overlay-type":"","overlay-color":"","overlay-opacity":"","overlay-gradient":""},"mobile":{"background-color":"","background-image":"","background-repeat":"repeat","background-position":"center center","background-size":"auto","background-attachment":"scroll","background-type":"","background-media":"","overlay-type":"","overlay-color":"","overlay-opacity":"","overlay-gradient":""}},"ast-content-background-meta":{"desktop":{"background-color":"var(--ast-global-color-5)","background-image":"","background-repeat":"repeat","background-position":"center center","background-size":"auto","background-attachment":"scroll","background-type":"","background-media":"","overlay-type":"","overlay-color":"","overlay-opacity":"","overlay-gradient":""},"tablet":{"background-color":"var(--ast-global-color-5)","background-image":"","background-repeat":"repeat","background-position":"center center","background-size":"auto","background-attachment":"scroll","background-type":"","background-media":"","overlay-type":"","overlay-color":"","overlay-opacity":"","overlay-gradient":""},"mobile":{"background-color":"var(--ast-global-color-5)","background-image":"","background-repeat":"repeat","background-position":"center center","background-size":"auto","background-attachment":"scroll","background-type":"","background-media":"","overlay-type":"","overlay-color":"","overlay-opacity":"","overlay-gradient":""}},"footnotes":""},"categories":[1],"tags":[],"class_list":["post-9664","post","type-post","status-publish","format-standard","has-post-thumbnail","hentry","category-noticias"],"_links":{"self":[{"href":"https:\/\/crb1.org.br\/site\/wp-json\/wp\/v2\/posts\/9664","targetHints":{"allow":["GET"]}}],"collection":[{"href":"https:\/\/crb1.org.br\/site\/wp-json\/wp\/v2\/posts"}],"about":[{"href":"https:\/\/crb1.org.br\/site\/wp-json\/wp\/v2\/types\/post"}],"author":[{"embeddable":true,"href":"https:\/\/crb1.org.br\/site\/wp-json\/wp\/v2\/users\/2"}],"replies":[{"embeddable":true,"href":"https:\/\/crb1.org.br\/site\/wp-json\/wp\/v2\/comments?post=9664"}],"version-history":[{"count":0,"href":"https:\/\/crb1.org.br\/site\/wp-json\/wp\/v2\/posts\/9664\/revisions"}],"wp:featuredmedia":[{"embeddable":true,"href":"https:\/\/crb1.org.br\/site\/wp-json\/wp\/v2\/media\/9665"}],"wp:attachment":[{"href":"https:\/\/crb1.org.br\/site\/wp-json\/wp\/v2\/media?parent=9664"}],"wp:term":[{"taxonomy":"category","embeddable":true,"href":"https:\/\/crb1.org.br\/site\/wp-json\/wp\/v2\/categories?post=9664"},{"taxonomy":"post_tag","embeddable":true,"href":"https:\/\/crb1.org.br\/site\/wp-json\/wp\/v2\/tags?post=9664"}],"curies":[{"name":"wp","href":"https:\/\/api.w.org\/{rel}","templated":true}]}}