{"id":9875,"date":"2025-01-17T15:43:45","date_gmt":"2025-01-17T18:43:45","guid":{"rendered":"https:\/\/crb1.org.br\/site\/?p=9875"},"modified":"2025-01-17T15:46:51","modified_gmt":"2025-01-17T18:46:51","slug":"voce-conhece-a-historia-do-bibliotecario-rubens-borba-de-moraes-2","status":"publish","type":"post","link":"https:\/\/crb1.org.br\/site\/2025\/01\/voce-conhece-a-historia-do-bibliotecario-rubens-borba-de-moraes-2\/","title":{"rendered":"VOC\u00ca CONHECE A HIST\u00d3RIA DO BIBLIOTEC\u00c1RIO RUBENS BORBA DE MORAES"},"content":{"rendered":"\t\t<div data-elementor-type=\"wp-post\" data-elementor-id=\"9875\" class=\"elementor elementor-9875\" data-elementor-settings=\"{&quot;ha_cmc_init_switcher&quot;:&quot;no&quot;}\" data-elementor-post-type=\"post\">\n\t\t\t\t<div class=\"elementor-element elementor-element-9075afe e-flex e-con-boxed e-con e-parent\" data-id=\"9075afe\" data-element_type=\"container\" data-e-type=\"container\" data-settings=\"{&quot;_ha_eqh_enable&quot;:false}\">\n\t\t\t\t\t<div class=\"e-con-inner\">\n\t\t\t\t<div class=\"elementor-element elementor-element-7984abab elementor-widget elementor-widget-text-editor\" data-id=\"7984abab\" data-element_type=\"widget\" data-e-type=\"widget\" data-widget_type=\"text-editor.default\">\n\t\t\t\t<div class=\"elementor-widget-container\">\n\t\t\t\t\t\t\t\t\t<p data-renderer-start-pos=\"111\"><em data-renderer-mark=\"true\">Conhe\u00e7a um pouco da hist\u00f3ria desse renomado bibliotec\u00e1rio<\/em><\/p><p data-renderer-start-pos=\"172\">\u00a0<\/p><p data-renderer-start-pos=\"172\"><em data-renderer-mark=\"true\"><strong data-renderer-mark=\"true\">Rubens Borba de Moraes<\/strong><\/em> nasceu em Araraquara (SP), em 23 de janeiro de 1899. Estudou Biblioteconomia nos Estados Unidos. Ligou-se ao movimento modernista de S\u00e3o Paulo, tendo participado ativamente e\u00b7 de forma not\u00e1vel da Semana de Arte Moderna de 1922.<\/p><p data-renderer-start-pos=\"424\">De 1936 a 1942 dirigiu a Divis\u00e3o de Bibliotecas do Departamento Municipal de Cultura de S\u00e3o Paulo, tendo promovido a reforma da Biblioteca Municipal e a constru\u00e7\u00e3o de um edif\u00edcio adequado \u00e0 guarda das cole\u00e7\u00f5es que tinham aumentado de forma extraordin\u00e1ria.<\/p><p data-renderer-start-pos=\"681\">Em 1940, fundou o pioneiro Curso de Biblioteconomia da Escola de Sociologia e Pol\u00edtica de S\u00e3o Paulo, que dirigiu durante muitos anos e dele foi professor. Foi um dos fundadores da Associa\u00e7\u00e3o dos Ge\u00f3grafos Brasileiros, da Associa\u00e7\u00e3o Paulista de Bibliotec\u00e1rios e da Sociedade Paulista de Hist\u00f3ria.<\/p><p data-renderer-start-pos=\"978\">Transferiu-se em 1944 para o Rio de Janeiro, onde organizou a Biblioteca do Minist\u00e9rio do Trabalho. Dirigiu a Biblioteca Nacional nos anos de 1945 a 1947. Em 1948, participou nos EUA da I Reuni\u00e3o dos Bibliotec\u00e1rios da Am\u00e9rica, sendo eleito para a Comiss\u00e3o Permanente que ent\u00e3o se criou.<\/p><p data-renderer-start-pos=\"1266\">Em 1954, voltou a Nova Iorque, onde exerceu o cargo de diretor da Biblioteca da ONU at\u00e9 1959, ano em que se aposentou.<\/p><p data-renderer-start-pos=\"1386\">Dirigiu, tamb\u00e9m, a Biblioteca Hist\u00f3rica Brasileira. Foi professor titular e, depois, professor em\u00e9rito da Universidade de Bras\u00edlia. Rubens Borba de Moraes faleceu em Bragan\u00e7a Paulista (SP) no ano de 1986.<\/p><p data-renderer-start-pos=\"1592\"><em data-renderer-mark=\"true\"><strong data-renderer-mark=\"true\">Desde 1987, o CRB-1, confere a Medalha Rubens Borba de Moraes a profissionais de destaque<\/strong><\/em>. Em 2018, o CRB-1 um site contando a hist\u00f3ria deste importante Bibliotec\u00e1rio que impulsionou a Biblioteconomia a n\u00edvel nacional e internacional.<\/p><p data-renderer-start-pos=\"1828\">No ano de 2025 o CRB-1 agraciar\u00e1 com a Medalha Rubens Borba de Moraes \u2013 Honra ao M\u00e9rito do Bibliotec\u00e1rio, profissionais que integram a nossa jurisdi\u00e7\u00e3o.<\/p><p data-renderer-start-pos=\"1982\">Conhe\u00e7a a hist\u00f3ria desse renomado Bibliotec\u00e1rio em: <a class=\"css-1rn59kg\" title=\"http:\/\/crb1.org.br\/mrb\/\" href=\"http:\/\/crb1.org.br\/mrb\/\" data-testid=\"link-with-safety\" data-renderer-mark=\"true\">http:\/\/crb1.org.br\/mrb\/<\/a><\/p><p data-renderer-start-pos=\"2059\"><em data-renderer-mark=\"true\"><strong data-renderer-mark=\"true\">Conselho Regional de Biblioteconomia da 1\u00aa Regi\u00e3o<\/strong><\/em><\/p>\t\t\t\t\t\t\t\t<\/div>\n\t\t\t\t<\/div>\n\t\t\t\t\t<\/div>\n\t\t\t\t<\/div>\n\t\t\t\t<\/div>\n\t\t","protected":false},"excerpt":{"rendered":"<p>Conhe\u00e7a um pouco da hist\u00f3ria desse renomado bibliotec\u00e1rio \u00a0 Rubens Borba de Moraes nasceu em Araraquara (SP), em 23 de janeiro de 1899. Estudou Biblioteconomia nos Estados Unidos. Ligou-se ao movimento modernista de S\u00e3o Paulo, tendo participado ativamente e\u00b7 de forma not\u00e1vel da Semana de Arte Moderna de 1922. De 1936 a 1942 dirigiu a [&hellip;]<\/p>\n","protected":false},"author":2,"featured_media":9876,"comment_status":"closed","ping_status":"closed","sticky":false,"template":"","format":"standard","meta":{"site-sidebar-layout":"default","site-content-layout":"","ast-site-content-layout":"default","site-content-style":"default","site-sidebar-style":"default","ast-global-header-display":"","ast-banner-title-visibility":"","ast-main-header-display":"","ast-hfb-above-header-display":"","ast-hfb-below-header-display":"","ast-hfb-mobile-header-display":"","site-post-title":"","ast-breadcrumbs-content":"","ast-featured-img":"","footer-sml-layout":"","ast-disable-related-posts":"","theme-transparent-header-meta":"default","adv-header-id-meta":"","stick-header-meta":"","header-above-stick-meta":"","header-main-stick-meta":"","header-below-stick-meta":"","astra-migrate-meta-layouts":"set","ast-page-background-enabled":"default","ast-page-background-meta":{"desktop":{"background-color":"","background-image":"","background-repeat":"repeat","background-position":"center center","background-size":"auto","background-attachment":"scroll","background-type":"","background-media":"","overlay-type":"","overlay-color":"","overlay-opacity":"","overlay-gradient":""},"tablet":{"background-color":"","background-image":"","background-repeat":"repeat","background-position":"center center","background-size":"auto","background-attachment":"scroll","background-type":"","background-media":"","overlay-type":"","overlay-color":"","overlay-opacity":"","overlay-gradient":""},"mobile":{"background-color":"","background-image":"","background-repeat":"repeat","background-position":"center center","background-size":"auto","background-attachment":"scroll","background-type":"","background-media":"","overlay-type":"","overlay-color":"","overlay-opacity":"","overlay-gradient":""}},"ast-content-background-meta":{"desktop":{"background-color":"var(--ast-global-color-5)","background-image":"","background-repeat":"repeat","background-position":"center center","background-size":"auto","background-attachment":"scroll","background-type":"","background-media":"","overlay-type":"","overlay-color":"","overlay-opacity":"","overlay-gradient":""},"tablet":{"background-color":"var(--ast-global-color-5)","background-image":"","background-repeat":"repeat","background-position":"center center","background-size":"auto","background-attachment":"scroll","background-type":"","background-media":"","overlay-type":"","overlay-color":"","overlay-opacity":"","overlay-gradient":""},"mobile":{"background-color":"var(--ast-global-color-5)","background-image":"","background-repeat":"repeat","background-position":"center center","background-size":"auto","background-attachment":"scroll","background-type":"","background-media":"","overlay-type":"","overlay-color":"","overlay-opacity":"","overlay-gradient":""}},"footnotes":""},"categories":[1],"tags":[],"class_list":["post-9875","post","type-post","status-publish","format-standard","has-post-thumbnail","hentry","category-noticias"],"_links":{"self":[{"href":"https:\/\/crb1.org.br\/site\/wp-json\/wp\/v2\/posts\/9875","targetHints":{"allow":["GET"]}}],"collection":[{"href":"https:\/\/crb1.org.br\/site\/wp-json\/wp\/v2\/posts"}],"about":[{"href":"https:\/\/crb1.org.br\/site\/wp-json\/wp\/v2\/types\/post"}],"author":[{"embeddable":true,"href":"https:\/\/crb1.org.br\/site\/wp-json\/wp\/v2\/users\/2"}],"replies":[{"embeddable":true,"href":"https:\/\/crb1.org.br\/site\/wp-json\/wp\/v2\/comments?post=9875"}],"version-history":[{"count":0,"href":"https:\/\/crb1.org.br\/site\/wp-json\/wp\/v2\/posts\/9875\/revisions"}],"wp:featuredmedia":[{"embeddable":true,"href":"https:\/\/crb1.org.br\/site\/wp-json\/wp\/v2\/media\/9876"}],"wp:attachment":[{"href":"https:\/\/crb1.org.br\/site\/wp-json\/wp\/v2\/media?parent=9875"}],"wp:term":[{"taxonomy":"category","embeddable":true,"href":"https:\/\/crb1.org.br\/site\/wp-json\/wp\/v2\/categories?post=9875"},{"taxonomy":"post_tag","embeddable":true,"href":"https:\/\/crb1.org.br\/site\/wp-json\/wp\/v2\/tags?post=9875"}],"curies":[{"name":"wp","href":"https:\/\/api.w.org\/{rel}","templated":true}]}}