{"id":9978,"date":"2025-02-06T11:38:00","date_gmt":"2025-02-06T14:38:00","guid":{"rendered":"https:\/\/crb1.org.br\/site\/?p=9978"},"modified":"2025-02-06T11:45:50","modified_gmt":"2025-02-06T14:45:50","slug":"oportunidade","status":"publish","type":"post","link":"https:\/\/crb1.org.br\/site\/2025\/02\/oportunidade\/","title":{"rendered":"Oportunidade &#8211; SESC\/DF est\u00e1 contratando Analista de Cultura: Bibliotec\u00e1ria(o)"},"content":{"rendered":"<p data-renderer-start-pos=\"15\">O Servi\u00e7o Social do Com\u00e9rcio do Distrito Federal (SESC\/DF), est\u00e1 com inscri\u00e7\u00f5es abertas para o Processo Seletivo para o cargo de Analista de Cultura \u2013 Bibliotec\u00e1ria(o) \ud83d\udcd6\ud83d\udcda<\/p>\n<p data-renderer-start-pos=\"189\">Seguem informa\u00e7\u00f5es sobre a oportunidade:<br \/>\n\u2022 Sal\u00e1rio: R$ 6.241,54 (seis mil duzentos e quarenta e um reais e cinquenta e quatro centavos);<br \/>\n\u2022 Carga hor\u00e1ria de trabalho semanal: 40 horas<\/p>\n<p data-renderer-start-pos=\"373\">Requisitos obrigat\u00f3rios<br \/>\n\u2022 Gradua\u00e7\u00e3o Biblioteconomia, reconhecido pelo MEC;<br \/>\n\u2022 Registro no Conselho Regional de Biblioteconomia da 1\u00aa Regi\u00e3o (CRB-1);<br \/>\n\u2022 Experi\u00eancia profissional m\u00ednima de 6 (seis) meses como bibliotec\u00e1rio<\/p>\n<p data-renderer-start-pos=\"593\">Inscri\u00e7\u00f5es: de 05\/02\/2025 a 11\/02\/2025.<br \/>\nTaxa de Inscri\u00e7\u00e3o: R$ 50,00 (cinquenta reais)<br \/>\nValida\u00e7\u00e3o da Inscri\u00e7\u00e3o: Mediante pagamento da taxa de inscri\u00e7\u00e3o, cujo boleto vencer\u00e1 em 12\/02\/2025 e estar\u00e1 dispon\u00edvel para pagamento em at\u00e9 24h \u00fateis ap\u00f3s a inscri\u00e7\u00e3o.<br \/>\nVagas: 1 + Banco de talentos<\/p>\n<p data-renderer-start-pos=\"878\">Para acessar o Descritivo e o Manual do Processo Seletivo, acesse:<br \/>\n<span data-inline-card=\"true\" data-card-url=\"https:\/\/www.sescdf.com.br\/web\/guest\/w\/ps-001\/2025-analista-de-cultura-%7C-abertura-de-processo-seletivo?p_l_back_url=%2Ftrabalhe-conosco&amp;p_l_back_url_title=Trabalhe+conosco\"><span class=\"loader-wrapper\"><span aria-expanded=\"false\" aria-haspopup=\"true\" data-testid=\"hover-card-trigger-wrapper\"><a class=\"css-118vsk3\" tabindex=\"0\" role=\"button\" href=\"https:\/\/www.sescdf.com.br\/web\/guest\/w\/ps-001\/2025-analista-de-cultura-%7C-abertura-de-processo-seletivo?p_l_back_url=%2Ftrabalhe-conosco&amp;p_l_back_url_title=Trabalhe+conosco\" data-testid=\"inline-card-resolved-view\"><span class=\"css-1cwva94\" data-testid=\"inline-card-icon-and-title\"><span class=\"css-1lcr4h8\" data-testid=\"icon-position-wrapper\"><img decoding=\"async\" class=\"smart-link-icon css-1jvuwba\" src=\"https:\/\/www.sescdf.com.br\/o\/sesc-portal-lf7_4-ce-theme\/images\/favicon.ico\" data-testid=\"inline-card-icon-and-title-image\" \/><\/span><span class=\"smart-link-title-wrapper css-0\">PS 001\/2025 Analista de Cultura | Abertura de Processo Seletivo<\/span><\/span><\/a><\/span><\/span><\/span><\/p>\n<p data-renderer-start-pos=\"948\">Para realizar a inscri\u00e7\u00e3o, clique no link a seguir: <span data-inline-card=\"true\" data-card-url=\"http:\/\/www2.sescdf.com.br\/processoseletivo\/common\/\"><span class=\"loader-wrapper\"><span aria-expanded=\"false\" aria-haspopup=\"true\" data-testid=\"hover-card-trigger-wrapper\"><a class=\"css-118vsk3\" tabindex=\"0\" role=\"button\" href=\"http:\/\/www2.sescdf.com.br\/processoseletivo\/common\/\" data-testid=\"inline-card-resolved-view\"><span class=\"css-1cwva94\" data-testid=\"inline-card-icon-and-title\"><span class=\"smart-link-title-wrapper css-0\">Processo Seletivo SESC\/DF<\/span><\/span><\/a><\/span><\/span><\/span><\/p>\n<p data-renderer-start-pos=\"1003\"><strong data-renderer-mark=\"true\">Conselho Regional de Biblioteconomia da 1\u00aa Regi\u00e3o<\/strong><\/p>\n","protected":false},"excerpt":{"rendered":"<p>O Servi\u00e7o Social do Com\u00e9rcio do Distrito Federal (SESC\/DF), est\u00e1 com inscri\u00e7\u00f5es abertas para o Processo Seletivo para o cargo de Analista de Cultura \u2013 Bibliotec\u00e1ria(o) \ud83d\udcd6\ud83d\udcda Seguem informa\u00e7\u00f5es sobre a oportunidade: \u2022 Sal\u00e1rio: R$ 6.241,54 (seis mil duzentos e quarenta e um reais e cinquenta e quatro centavos); \u2022 Carga hor\u00e1ria de trabalho semanal: [&hellip;]<\/p>\n","protected":false},"author":2,"featured_media":9979,"comment_status":"closed","ping_status":"closed","sticky":false,"template":"","format":"standard","meta":{"site-sidebar-layout":"default","site-content-layout":"","ast-site-content-layout":"default","site-content-style":"default","site-sidebar-style":"default","ast-global-header-display":"","ast-banner-title-visibility":"","ast-main-header-display":"","ast-hfb-above-header-display":"","ast-hfb-below-header-display":"","ast-hfb-mobile-header-display":"","site-post-title":"","ast-breadcrumbs-content":"","ast-featured-img":"","footer-sml-layout":"","ast-disable-related-posts":"","theme-transparent-header-meta":"default","adv-header-id-meta":"","stick-header-meta":"","header-above-stick-meta":"","header-main-stick-meta":"","header-below-stick-meta":"","astra-migrate-meta-layouts":"set","ast-page-background-enabled":"default","ast-page-background-meta":{"desktop":{"background-color":"","background-image":"","background-repeat":"repeat","background-position":"center center","background-size":"auto","background-attachment":"scroll","background-type":"","background-media":"","overlay-type":"","overlay-color":"","overlay-opacity":"","overlay-gradient":""},"tablet":{"background-color":"","background-image":"","background-repeat":"repeat","background-position":"center center","background-size":"auto","background-attachment":"scroll","background-type":"","background-media":"","overlay-type":"","overlay-color":"","overlay-opacity":"","overlay-gradient":""},"mobile":{"background-color":"","background-image":"","background-repeat":"repeat","background-position":"center center","background-size":"auto","background-attachment":"scroll","background-type":"","background-media":"","overlay-type":"","overlay-color":"","overlay-opacity":"","overlay-gradient":""}},"ast-content-background-meta":{"desktop":{"background-color":"var(--ast-global-color-5)","background-image":"","background-repeat":"repeat","background-position":"center center","background-size":"auto","background-attachment":"scroll","background-type":"","background-media":"","overlay-type":"","overlay-color":"","overlay-opacity":"","overlay-gradient":""},"tablet":{"background-color":"var(--ast-global-color-5)","background-image":"","background-repeat":"repeat","background-position":"center center","background-size":"auto","background-attachment":"scroll","background-type":"","background-media":"","overlay-type":"","overlay-color":"","overlay-opacity":"","overlay-gradient":""},"mobile":{"background-color":"var(--ast-global-color-5)","background-image":"","background-repeat":"repeat","background-position":"center center","background-size":"auto","background-attachment":"scroll","background-type":"","background-media":"","overlay-type":"","overlay-color":"","overlay-opacity":"","overlay-gradient":""}},"footnotes":""},"categories":[22],"tags":[],"class_list":["post-9978","post","type-post","status-publish","format-standard","has-post-thumbnail","hentry","category-oportunidades"],"_links":{"self":[{"href":"https:\/\/crb1.org.br\/site\/wp-json\/wp\/v2\/posts\/9978","targetHints":{"allow":["GET"]}}],"collection":[{"href":"https:\/\/crb1.org.br\/site\/wp-json\/wp\/v2\/posts"}],"about":[{"href":"https:\/\/crb1.org.br\/site\/wp-json\/wp\/v2\/types\/post"}],"author":[{"embeddable":true,"href":"https:\/\/crb1.org.br\/site\/wp-json\/wp\/v2\/users\/2"}],"replies":[{"embeddable":true,"href":"https:\/\/crb1.org.br\/site\/wp-json\/wp\/v2\/comments?post=9978"}],"version-history":[{"count":0,"href":"https:\/\/crb1.org.br\/site\/wp-json\/wp\/v2\/posts\/9978\/revisions"}],"wp:featuredmedia":[{"embeddable":true,"href":"https:\/\/crb1.org.br\/site\/wp-json\/wp\/v2\/media\/9979"}],"wp:attachment":[{"href":"https:\/\/crb1.org.br\/site\/wp-json\/wp\/v2\/media?parent=9978"}],"wp:term":[{"taxonomy":"category","embeddable":true,"href":"https:\/\/crb1.org.br\/site\/wp-json\/wp\/v2\/categories?post=9978"},{"taxonomy":"post_tag","embeddable":true,"href":"https:\/\/crb1.org.br\/site\/wp-json\/wp\/v2\/tags?post=9978"}],"curies":[{"name":"wp","href":"https:\/\/api.w.org\/{rel}","templated":true}]}}